{"id":412871,"date":"2026-02-23T16:30:11","date_gmt":"2026-02-23T16:30:11","guid":{"rendered":"https:\/\/www.europesays.com\/es\/412871\/"},"modified":"2026-02-23T16:30:11","modified_gmt":"2026-02-23T16:30:11","slug":"ingrid-betancor-influencer-y-mujer-de-ibai-gomez-entre-los-participantes-de-supervivientes","status":"publish","type":"post","link":"https:\/\/www.europesays.com\/es\/412871\/","title":{"rendered":"Ingrid Betancor, influencer y mujer de Ibai G\u00f3mez, entre los participantes de &#8216;Supervivientes&#8217;"},"content":{"rendered":"<p>Ingrid Betancor, periodista, influencer y mujer del exjugador del Athletic Ibai G\u00f3mez, ha anunciado este lunes que ser\u00e1 una de las participantes de &#8216;Supervivientes 2026&#8217;,  &#8230; el programa de Telecinco en el que los concursantes deben superar varios desaf\u00edos, en esta edici\u00f3n en Honduras. Nacida en Las Palmas de Gran Canaria (1985), madre de tres hijos, se ha surmergido en este reto.<\/p>\n<p class=\"v-p\">As\u00ed ha sido su v\u00eddeo de presentaci\u00f3n para el concurso. \u00abHola, soy Ingrid Betancor, periodista y creadora de contenido, y soy nueva concursante de &#8216;Supervivientes 2026&#8217;. Creo que estoy en un momento de mi vida en el que asumir un reto personal es necesario, as\u00ed que afronto esta nueva aventura y experiencia con much\u00edsimas ganas y con much\u00edsima ilusi\u00f3n. Soy una persona muy competitiva a la que le encanta sacar el m\u00e1ximo de cada experiencia y a la que le encanta tambi\u00e9n ponerse a prueba. Mi mayor reto o desaf\u00edo va a ser conmigo misma. Soy una persona a la que le gusta tener todo controlado. Y si hay algo claro en &#8216;Supervivientes&#8217; es que no puedes controlar absolutamente nada. As\u00ed que espero que me acompa\u00f1\u00e9is en esta impresionante aventura, que disfrutemos much\u00edsimo juntos y nos vemos en Honduras\u00bb.<\/p>\n<p class=\"v-p\">La publicaci\u00f3n de Betancor ha recibido el apoyo de varios rostros famosos. Como el de Jessica Bueno, quien tambi\u00e9n pas\u00f3 por este programa. La sevillana, expareja de Paquirr\u00edn, Jota Peleteiro y Luitingo, le ha mostrado sus \u00e1nimos. \u00abVamos @ingridbetancor a por todassss!!!! Me encanta, lo har\u00e1s genial!\u00bb.<\/p>\n<p class=\"v-p\">Tambi\u00e9n Andrea Sesma, con la que este domingo organiz\u00f3 un mercadillo con su ropa en el Silo de Bilbao, se ha asomado a la publicaci\u00f3n para darle un empuj\u00f3n. \u00abS\u00ed, s\u00ed. Que fantas\u00eda. Te vamos a &#8216;apo&#8217; a muerte. Dalo todo!!\u00bb.<\/p>\n<p class=\"v-p\">Con ella, ya son once los concursantes que est\u00e1n confirmados para esta edici\u00f3n. Gabriela Guill\u00e9n, Alberto \u00c1vila, Claudio Chac\u00f3n, Alex de la Croix, Paola Olmedo, Alba Paul, Maica Benedicto, Ivonne Reyes, Marisa Jara, Gerard Arias y Betancor. <\/p>\n","protected":false},"excerpt":{"rendered":"Ingrid Betancor, periodista, influencer y mujer del exjugador del Athletic Ibai G\u00f3mez, ha anunciado este lunes que ser\u00e1&hellip;\n","protected":false},"author":2,"featured_media":412872,"comment_status":"","ping_status":"","sticky":false,"template":"","format":"standard","meta":{"footnotes":""},"categories":[171],"tags":[88387,146,147,25,24,4190,3659,5764,3876,2461,15667,23,3947,214],"class_list":["post-412871","post","type-post","status-publish","format-standard","has-post-thumbnail","category-tv","tag-betancour","tag-entertainment","tag-entretenimiento","tag-es","tag-espana","tag-gomez","tag-ibai","tag-influencer","tag-ingrid","tag-mujer","tag-participantes","tag-spain","tag-supervivientes","tag-tv"],"share_on_mastodon":{"url":"https:\/\/pubeurope.com\/@es\/116120900492057077","error":""},"_links":{"self":[{"href":"https:\/\/www.europesays.com\/es\/wp-json\/wp\/v2\/posts\/412871","targetHints":{"allow":["GET"]}}],"collection":[{"href":"https:\/\/www.europesays.com\/es\/wp-json\/wp\/v2\/posts"}],"about":[{"href":"https:\/\/www.europesays.com\/es\/wp-json\/wp\/v2\/types\/post"}],"author":[{"embeddable":true,"href":"https:\/\/www.europesays.com\/es\/wp-json\/wp\/v2\/users\/2"}],"replies":[{"embeddable":true,"href":"https:\/\/www.europesays.com\/es\/wp-json\/wp\/v2\/comments?post=412871"}],"version-history":[{"count":0,"href":"https:\/\/www.europesays.com\/es\/wp-json\/wp\/v2\/posts\/412871\/revisions"}],"wp:featuredmedia":[{"embeddable":true,"href":"https:\/\/www.europesays.com\/es\/wp-json\/wp\/v2\/media\/412872"}],"wp:attachment":[{"href":"https:\/\/www.europesays.com\/es\/wp-json\/wp\/v2\/media?parent=412871"}],"wp:term":[{"taxonomy":"category","embeddable":true,"href":"https:\/\/www.europesays.com\/es\/wp-json\/wp\/v2\/categories?post=412871"},{"taxonomy":"post_tag","embeddable":true,"href":"https:\/\/www.europesays.com\/es\/wp-json\/wp\/v2\/tags?post=412871"}],"curies":[{"name":"wp","href":"https:\/\/api.w.org\/{rel}","templated":true}]}}