{"id":412928,"date":"2026-02-23T17:13:10","date_gmt":"2026-02-23T17:13:10","guid":{"rendered":"https:\/\/www.europesays.com\/es\/412928\/"},"modified":"2026-02-23T17:13:10","modified_gmt":"2026-02-23T17:13:10","slug":"la-actriz-de-aidita-en-aida-reaparecio-en-telecinco-para-relatar-el-acoso-vivido-tras-la-serie-eran-situaciones-muy-violentas","status":"publish","type":"post","link":"https:\/\/www.europesays.com\/es\/412928\/","title":{"rendered":"La actriz de Aidita en &#8216;A\u00edda&#8217; reapareci\u00f3 en Telecinco para relatar el acoso vivido tras la serie: \u00abEran situaciones muy violentas\u00bb"},"content":{"rendered":"<p class=\"article-text\">\n        <strong>Sanseverina Lazar<\/strong>, conocida por interpretar a Aidita en la m\u00edtica <strong>A\u00edda<\/strong>, reapareci\u00f3 en <strong>Telecinco <\/strong>doce a\u00f1os despu\u00e9s del final de la serie y a ra\u00edz de su retorno a la profesi\u00f3n con la <a href=\"https:\/\/www.eldiario.es\/vertele\/analisis\/aida-vuelta-pelicula-renacer-complejos-reivindica-politicamente-incorrecto-culmina-serie-capitulo-inedito-telecinco-cine_1_12951669.html\" target=\"_blank\" data-mrf-recirculation=\"links-noticia\" class=\"link\" rel=\"nofollow noopener\">pel\u00edcula <\/a><a href=\"https:\/\/www.eldiario.es\/vertele\/analisis\/aida-vuelta-pelicula-renacer-complejos-reivindica-politicamente-incorrecto-culmina-serie-capitulo-inedito-telecinco-cine_1_12951669.html\" target=\"_blank\" data-mrf-recirculation=\"links-noticia\" class=\"link\" rel=\"nofollow noopener\">A\u00edda y vuelta<\/a>. La actriz tom\u00f3 asiento en <strong>Fiesta <\/strong>para conceder una entrevista a <strong>Emma Garc\u00eda<\/strong> este domingo, 22 de febrero, recordando los duros <a href=\"https:\/\/www.eldiario.es\/vertele\/noticias\/sanseverina-lazar-actriz-interpreto-aidita-aida-visibiliza-buylling-sufrio-serie-gente-mala_1_12963983.html\" target=\"_blank\" data-mrf-recirculation=\"links-noticia\" class=\"link\" rel=\"nofollow noopener\">episodios de bullying<\/a> a ra\u00edz de su salto a la fama: \u201cEran situaciones muy violentas\u201d.\n    <\/p>\n<p>    <a href=\"https:\/\/www.eldiario.es\/vertele\/noticias\/sanseverina-lazar-actriz-interpreto-aidita-aida-visibiliza-buylling-sufrio-serie-gente-mala_1_12963983.html\" data-mrf-recirculation=\"saber-mas\" data-dl-event=\"saber-mas\" rel=\"nofollow noopener\" target=\"_blank\"><\/p>\n<p class=\"know-more__title\">Sanseverina Lazar, actriz que interpret\u00f3 a Aidita en &#8216;A\u00edda&#8217;, visibiliza el buylling que sufri\u00f3 por la serie: \u00abLa gente es mala\u00bb<\/p>\n<p>            <img decoding=\"async\" class=\"lazy\" loading=\"lazy\" data-src=\"https:\/\/static.eldiario.es\/clip\/a61513ae-6cc5-45c0-8a51-d8c05f6b29b0_16-9-aspect-ratio_default_0.jpg\" src=\"data:image\/svg+xml,%3Csvg xmlns=\" http:=\"\" viewbox=\"0 0 880 495\" alt=\"Sanseverina Lazar, actriz que interpret\u00f3 a Aidita en 'A\u00edda', visibiliza el buylling que sufri\u00f3 por la serie: &quot;La gente es mala&quot;\"\/><\/p>\n<p>                        <\/a><\/p>\n<p class=\"article-text\">\n        La int\u00e9rprete conoci\u00f3 lo que significa la fama con solo siete a\u00f1os, cuando comenz\u00f3 a dar vida a la hija de Soraya Garc\u00eda en la hist\u00f3rica ficci\u00f3n de Mediaset. Con el paso de los meses, Lazar comenz\u00f3 a sufrir \u201c<strong>cr\u00edticas y ciertas burlas<\/strong>\u201d a ra\u00edz de sus apariciones en televisi\u00f3n: \u201cAl ser tan accesible, [\u2026]<strong> las bromas que se replicaban eran las mismas<\/strong>\u201d. Sin embargo, decidi\u00f3 no compartir con su familia lo que estaba ocurriendo: \u201cLo llev\u00e9 como pude\u201d.\n    <\/p>\n<p class=\"article-text\">\n        Pese a su juventud, tom\u00f3 una decisi\u00f3n: \u201cLo llev\u00e9 conmigo misma. <strong>No quer\u00eda que mis padres se enteraran<\/strong> de nada porque no les quer\u00eda cargar a ellos\u201d. Realmente, Sanseverina Lazar tom\u00f3 conciencia de lo que estaba sufriendo cuando A\u00edda cerr\u00f3 sus puertas; de hecho, enton\u00f3 para s\u00ed misma una reflexi\u00f3n cuando ten\u00eda solo 14 a\u00f1os de edad: &#8216;\u201cSi quiero volver a la televisi\u00f3n tengo que estar bien. <strong>No puedo seguir con fantasmas del pasado<\/strong>&#8216;\u201d.\n    <\/p>\n<p class=\"article-text\">\n        Sus progenitores \u201cviv\u00edan la parte bonita\u201d. De hecho, tomaron conciencia de lo ocurrido en el pasado con motivo del estreno de A\u00edda y vuelta en cines: \u201cHace poco se enteraron, no lo sab\u00edan. Fue con el regreso de la pel\u00edcula. Obviamente, tienes tus miedos del pasado\u201d. Lazar confes\u00f3 su miedo a la recepci\u00f3n de <strong>cr\u00edticas malas hacia su regreso<\/strong> al mundo de la interpretaci\u00f3n: \u201c<strong>Me asustaba<\/strong>\u201d.\n    <\/p>\n<p>            <img decoding=\"async\" class=\"lazy\" loading=\"lazy\" data-src=\"https:\/\/static.eldiario.es\/clip\/791420bd-801b-4813-9e7d-0dc746fb42dc_16-9-discover-aspect-ratio_default_0.jpg\" src=\"data:image\/svg+xml,%3Csvg xmlns=\" http:=\"\" viewbox=\"0 0 1200 675\" alt=\"Sanseverina Lazar, durante su entrevista en 'Fiesta'\"\/><\/p>\n<p>    Sanseverina Lazar se sincer\u00f3 con Emma Garc\u00eda: \u201cCuando eres una ni\u00f1a te da m\u00e1s miedo\u201d<\/p>\n<p class=\"article-text\">\n        La actriz record\u00f3 durante su entrevista en Fiesta algunas vivencias de lo m\u00e1s inc\u00f3modas: \u201cMe paraba mucha gente por la calle. Unos de mejor manera que otros. <strong>Eran situaciones muy violentas<\/strong>, no te lo esperas. Cuando vas por el barrio, andando, a lo mejor escuchas un grito o te enganchan del brazo\u201d. En definitiva, episodios complicados para su edad: \u201cCuando eres una ni\u00f1a te da como <strong>m\u00e1s miedo<\/strong>\u201d.\n    <\/p>\n<p>    <a href=\"https:\/\/www.eldiario.es\/vertele\/noticias\/gh-duo-salvo-nominados-reencontro-cristina-piaget-carlos-lozano-vivir-ultimo-baile_1_13011711.html\" data-mrf-recirculation=\"saber-mas-abajo\" data-dl-event=\"saber-mas-abajo\" rel=\"nofollow noopener\" target=\"_blank\"><\/p>\n<p class=\"know-more__title\">&#8216;GH D\u00fao&#8217; salv\u00f3 a dos nominados y reencontr\u00f3 a Cristina Piaget con Carlos Lozano para vivir su \u00ab\u00faltimo baile\u00bb<\/p>\n<p>            <img decoding=\"async\" class=\"lazy\" loading=\"lazy\" data-src=\"https:\/\/static.eldiario.es\/clip\/a07ef461-6c89-4a37-9eaf-10817f935363_16-9-aspect-ratio_default_0.jpg\" src=\"data:image\/svg+xml,%3Csvg xmlns=\" http:=\"\" viewbox=\"0 0 880 495\" alt=\"'GH D\u00fao' salv\u00f3 a dos nominados y reencontr\u00f3 a Cristina Piaget con Carlos Lozano para vivir su &quot;\u00faltimo baile&quot;\"\/><\/p>\n<p>                        <\/a><\/p>\n<p class=\"article-text\">\n        Con el paso del tiempo, Sanseverina Lazar aprendi\u00f3 a gestionar el peso de la fama de otro modo. Adem\u00e1s, comparti\u00f3 una reflexi\u00f3n con los espectadores para explicar el motivo de su ausencia medi\u00e1tica durante todo este tiempo: \u201cDej\u00e9 de actuar, empec\u00e9 a centrarme en otras cosas. <strong>Yo quer\u00eda seguir<\/strong>, no par\u00e9 porque dijese &#8216;no me apetece&#8217;. <strong>Par\u00e9 porque lo necesitaba<\/strong>. Me quit\u00e9 de todo, redes sociales, todo. Es que ten\u00eda miedo. Y ahora he vuelto\u201d.\n    <\/p>\n","protected":false},"excerpt":{"rendered":"Sanseverina Lazar, conocida por interpretar a Aidita en la m\u00edtica A\u00edda, reapareci\u00f3 en Telecinco doce a\u00f1os despu\u00e9s del&hellip;\n","protected":false},"author":2,"featured_media":412929,"comment_status":"","ping_status":"","sticky":false,"template":"","format":"standard","meta":{"footnotes":""},"categories":[174],"tags":[19530,22045,83355,255,146,147,25,24,256,83354,19652,83353,156,7180,23,692,39493,3447],"class_list":["post-412928","post","type-post","status-publish","format-standard","has-post-thumbnail","category-famosos","tag-acoso","tag-aida","tag-aidita","tag-celebrities","tag-entertainment","tag-entretenimiento","tag-es","tag-espana","tag-famosos","tag-lazar","tag-reaparecio","tag-sanseverina","tag-serie","tag-situaciones","tag-spain","tag-telecinco","tag-violentas","tag-vivido"],"share_on_mastodon":{"url":"https:\/\/pubeurope.com\/@es\/116121069451518700","error":""},"_links":{"self":[{"href":"https:\/\/www.europesays.com\/es\/wp-json\/wp\/v2\/posts\/412928","targetHints":{"allow":["GET"]}}],"collection":[{"href":"https:\/\/www.europesays.com\/es\/wp-json\/wp\/v2\/posts"}],"about":[{"href":"https:\/\/www.europesays.com\/es\/wp-json\/wp\/v2\/types\/post"}],"author":[{"embeddable":true,"href":"https:\/\/www.europesays.com\/es\/wp-json\/wp\/v2\/users\/2"}],"replies":[{"embeddable":true,"href":"https:\/\/www.europesays.com\/es\/wp-json\/wp\/v2\/comments?post=412928"}],"version-history":[{"count":0,"href":"https:\/\/www.europesays.com\/es\/wp-json\/wp\/v2\/posts\/412928\/revisions"}],"wp:featuredmedia":[{"embeddable":true,"href":"https:\/\/www.europesays.com\/es\/wp-json\/wp\/v2\/media\/412929"}],"wp:attachment":[{"href":"https:\/\/www.europesays.com\/es\/wp-json\/wp\/v2\/media?parent=412928"}],"wp:term":[{"taxonomy":"category","embeddable":true,"href":"https:\/\/www.europesays.com\/es\/wp-json\/wp\/v2\/categories?post=412928"},{"taxonomy":"post_tag","embeddable":true,"href":"https:\/\/www.europesays.com\/es\/wp-json\/wp\/v2\/tags?post=412928"}],"curies":[{"name":"wp","href":"https:\/\/api.w.org\/{rel}","templated":true}]}}