{"id":413006,"date":"2026-02-23T18:12:10","date_gmt":"2026-02-23T18:12:10","guid":{"rendered":"https:\/\/www.europesays.com\/es\/413006\/"},"modified":"2026-02-23T18:12:10","modified_gmt":"2026-02-23T18:12:10","slug":"dimite-el-alcalde-de-la-algaba-tras-ser-denunciado-ante-la-fiscalia-por-presunto-acoso-a-un-menor-de-edad","status":"publish","type":"post","link":"https:\/\/www.europesays.com\/es\/413006\/","title":{"rendered":"Dimite el alcalde de La Algaba tras ser denunciado ante la Fiscal\u00eda por presunto acoso a un menor de edad"},"content":{"rendered":"<p class=\"article-text\">\n        El alcalde de la localidad sevillana de La Algaba (Sevilla), Diego Manuel Aguera (PSOE), ha renunciado este lunes a su cargo tras ser denunciado por un empleado municipal ante la Fiscal\u00eda por presunto acoso sexual a un menor de edad de la localidad. A partir de la jornada de este martes, el primer teniente de alcalde, Jos\u00e9 Manuel, ejercer\u00e1 de las funciones de la alcald\u00eda.\n    <\/p>\n<p>    <a href=\"https:\/\/www.eldiario.es\/andalucia\/malaga\/fiscalia-pide-cinco-anos-medio-prision-alcalde-estepona-contratar-amiga-intima-sabiendas-no-trabajaria_1_12940159.html\" data-mrf-recirculation=\"saber-mas\" data-dl-event=\"saber-mas\" rel=\"nofollow noopener\" target=\"_blank\"><\/p>\n<p class=\"know-more__title\">La Fiscal\u00eda pide cinco a\u00f1os y medio de prisi\u00f3n para el alcalde de Estepona por contratar a su \u00abamiga \u00edntima\u00bb \u00aba sabiendas\u00bb de que no trabajar\u00eda<\/p>\n<p>            <img decoding=\"async\" class=\"lazy\" loading=\"lazy\" data-src=\"https:\/\/static.eldiario.es\/clip\/5801d117-9de6-4519-81bc-861ff3334be6_16-9-aspect-ratio_default_0.jpg\" src=\"data:image\/svg+xml,%3Csvg xmlns=\" http:=\"\" viewbox=\"0 0 880 495\" alt=\"La Fiscal\u00eda pide cinco a\u00f1os y medio de prisi\u00f3n para el alcalde de Estepona por contratar a su &quot;amiga \u00edntima&quot; &quot;a sabiendas&quot; de que no trabajar\u00eda\"\/><\/p>\n<p>                        <\/a><\/p>\n<p class=\"article-text\">\n        \u201cHe decidido hacer un par\u00e9ntesis en mi vida pol\u00edtica para poder defenderme de las graves acusaciones de este empleado y os anuncio mi renuncia por unos meses como alcalde de La Algaba para as\u00ed poder dedicarme plenamente a mi defensa\u201d, ha indicado el mismo Aguera a trav\u00e9s de un comunicado tras 14 a\u00f1os en el cargo, en el que ha incidido en que este empleado habr\u00eda \u201cmalignamente interpretado una conversaci\u00f3n\u201d.\n    <\/p>\n<p class=\"article-text\">\n        \u201cComo entender\u00e9is, esta denuncia p\u00fablica ha provocado una indignaci\u00f3n m\u00e1s que razonable no solo en mi, tambi\u00e9n en mi familia, en mis amigos y miles de algabe\u00f1os que as\u00ed me lo han hecho saber a trav\u00e9s de mensajes y llamadas\u201d, ha expresado el edil. Asimismo, ha asegurado que ha denunciado este hecho \u201cante la justicia\u201d por \u201catentar\u201d contra su \u201cderecho al honor\u201d.\n    <\/p>\n<p class=\"article-text\">\n        La dimisi\u00f3n se produce a ra\u00edz de la denuncia presentada por el que fuera director de la Escuela Taurina de La Algaba Manuel Carbonell, que fue derivada la pasada semana a la Fiscal\u00eda de Criminalidad Inform\u00e1tica, \u00f3rgano especializado del Ministerio P\u00fablico que podr\u00e1 acordar las diligencias que procedan para el esclarecimiento de los hechos denunciados.\n    <\/p>\n","protected":false},"excerpt":{"rendered":"El alcalde de la localidad sevillana de La Algaba (Sevilla), Diego Manuel Aguera (PSOE), ha renunciado este lunes&hellip;\n","protected":false},"author":2,"featured_media":413007,"comment_status":"","ping_status":"","sticky":false,"template":"","format":"standard","meta":{"footnotes":""},"categories":[5],"tags":[19530,1201,37346,17,18,36602,2334,1387,25,24,13,14,4767,11,19,20,2126,9,10,15,16,15039,23,12,21,22],"class_list":["post-413006","post","type-post","status-publish","format-standard","has-post-thumbnail","category-titulares","tag-acoso","tag-alcalde","tag-algaba","tag-breaking-news","tag-breakingnews","tag-denunciado","tag-dimite","tag-edad","tag-es","tag-espana","tag-featured-news","tag-featurednews","tag-fiscalia","tag-headlines","tag-latest-news","tag-latestnews","tag-menor","tag-news","tag-noticias","tag-noticias-destacadas","tag-noticiasdestacadas","tag-presunto","tag-spain","tag-titulares","tag-ultimas-noticias","tag-ultimasnoticias"],"share_on_mastodon":{"url":"https:\/\/pubeurope.com\/@es\/116121301466673291","error":""},"_links":{"self":[{"href":"https:\/\/www.europesays.com\/es\/wp-json\/wp\/v2\/posts\/413006","targetHints":{"allow":["GET"]}}],"collection":[{"href":"https:\/\/www.europesays.com\/es\/wp-json\/wp\/v2\/posts"}],"about":[{"href":"https:\/\/www.europesays.com\/es\/wp-json\/wp\/v2\/types\/post"}],"author":[{"embeddable":true,"href":"https:\/\/www.europesays.com\/es\/wp-json\/wp\/v2\/users\/2"}],"replies":[{"embeddable":true,"href":"https:\/\/www.europesays.com\/es\/wp-json\/wp\/v2\/comments?post=413006"}],"version-history":[{"count":0,"href":"https:\/\/www.europesays.com\/es\/wp-json\/wp\/v2\/posts\/413006\/revisions"}],"wp:featuredmedia":[{"embeddable":true,"href":"https:\/\/www.europesays.com\/es\/wp-json\/wp\/v2\/media\/413007"}],"wp:attachment":[{"href":"https:\/\/www.europesays.com\/es\/wp-json\/wp\/v2\/media?parent=413006"}],"wp:term":[{"taxonomy":"category","embeddable":true,"href":"https:\/\/www.europesays.com\/es\/wp-json\/wp\/v2\/categories?post=413006"},{"taxonomy":"post_tag","embeddable":true,"href":"https:\/\/www.europesays.com\/es\/wp-json\/wp\/v2\/tags?post=413006"}],"curies":[{"name":"wp","href":"https:\/\/api.w.org\/{rel}","templated":true}]}}