{"id":413227,"date":"2026-02-23T21:11:19","date_gmt":"2026-02-23T21:11:19","guid":{"rendered":"https:\/\/www.europesays.com\/es\/413227\/"},"modified":"2026-02-23T21:11:19","modified_gmt":"2026-02-23T21:11:19","slug":"rtve-desvela-su-programacion-especial-por-los-premios-goya-2026-con-tres-peliculas-espanolas-alrededor-de-la-gala","status":"publish","type":"post","link":"https:\/\/www.europesays.com\/es\/413227\/","title":{"rendered":"RTVE desvela su programaci\u00f3n especial por los Premios Goya 2026, con tres pel\u00edculas espa\u00f1olas alrededor de la gala"},"content":{"rendered":"<p class=\"article-text\">\n        <strong>RTVE <\/strong>se prepara para uno de sus grandes eventos anuales de programaci\u00f3n:<strong> los Premios Goya<\/strong>. Tras la celebraci\u00f3n del <a href=\"https:\/\/www.eldiario.es\/vertele\/analisis\/benidorm-fest-2026-rtve-luces-sombras-eleva-calidad-pierde-audiencia-interes-eurovision-reto-2027_1_12993842.html\" target=\"_blank\" data-mrf-recirculation=\"links-noticia\" class=\"link\" rel=\"nofollow noopener\">Benidorm Fest 2026<\/a>, la cadena p\u00fablica se centra en la gran cita de nuestro cine y ha anunciado c\u00f3mo va a ser la<strong> programaci\u00f3n especial<\/strong> que ofrecer\u00e1 el pr\u00f3ximo <strong>s\u00e1bado 28 de febrero <\/strong>alrededor de la gala, que presentar\u00e1n en directo en <strong>La 1<\/strong> la artista <strong>Rigoberta Bandini <\/strong>y el actor <strong>Luis Tosar<\/strong>.\n    <\/p>\n<p>    <a href=\"https:\/\/www.eldiario.es\/vertele\/noticias\/rtve-premia-ines-hernand-programa-propio-nuevo-canal-streaming-parrilla-en-play_1_13008566.html\" data-mrf-recirculation=\"saber-mas\" data-dl-event=\"saber-mas\" rel=\"nofollow noopener\" target=\"_blank\"><\/p>\n<p class=\"know-more__title\">RTVE premia a In\u00e9s Hernand con un programa propio en su nuevo canal de streaming: as\u00ed es la parrilla de En Play<\/p>\n<p>            <img decoding=\"async\" class=\"lazy\" loading=\"lazy\" data-src=\"https:\/\/static.eldiario.es\/clip\/78332380-3091-4af0-bf9f-2b5b359bbdfd_16-9-aspect-ratio_default_0.jpg\" src=\"data:image\/svg+xml,%3Csvg xmlns=\" http:=\"\" viewbox=\"0 0 880 495\" alt=\"RTVE premia a In\u00e9s Hernand con un programa propio en su nuevo canal de streaming: as\u00ed es la parrilla de En Play\"\/><\/p>\n<p>                        <\/a><\/p>\n<p class=\"article-text\">\n        El plato fuerte ser\u00e1, como decimos, la gran gala de los Goya 2026, que se podr\u00e1 ver en la cadena p\u00fablica a partir de las <strong>22:00 horas<\/strong> y en la que se conocer\u00e1n las pel\u00edculas e int\u00e9rpretes ganadores, de los que puedes hacer <a href=\"https:\/\/porra.eldiario.es\/goya\/2026\" target=\"_blank\" data-mrf-recirculation=\"links-noticia\" class=\"link\" rel=\"nofollow noopener\">tu propia porra en elDiario.es<\/a>. Sin embargo, tanto antes como despu\u00e9s La 1 emitir\u00e1 una selecci\u00f3n de cine que ya ha desvelado en una promo, y a la que dedicar\u00e1 <strong>toda la tarde y noche<\/strong> desde que acabe la primera edici\u00f3n del Telediario hasta la madrugada.\n    <\/p>\n<p class=\"article-text\">\n        Las pel\u00edculas elegidas para este d\u00eda especial del cine espa\u00f1ol son <strong>Campeonex <\/strong>(2023), secuela de la premiada cinta de Javier Fesser protagonizada por <strong>Javier Guti\u00e9rrez<\/strong>;<strong> Thi Mai: rumbo a Vietnam<\/strong> (2017), comeda de Patricia Ferreira protagonizada por <strong>Carmen Machi, Dani Rovira, Adriana Ozores y Aitana S\u00e1nchez-Gij\u00f3n<\/strong>; y<strong> Cinco lobitos <\/strong>(2022), drama de<strong> Alauda Ruiz de Az\u00faa<\/strong> con<strong> Laia Costa y Susi S\u00e1nchez<\/strong> al frente del reparto.\n    <\/p>\n<p class=\"article-text\">\n        Adem\u00e1s, La 1 tambi\u00e9n emitir\u00e1 en directo, a partir de las 19:25h, la<strong> alfombra roja de los Goya<\/strong>, con el desfile de las estrellas del cine. Los horarios ser\u00e1n los siguientes:\n    <\/p>\n<ul>\n<li>15:55h &#8211; Campeonex<\/li>\n<li>17:25h &#8211; Thi Mai: rumbo a Vietnam<\/li>\n<li>19:25h &#8211; Alfombra roja de los Goya<\/li>\n<li>22:00h &#8211; Gala de los Premios Goya 2026<\/li>\n<li>A continuaci\u00f3n &#8211; Cinco lobitos<\/li>\n<\/ul>\n<blockquote class=\"twitter-tweet\" data-lang=\"es\"><p><a href=\"https:\/\/twitter.com\/X\/status\/2025857817790357629?ref_src=twsrc%5Etfw\" rel=\"nofollow noopener\" target=\"_blank\"><\/p><\/blockquote>\n<p>    <strong>Las actuaciones musicales de la gala de los Goya en La 1<\/strong><\/p>\n<p class=\"article-text\">\n        Adem\u00e1s, este mismo lunes tambi\u00e9n hemos conocido m\u00e1s detalles de la gala televisiva, como por ejemplo qui\u00e9nes ser\u00e1n <strong>los artistas<\/strong> que protagonizar\u00e1n los n\u00fameros musicales de la noche.\n    <\/p>\n<p>    <a href=\"https:\/\/www.eldiario.es\/vertele\/audiencias-tv\/domingo-22-febrero-2026-anatomia-de-un-instante-triunfa-principio-fin-la-1-eclipsa-una-nueva-vida-gh-duo_1_13011900.html\" data-mrf-recirculation=\"saber-mas-abajo\" data-dl-event=\"saber-mas-abajo\" rel=\"nofollow noopener\" target=\"_blank\"><\/p>\n<p class=\"know-more__title\">&#8216;Anatom\u00eda de un instante&#8217; (15%) triunfa de principio a fin en La 1 y eclipsa a &#8216;Una nueva vida&#8217; (10.4%) y &#8216;GH D\u00fao&#8217; (9.5%)\n<\/p>\n<p>            <img decoding=\"async\" class=\"lazy\" loading=\"lazy\" data-src=\"https:\/\/static.eldiario.es\/clip\/aa6b2047-4ce4-43d1-9f8f-590ad421632d_16-9-aspect-ratio_default_0.jpg\" src=\"data:image\/svg+xml,%3Csvg xmlns=\" http:=\"\" viewbox=\"0 0 880 495\" alt=\"'Anatom\u00eda de un instante' (15%) triunfa de principio a fin en La 1 y eclipsa a 'Una nueva vida' (10.4%) y 'GH D\u00fao' (9.5%)\"\/><\/p>\n<p>                        <\/a><\/p>\n<p class=\"article-text\">\n        La gala de la 40\u00aa edici\u00f3n contar\u00e1 con las actuaciones musicales de\u00a0<strong>Bel\u00e9n Aguilera, Bad Gyal, Dani Fern\u00e1ndez, La Casa Azul, Ana Mena, Alba Molina<\/strong>\u00a0y<strong>\u00a0\u00c1ngeles Toledano<\/strong>. La cantante, compositora, actriz y presentadora de la cita,\u00a0<strong>Rigoberta Bandini<\/strong>, tambi\u00e9n se subir\u00e1 al escenario para actuar, en una ceremonia que contar\u00e1 con presencia de talento catal\u00e1n en todos los momentos musicales.\n    <\/p>\n<p>                                        <script async src=\"https:\/\/platform.twitter.com\/widgets.js\" charset=\"utf-8\"><\/script><\/p>\n","protected":false},"excerpt":{"rendered":"RTVE se prepara para uno de sus grandes eventos anuales de programaci\u00f3n: los Premios Goya. Tras la celebraci\u00f3n&hellip;\n","protected":false},"author":2,"featured_media":413228,"comment_status":"","ping_status":"","sticky":false,"template":"","format":"standard","meta":{"footnotes":""},"categories":[91],"tags":[3076,19390,4083,146,147,25,24,9767,12608,1649,3980,753,532,8485,518,23,603],"class_list":["post-413227","post","type-post","status-publish","format-standard","has-post-thumbnail","category-entretenimiento","tag-3076","tag-alrededor","tag-desvela","tag-entertainment","tag-entretenimiento","tag-es","tag-espana","tag-espanolas","tag-especial","tag-gala","tag-goya","tag-peliculas","tag-premios","tag-programacion","tag-rtve","tag-spain","tag-tres"],"share_on_mastodon":{"url":"https:\/\/pubeurope.com\/@es\/116122005379524912","error":""},"_links":{"self":[{"href":"https:\/\/www.europesays.com\/es\/wp-json\/wp\/v2\/posts\/413227","targetHints":{"allow":["GET"]}}],"collection":[{"href":"https:\/\/www.europesays.com\/es\/wp-json\/wp\/v2\/posts"}],"about":[{"href":"https:\/\/www.europesays.com\/es\/wp-json\/wp\/v2\/types\/post"}],"author":[{"embeddable":true,"href":"https:\/\/www.europesays.com\/es\/wp-json\/wp\/v2\/users\/2"}],"replies":[{"embeddable":true,"href":"https:\/\/www.europesays.com\/es\/wp-json\/wp\/v2\/comments?post=413227"}],"version-history":[{"count":0,"href":"https:\/\/www.europesays.com\/es\/wp-json\/wp\/v2\/posts\/413227\/revisions"}],"wp:featuredmedia":[{"embeddable":true,"href":"https:\/\/www.europesays.com\/es\/wp-json\/wp\/v2\/media\/413228"}],"wp:attachment":[{"href":"https:\/\/www.europesays.com\/es\/wp-json\/wp\/v2\/media?parent=413227"}],"wp:term":[{"taxonomy":"category","embeddable":true,"href":"https:\/\/www.europesays.com\/es\/wp-json\/wp\/v2\/categories?post=413227"},{"taxonomy":"post_tag","embeddable":true,"href":"https:\/\/www.europesays.com\/es\/wp-json\/wp\/v2\/tags?post=413227"}],"curies":[{"name":"wp","href":"https:\/\/api.w.org\/{rel}","templated":true}]}}