{"id":413322,"date":"2026-02-23T22:25:14","date_gmt":"2026-02-23T22:25:14","guid":{"rendered":"https:\/\/www.europesays.com\/es\/413322\/"},"modified":"2026-02-23T22:25:14","modified_gmt":"2026-02-23T22:25:14","slug":"la-crisis-de-los-pocholos-fuerza-al-pp-de-ayuso-a-reestructurar-el-grupo-en-la-asamblea-de-madrid","status":"publish","type":"post","link":"https:\/\/www.europesays.com\/es\/413322\/","title":{"rendered":"La crisis de &#8216;los Pocholos&#8217; fuerza al PP de Ayuso a reestructurar el grupo en la Asamblea de Madrid"},"content":{"rendered":"<p class=\"article-text\">\n        La diputada del PP Ainhoa Garc\u00eda ser\u00e1 la nueva portavoz adjunta del PP en la Asamblea de Madrid e Isabel Vega ostentar\u00e1 la Secretar\u00eda General del Grupo Parlamentario Popular. As\u00ed se desprende de la reestructuraci\u00f3n del Grupo que han trasladado a los medios de comunicaci\u00f3n desde el PP y en la que se mantienen en sus cargos el portavoz, Carlos D\u00edaz-Pache, y el portavoz adjunto Rafael N\u00fa\u00f1ez adem\u00e1s de la Presidencia y Vicepresidencia, que se mantienen en la presidenta de la Comunidad, Isabel D\u00edaz Ayuso, y el secretario general del PP-M y senador, Alfonso Serrano.\n    <\/p>\n<p>    <a href=\"https:\/\/www.eldiario.es\/madrid\/gobierno-ayuso-dio-siete-contratos-publicos-dedo-amigo-guru-lider-pocholos_1_13005341.html\" data-mrf-recirculation=\"saber-mas\" data-dl-event=\"saber-mas\" rel=\"nofollow noopener\" target=\"_blank\"><\/p>\n<p class=\"know-more__title\">El Gobierno de Ayuso dio siete contratos p\u00fablicos a dedo a su amigo y gur\u00fa, el l\u00edder de los &#8216;Pocholos&#8217;<\/p>\n<p>            <img decoding=\"async\" class=\"lazy\" loading=\"lazy\" data-src=\"https:\/\/static.eldiario.es\/clip\/f178747f-23ff-4cae-af95-c0e3e29652a9_16-9-aspect-ratio_default_0.jpg\" src=\"data:image\/svg+xml,%3Csvg xmlns=\" http:=\"\" viewbox=\"0 0 880 495\" alt=\"El Gobierno de Ayuso dio siete contratos p\u00fablicos a dedo a su amigo y gur\u00fa, el l\u00edder de los 'Pocholos'\"\/><\/p>\n<p>                        <\/a><\/p>\n<p class=\"article-text\">\n        Las modificaciones entrar\u00e1n en vigor la pr\u00f3xima semana y supondr\u00e1n la salida de Elisa Vigil de la Direcci\u00f3n del Grupo tras ser sustituida por Ainhoa Garc\u00eda, portavoz de la Comisi\u00f3n de Vigilancia de las Contrataciones. El secretario general del GPP dejar\u00e1 de ser Jos\u00e9 Virgilio Men\u00e9ndez y asumir\u00e1 esta responsabilidad la hasta ahora coordinadora territorial Isabel Vega. En la coordinaci\u00f3n de comisiones se ha situado a Esther Platero \u2013portavoz en la comisi\u00f3n de Asuntos Sociales\u2013 y dejar\u00e1 de ejercer esta funci\u00f3n Ignacio Catal\u00e1.\n    <\/p>\n<p class=\"article-text\">\n        La coordinadora territorial ser\u00e1 la vicepresidenta de la Asamblea y vicesecretaria de Organizaci\u00f3n del PP-M, Ana Mill\u00e1n, en sustituci\u00f3n de Isabel Vega. Por \u00faltimo, el hasta ahora secretario general del GPP pasar\u00e1 a ser coordinador institucional, posici\u00f3n de Ana Mill\u00e1n hasta el momento.\n    <\/p>\n<p>    <a href=\"https:\/\/www.eldiario.es\/madrid\/auge-caida-pocholos-grupo-ayuso-confio-presupuesto-7-000-millones_1_13003901.html\" data-mrf-recirculation=\"saber-mas-abajo\" data-dl-event=\"saber-mas-abajo\" rel=\"nofollow noopener\" target=\"_blank\"><\/p>\n<p class=\"know-more__title\">Auge y ca\u00edda de los Pocholos, el grupo al que Ayuso confi\u00f3 un presupuesto de 7.000 millones<\/p>\n<p>            <img decoding=\"async\" class=\"lazy\" loading=\"lazy\" data-src=\"https:\/\/static.eldiario.es\/clip\/a2a7a8a9-e073-4c70-b0c5-ab81df9eacff_16-9-aspect-ratio_default_0.jpg\" src=\"data:image\/svg+xml,%3Csvg xmlns=\" http:=\"\" viewbox=\"0 0 880 495\" alt=\"Auge y ca\u00edda de los Pocholos, el grupo al que Ayuso confi\u00f3 un presupuesto de 7.000 millones\"\/><\/p>\n<p>                        <\/a><\/p>\n<p class=\"article-text\">\n        Los cambios se producen despu\u00e9s de que la pasada semana Ayuso cesara al ya exconsejero de Educaci\u00f3n, Emilio Viciana, que provoc\u00f3 una cadena de dimisiones del conocido como el clan de<a href=\"https:\/\/www.eldiario.es\/madrid\/auge-caida-pocholos-grupo-ayuso-confio-presupuesto-7-000-millones_1_13003901.html\" target=\"_blank\" data-mrf-recirculation=\"links-noticia\" class=\"link\" rel=\"nofollow noopener\"> &#8216;los Pocholos&#8217;<\/a> que controlaba esa \u00e1rea auton\u00f3mica. Dos directores generales se fueron a las pocas horas: el responsable de Universidades, Nicolas Javier Casas y la de Educaci\u00f3n Secundaria, Formaci\u00f3n Profesional y R\u00e9gimen Especial, Mar\u00eda Luz Rodr\u00edguez de Lera.\u00a0Tambi\u00e9n dimitieron los diputados Pablo Posse, M\u00f3nica Lav\u00edn y Carlota Pasar\u00f3n.\n    <\/p>\n","protected":false},"excerpt":{"rendered":"La diputada del PP Ainhoa Garc\u00eda ser\u00e1 la nueva portavoz adjunta del PP en la Asamblea de Madrid&hellip;\n","protected":false},"author":2,"featured_media":413323,"comment_status":"","ping_status":"","sticky":false,"template":"","format":"standard","meta":{"footnotes":""},"categories":[5],"tags":[19345,6984,17,18,4170,25,24,13,14,8720,100,11,19,20,205,9,10,15,16,88434,956,88435,23,12,21,22],"class_list":["post-413322","post","type-post","status-publish","format-standard","has-post-thumbnail","category-titulares","tag-asamblea","tag-ayuso","tag-breaking-news","tag-breakingnews","tag-crisis","tag-es","tag-espana","tag-featured-news","tag-featurednews","tag-fuerza","tag-grupo","tag-headlines","tag-latest-news","tag-latestnews","tag-madrid","tag-news","tag-noticias","tag-noticias-destacadas","tag-noticiasdestacadas","tag-pocholos","tag-pp","tag-reestructurar","tag-spain","tag-titulares","tag-ultimas-noticias","tag-ultimasnoticias"],"share_on_mastodon":{"url":"https:\/\/pubeurope.com\/@es\/116122296296431296","error":""},"_links":{"self":[{"href":"https:\/\/www.europesays.com\/es\/wp-json\/wp\/v2\/posts\/413322","targetHints":{"allow":["GET"]}}],"collection":[{"href":"https:\/\/www.europesays.com\/es\/wp-json\/wp\/v2\/posts"}],"about":[{"href":"https:\/\/www.europesays.com\/es\/wp-json\/wp\/v2\/types\/post"}],"author":[{"embeddable":true,"href":"https:\/\/www.europesays.com\/es\/wp-json\/wp\/v2\/users\/2"}],"replies":[{"embeddable":true,"href":"https:\/\/www.europesays.com\/es\/wp-json\/wp\/v2\/comments?post=413322"}],"version-history":[{"count":0,"href":"https:\/\/www.europesays.com\/es\/wp-json\/wp\/v2\/posts\/413322\/revisions"}],"wp:featuredmedia":[{"embeddable":true,"href":"https:\/\/www.europesays.com\/es\/wp-json\/wp\/v2\/media\/413323"}],"wp:attachment":[{"href":"https:\/\/www.europesays.com\/es\/wp-json\/wp\/v2\/media?parent=413322"}],"wp:term":[{"taxonomy":"category","embeddable":true,"href":"https:\/\/www.europesays.com\/es\/wp-json\/wp\/v2\/categories?post=413322"},{"taxonomy":"post_tag","embeddable":true,"href":"https:\/\/www.europesays.com\/es\/wp-json\/wp\/v2\/tags?post=413322"}],"curies":[{"name":"wp","href":"https:\/\/api.w.org\/{rel}","templated":true}]}}