{"id":413460,"date":"2026-02-24T00:13:13","date_gmt":"2026-02-24T00:13:13","guid":{"rendered":"https:\/\/www.europesays.com\/es\/413460\/"},"modified":"2026-02-24T00:13:13","modified_gmt":"2026-02-24T00:13:13","slug":"salvaron-la-amputacion-de-mi-pierna","status":"publish","type":"post","link":"https:\/\/www.europesays.com\/es\/413460\/","title":{"rendered":"\u00abSalvaron la amputaci\u00f3n de mi pierna\u00bb"},"content":{"rendered":"<p style=\"\"><a href=\"https:\/\/www.abc.es\/deportes\/juegos-olimpicos-invierno\/lindsey-vonn-somete-cuarta-operacion-afrontar-dos-20260213221041-nt.html\" target=\"_self\" data-voc-vtm-id=\"in-text-traffic\" title=\"Lindsey Vonn\" data-mrf-link=\"www.abc.es\" rel=\"nofollow noopener\">Lindsey Vonn<\/a> ha revelado que estuvo a punto de perder la pierna izquierda a causa de la terrible ca\u00edda que sufri\u00f3 durante el descenso femenino de los Juegos Ol\u00edmpicos de Mil\u00e1n-Cortina, el pasado 8 de febrero. La esquiadora de Minnesota se salv\u00f3 de  &#8230; la amputaci\u00f3n gracias a la actuaci\u00f3n del m\u00e9dico de la selecci\u00f3n estadounidense, Tom Hackett, tras realizarle una fasciotom\u00eda. \u00abAbri\u00f3 ambos lados de mi pierna. Por as\u00ed decirlo la filete\u00f3 para que respirara. Y me salv\u00f3 de la amputaci\u00f3n\u00bb, explica Vonn en un v\u00eddeo en las redes sociales poco despu\u00e9s de recibir el alta hospitalaria.<\/p>\n<p class=\"v-d-p\" style=\"\">Vonn, de 41 a\u00f1os, explica que la ca\u00edda que sufri\u00f3 <a href=\"https:\/\/www.abc.es\/deportes\/juegos-olimpicos-invierno\/desafio-logica-lindsey-vonn-acaba-tragedia-grave-20260208121528-nt.html\" target=\"_self\" data-voc-vtm-id=\"in-text-traffic\" title=\"tras golpear una de las banderas\" data-mrf-link=\"www.abc.es\" rel=\"nofollow noopener\">tras golpear una de las banderas<\/a> del recorrido le provoc\u00f3 un s\u00edndrome compartimental, una afecci\u00f3n en la que un traumatismo excesivo en una zona del cuerpo le genera presi\u00f3n dentro de un grupo de m\u00fasculos, reduciendo el flujo sangu\u00edneo. La campeona ol\u00edmpica se rompi\u00f3 la tibia, la cabeza del peron\u00e9 y la meseta tibial, adem\u00e1s del tobillo derecho. Qued\u00f3 tendida sobre la nieve, gritando de dolor, en una de las im\u00e1genes m\u00e1s impactantes de los Juegos.<\/p>\n<p class=\"v-d-p\" style=\"\">Tras el accidente fue trasladada a un hospital en Treviso, donde fue intervenida hasta en cuatro ocasiones antes de su traslado a Estados Unidos. Seg\u00fan dijo, pas\u00f3 d\u00edas con la \u00abhemoglobina muy baja\u00bb por toda la p\u00e9rdida de sangre de las cirug\u00edas, lo que oblig\u00f3 a hacerle una transfusi\u00f3n, y estaba sufriendo mucho mientras su dolor estaba \u00abfuera de control\u00bb.<\/p>\n<ul class=\"v-cmp-rld__u\">\n<li class=\"v-cmp-rld__l\">\n<p><a class=\"v-a-lnk\" href=\"http:\/\/www.abc.es\/deportes\/juegos-olimpicos-invierno\/mikaela-shiffrin-recupera-esplendor-campeona-olimpica-ocho-20260218195029-nt.html#vtm_modulosEngag=noticiasrelacionadas-cmp-uno:deportes:noticia:1\" title=\"Mikaela Shiffrin recupera el esplendor: campeona ol\u00edmpica ocho a\u00f1os despu\u00e9s\" data-voc-vtm-id=\"in-text-traffic\" rel=\"nofollow noopener\" target=\"_blank\"><br \/>\n<img decoding=\"async\" loading=\"lazy\" src=\"https:\/\/www.europesays.com\/es\/wp-content\/uploads\/2026\/02\/shiffrin-afp-U01056865017KYt-366x256@diario_abc.jpg\" class=\"v-a-img\" width=\"258\" height=\"180\" alt=\"Mikaela Shiffrin recupera el esplendor: campeona ol\u00edmpica ocho a\u00f1os despu\u00e9s\"\/><br \/>\n<\/a><\/p>\n<p class=\"v-a-p-t\">\nJuegos Ol\u00edmpicos de Invierno\n<\/p>\n<\/li>\n<\/ul>\n<p class=\"v-d-p\" style=\"\">Despu\u00e9s de su salida del hospital, Lindsey Vonn tendr\u00e1 que iniciar un largo proceso de rehabilitaci\u00f3n que se extender\u00e1, aproximadamente por un a\u00f1o hasta que los huesos de su pierna izquierda sanen por completo. La pesadilla a\u00fan no habr\u00e1 terminado ah\u00ed. Una vez alcance ese punto, tendr\u00e1 que decidir si vuelve al quir\u00f3fano para reconstruir el ligamento cruzado anterior de su rodilla, el que se rompi\u00f3 una semana antes del debut ol\u00edmpico en <a href=\"https:\/\/www.abc.es\/deportes\/lindsay-vonn-evacuada-helicoptero-tras-dura-caida-20260130170007-nt.html\" target=\"_self\" data-voc-vtm-id=\"in-text-traffic\" title=\"Crans Montana\" data-mrf-link=\"www.abc.es\" rel=\"nofollow noopener\">Crans Montana<\/a>, durante una prueba de la Copa del Mundo.<\/p>\n<p class=\"v-d-p\" style=\"\">\u00abVoy a ponerme a trabajar de inmediato en la rehabilitaci\u00f3n y ver qu\u00e9 puedo hacer, yendo paso a paso, como siempre hago\u00bb, explic\u00f3 la esquiadora. \u00abPero ha sido&#8230; no puedo decirles lo doloroso que ha sido. Ha sido realmente dif\u00edcil. Y definitivamente no era la forma en que quer\u00eda terminar mis Juegos Ol\u00edmpicos\u00bb.<\/p>\n","protected":false},"excerpt":{"rendered":"Lindsey Vonn ha revelado que estuvo a punto de perder la pierna izquierda a causa de la terrible&hellip;\n","protected":false},"author":2,"featured_media":413461,"comment_status":"","ping_status":"","sticky":false,"template":"","format":"standard","meta":{"footnotes":""},"categories":[93],"tags":[65133,168,25,24,3345,84318,31565,5150,88452,23,167,84319],"class_list":["post-413460","post","type-post","status-publish","format-standard","has-post-thumbnail","category-deportes","tag-amputacion","tag-deportes","tag-es","tag-espana","tag-hospital","tag-lindsey","tag-pierna","tag-sale","tag-salvaron","tag-spain","tag-sports","tag-vonn"],"share_on_mastodon":{"url":"https:\/\/pubeurope.com\/@es\/116122721433243174","error":""},"_links":{"self":[{"href":"https:\/\/www.europesays.com\/es\/wp-json\/wp\/v2\/posts\/413460","targetHints":{"allow":["GET"]}}],"collection":[{"href":"https:\/\/www.europesays.com\/es\/wp-json\/wp\/v2\/posts"}],"about":[{"href":"https:\/\/www.europesays.com\/es\/wp-json\/wp\/v2\/types\/post"}],"author":[{"embeddable":true,"href":"https:\/\/www.europesays.com\/es\/wp-json\/wp\/v2\/users\/2"}],"replies":[{"embeddable":true,"href":"https:\/\/www.europesays.com\/es\/wp-json\/wp\/v2\/comments?post=413460"}],"version-history":[{"count":0,"href":"https:\/\/www.europesays.com\/es\/wp-json\/wp\/v2\/posts\/413460\/revisions"}],"wp:featuredmedia":[{"embeddable":true,"href":"https:\/\/www.europesays.com\/es\/wp-json\/wp\/v2\/media\/413461"}],"wp:attachment":[{"href":"https:\/\/www.europesays.com\/es\/wp-json\/wp\/v2\/media?parent=413460"}],"wp:term":[{"taxonomy":"category","embeddable":true,"href":"https:\/\/www.europesays.com\/es\/wp-json\/wp\/v2\/categories?post=413460"},{"taxonomy":"post_tag","embeddable":true,"href":"https:\/\/www.europesays.com\/es\/wp-json\/wp\/v2\/tags?post=413460"}],"curies":[{"name":"wp","href":"https:\/\/api.w.org\/{rel}","templated":true}]}}