{"id":413551,"date":"2026-02-24T01:20:10","date_gmt":"2026-02-24T01:20:10","guid":{"rendered":"https:\/\/www.europesays.com\/es\/413551\/"},"modified":"2026-02-24T01:20:10","modified_gmt":"2026-02-24T01:20:10","slug":"leire-martinez-da-punch-electropop-junto-a-miranda-jenesaispop-com","status":"publish","type":"post","link":"https:\/\/www.europesays.com\/es\/413551\/","title":{"rendered":"Leire Mart\u00ednez da punch electropop junto a Miranda! \u2013 jenesaispop.com"},"content":{"rendered":"<p>Al escuchar los singles de \u2018<a href=\"https:\/\/jenesaispop.com\/2025\/12\/09\/512646\/leire-martinez-disco\/\" rel=\"nofollow noopener\" target=\"_blank\">Historias de aquella ni\u00f1a<\/a>\u2018, el debut en solitario de Leire Mart\u00ednez, y al atender sus intervenciones en entrevistas o como jurado de Operaci\u00f3n Triunfo, se entiende muy poco que Mart\u00ednez no ocupara un papel mucho m\u00e1s protagonista dentro de La Oreja de Van Gogh. Ahora que no le ha quedado m\u00e1s remedio que empezar una carrera en solitario, descubrimos a una artista con cosas que decir.<\/p>\n<p>El debut de Leire la transforma en \u00abmujer del pop\u00bb, y esa ha sido la atenci\u00f3n, como ella misma est\u00e1 explicando en entrevistas. Ah\u00ed entran singles como \u2018<a href=\"https:\/\/jenesaispop.com\/2025\/04\/14\/497011\/leire-martinez-nombre-critica\/\" rel=\"nofollow noopener\" target=\"_blank\">Mi nombre<\/a>\u2018, toda una declaraci\u00f3n de intenciones, o \u2018El ruido\u2019, que sube la apuesta y presenta el disco ya publicado.<\/p>\n<p>\u2018El ruido\u2019 al\u00eda a Mart\u00ednez con Miranda!, el popular d\u00fao argentino capitaneado por Alejandro Sergi y Juliana Gattas, que acaba de competir en Benidorm Fest. <a href=\"https:\/\/jenesaispop.com\/2026\/02\/15\/516831\/benidorm-fest-final-cronica-quinta-edicion\/\" rel=\"nofollow noopener\" target=\"_blank\">No han ganado<\/a>, pero s\u00ed han firmado, junto a bailamam\u00e1, por el momento, la <a href=\"https:\/\/jenesaispop.com\/2026\/01\/05\/514094\/miranda-bailamama-critica\/\" rel=\"nofollow noopener\" target=\"_blank\">canci\u00f3n m\u00e1s escuchada<\/a> de la edici\u00f3n.<\/p>\n<p>\u2018El ruido\u2019 hace tambi\u00e9n alusi\u00f3n al \u201crenacimiento\u201d de Mart\u00ednez, literalmente, en la frase \u00abvuelvo a nacer\u00bb contenida en el estribillo. Es una canci\u00f3n sobre caer y aprender de los errores, aunque \u00abduela\u00bb, y sobre aprender a creer en una misma, como describe el verso interpretado por Miranda!: \u00abUna coraza pa\u2019 disimular \/ Que no me cre\u00eda bastante \/ Cuando lo ten\u00eda delante \/ Siempre estuvo ah\u00ed, tan dentro de m\u00ed\u00bb.<\/p>\n<p>La contundente producci\u00f3n, firmada por Pablo Rouss y Pedro Elipe Navarro, entre otros, sit\u00faa a Leire en un contexto electr\u00f3nico pr\u00f3ximo al synth-pop m\u00e1s \u201crobynesco\u201d o en general escandinavo. La composici\u00f3n tiene dos caras: a unas estrofas electr\u00f3nicamente estilizadas y casi rob\u00f3ticas, interpretadas por Miranda!, les sigue un estribillo de puro pop-rock ya bastante corriente, en el que Leire toma las riendas, mientras el d\u00fao argentino pasa a un segundo plano.<\/p>\n","protected":false},"excerpt":{"rendered":"Al escuchar los singles de \u2018Historias de aquella ni\u00f1a\u2018, el debut en solitario de Leire Mart\u00ednez, y al&hellip;\n","protected":false},"author":2,"featured_media":413552,"comment_status":"","ping_status":"","sticky":false,"template":"","format":"standard","meta":{"footnotes":""},"categories":[170],"tags":[146,147,25,24,36729,9126,184,185,23],"class_list":["post-413551","post","type-post","status-publish","format-standard","has-post-thumbnail","category-musica","tag-entertainment","tag-entretenimiento","tag-es","tag-espana","tag-leire-martinez","tag-miranda","tag-music","tag-musica","tag-spain"],"share_on_mastodon":{"url":"https:\/\/pubeurope.com\/@es\/116122984450344162","error":""},"_links":{"self":[{"href":"https:\/\/www.europesays.com\/es\/wp-json\/wp\/v2\/posts\/413551","targetHints":{"allow":["GET"]}}],"collection":[{"href":"https:\/\/www.europesays.com\/es\/wp-json\/wp\/v2\/posts"}],"about":[{"href":"https:\/\/www.europesays.com\/es\/wp-json\/wp\/v2\/types\/post"}],"author":[{"embeddable":true,"href":"https:\/\/www.europesays.com\/es\/wp-json\/wp\/v2\/users\/2"}],"replies":[{"embeddable":true,"href":"https:\/\/www.europesays.com\/es\/wp-json\/wp\/v2\/comments?post=413551"}],"version-history":[{"count":0,"href":"https:\/\/www.europesays.com\/es\/wp-json\/wp\/v2\/posts\/413551\/revisions"}],"wp:featuredmedia":[{"embeddable":true,"href":"https:\/\/www.europesays.com\/es\/wp-json\/wp\/v2\/media\/413552"}],"wp:attachment":[{"href":"https:\/\/www.europesays.com\/es\/wp-json\/wp\/v2\/media?parent=413551"}],"wp:term":[{"taxonomy":"category","embeddable":true,"href":"https:\/\/www.europesays.com\/es\/wp-json\/wp\/v2\/categories?post=413551"},{"taxonomy":"post_tag","embeddable":true,"href":"https:\/\/www.europesays.com\/es\/wp-json\/wp\/v2\/tags?post=413551"}],"curies":[{"name":"wp","href":"https:\/\/api.w.org\/{rel}","templated":true}]}}