{"id":413794,"date":"2026-02-24T04:50:14","date_gmt":"2026-02-24T04:50:14","guid":{"rendered":"https:\/\/www.europesays.com\/es\/413794\/"},"modified":"2026-02-24T04:50:14","modified_gmt":"2026-02-24T04:50:14","slug":"identificada-la-molecula-iniciadora-de-la-toxicidad-cutanea-causada-por-la-radioterapia","status":"publish","type":"post","link":"https:\/\/www.europesays.com\/es\/413794\/","title":{"rendered":"Identificada la mol\u00e9cula iniciadora de la toxicidad cut\u00e1nea causada por la radioterapia"},"content":{"rendered":"<p class=\"mostrar_fragmento\">Investigadores de diversos centros alemanes han descubierto que la activaci\u00f3n de la prote\u00edna DKK3 en queratinocitos tras la irradiaci\u00f3n desencadena una cascada profibr\u00f3tica en la que participan m\u00faltiples procesos biol\u00f3gicos, como la producci\u00f3n de especies reactivas del ox\u00edgeno y la estimulaci\u00f3n de la v\u00eda del TGF\u2011beta, citoquina de reconocida relevancia &#8230;            &#13;\n        <\/p>\n<p> &#13;<br \/>\n&#13;<\/p>\n<p>Investigadores de diversos centros alemanes han descubierto que la<strong> activaci\u00f3n de la prote\u00edna DKK3<\/strong> en queratinocitos tras la irradiaci\u00f3n <strong>desencadena una cascada profibr\u00f3tica<\/strong> en la que participan m\u00faltiples procesos biol\u00f3gicos, como la producci\u00f3n de especies reactivas del ox\u00edgeno y la estimulaci\u00f3n de la v\u00eda del TGF\u2011beta, citoquina de reconocida relevancia en la etiolog\u00eda de la fibrosis. En ratones expuestos a una dosis masiva de radiaci\u00f3n, <strong>la deficiencia gen\u00e9tica de DKK3 redujo marcadamente la alopecia<\/strong>, la hiperplasia epid\u00e9rmica y la deposici\u00f3n de matriz extracelular en la dermis. Aunque tanto estos animales como los del grupo con DKK3 intacto exhibieron un grado similar de infiltraci\u00f3n por monocitos y macr\u00f3fagos en la piel, s\u00f3lo este \u00faltimo grupo present\u00f3 fibrosis, seg\u00fan afirma <strong>Roger Sandhoff<\/strong>, cient\u00edfico del Centro Alem\u00e1n de Investigaci\u00f3n Oncol\u00f3gica y codirector del <a href=\"https:\/\/pubmed.ncbi.nlm.nih.gov\/41629266\/\" rel=\"nofollow noopener\" target=\"_blank\">estudio<\/a>.<\/p>\n<p>El investigador prosigue indicando que l<strong>os queratinocitos resultaron cr\u00edticos en el inicio y progresi\u00f3n de las lesiones<\/strong>, ya que la deleci\u00f3n de DKK3 en macr\u00f3fagos o fibroblastos no ofreci\u00f3 protecci\u00f3n. El estudio tambi\u00e9n establece el mecanismo subyacente a esta toxicidad, demostrando que <strong>la irradiaci\u00f3n incrementa la expresi\u00f3n de DKK3 en los queratinocitos basales<\/strong>, activa la v\u00eda de se\u00f1alizaci\u00f3n can\u00f3nica de Wnt y estimula la proliferaci\u00f3n de estas c\u00e9lulas. Sandhoff se\u00f1ala que la sobreexpresi\u00f3n de DKK3 favorece la polarizaci\u00f3n de los macr\u00f3fagos hacia un fenotipo que <strong>facilita la producci\u00f3n de col\u00e1geno por los fibroblastos<\/strong>.<\/p>\n<p>El cient\u00edfico subraya el valor de los hallazgos indicando que estos fueron <strong>validados en muestras irradiadas de tejido humano<\/strong>, as\u00ed como en patolog\u00edas fibr\u00f3ticas, en las que se confirm\u00f3 el incremento de la expresi\u00f3n de DKK3 en los queratinocitos basales, acompa\u00f1ado de hiperplasia y reorganizaci\u00f3n de la matriz extracelular. La inhibici\u00f3n de DKK3 podr\u00eda representar un enfoque espec\u00edfico para mitigar la fibrosis sin interferir con las m\u00faltiples funciones fisiol\u00f3gicas del TGF\u2011beta, <strong>reduciendo as\u00ed la toxicidad cut\u00e1nea de la radioterapia<\/strong>, concluye el investigador.<\/p>\n<p> &#13;<\/p>\n<p>&#13;<br \/>\n            SEGUIR LEYENDO&#13;\n        <\/p>\n","protected":false},"excerpt":{"rendered":"Investigadores de diversos centros alemanes han descubierto que la activaci\u00f3n de la prote\u00edna DKK3 en queratinocitos tras la&hellip;\n","protected":false},"author":2,"featured_media":413795,"comment_status":"","ping_status":"","sticky":false,"template":"","format":"standard","meta":{"footnotes":""},"categories":[92],"tags":[3382,3386,32122,88498,8401,88499,57312,25,24,88501,165,15123,88502,88497,3258,4258,21263,7296,88500,36167,21256,166,23,3271,8402,10067],"class_list":["post-413794","post","type-post","status-publish","format-standard","has-post-thumbnail","category-salud","tag-actividad","tag-capacidad","tag-causada","tag-cutanea","tag-diana","tag-dkk","tag-emerge","tag-es","tag-espana","tag-fibroticos","tag-health","tag-identificada","tag-inflamatorios","tag-iniciadora","tag-molecula","tag-potencial","tag-procesos","tag-proteina","tag-queratinocitos","tag-radioterapia","tag-regular","tag-salud","tag-spain","tag-su","tag-terapeutica","tag-toxicidad"],"share_on_mastodon":{"url":"https:\/\/pubeurope.com\/@es\/116123810386693648","error":""},"_links":{"self":[{"href":"https:\/\/www.europesays.com\/es\/wp-json\/wp\/v2\/posts\/413794","targetHints":{"allow":["GET"]}}],"collection":[{"href":"https:\/\/www.europesays.com\/es\/wp-json\/wp\/v2\/posts"}],"about":[{"href":"https:\/\/www.europesays.com\/es\/wp-json\/wp\/v2\/types\/post"}],"author":[{"embeddable":true,"href":"https:\/\/www.europesays.com\/es\/wp-json\/wp\/v2\/users\/2"}],"replies":[{"embeddable":true,"href":"https:\/\/www.europesays.com\/es\/wp-json\/wp\/v2\/comments?post=413794"}],"version-history":[{"count":0,"href":"https:\/\/www.europesays.com\/es\/wp-json\/wp\/v2\/posts\/413794\/revisions"}],"wp:featuredmedia":[{"embeddable":true,"href":"https:\/\/www.europesays.com\/es\/wp-json\/wp\/v2\/media\/413795"}],"wp:attachment":[{"href":"https:\/\/www.europesays.com\/es\/wp-json\/wp\/v2\/media?parent=413794"}],"wp:term":[{"taxonomy":"category","embeddable":true,"href":"https:\/\/www.europesays.com\/es\/wp-json\/wp\/v2\/categories?post=413794"},{"taxonomy":"post_tag","embeddable":true,"href":"https:\/\/www.europesays.com\/es\/wp-json\/wp\/v2\/tags?post=413794"}],"curies":[{"name":"wp","href":"https:\/\/api.w.org\/{rel}","templated":true}]}}