{"id":41400,"date":"2025-08-11T23:39:10","date_gmt":"2025-08-11T23:39:10","guid":{"rendered":"https:\/\/www.europesays.com\/es\/41400\/"},"modified":"2025-08-11T23:39:10","modified_gmt":"2025-08-11T23:39:10","slug":"santiago-ponzinibbio-vuelve-al-octagono-en-el-ufc-rio-cuando-pelea-con-vicente-luque-ole-usa","status":"publish","type":"post","link":"https:\/\/www.europesays.com\/es\/41400\/","title":{"rendered":"Santiago Ponzinibbio vuelve al oct\u00e1gono en el UFC R\u00edo: \u00bfcu\u00e1ndo pelea con Vicente Luque? :: Ol\u00e9 USA"},"content":{"rendered":"<p>11\/08\/2025 23:15hs.<\/p>\n<p><strong>R\u00edo de Janeiro<\/strong> <strong>se prepara para recibir al<\/strong> <strong><a href=\"https:\/\/www.ole.com.ar\/tema\/ufc.html\" title=\"UFC\" alt=\"UFC\" class=\"slug\" rel=\"nofollow noopener\" target=\"_blank\">UFC<\/a><\/strong> junto al argentino <strong><a href=\"https:\/\/www.ole.com.ar\/tema\/santiago-ponzinibbio.html\" title=\"Santiago Ponzinibbio\" alt=\"Santiago Ponzinibbio\" class=\"slug\" rel=\"nofollow noopener\" target=\"_blank\">Santiago Ponzinibbio<\/a><\/strong>, quien <strong>buscar\u00e1 volver al triunfo frente a un local<\/strong>, ya que a pesar de haber nacido en Estados Unidos, tiene la nacionalidad brasile\u00f1a (representa a ese pa\u00eds) as\u00ed como tambi\u00e9n la chilena: <strong>Vicente Luque<\/strong>. Dicho luchador tambi\u00e9n se propondr\u00e1 reponerse luego de perder en su combate m\u00e1s reciente.<\/p>\n<p>La Daga tuvo su \u00faltima presentaci\u00f3n el pasado 4 de mayo, cuando <strong>cay\u00f3 por nocaut en el tercer asalto ante el estadounidense Daniel Rodr\u00edguez<\/strong>. En total, el platense de 38 a\u00f1os cuenta con<strong> 31 victorias y 9 derrotas<\/strong>, en tanto que su oponente, de 33 a\u00f1os, viene de sucumbir por sumisi\u00f3n ante otro norteamericano como Kevin Holland, y cuenta con un r\u00e9cord de <strong>23 enfrentamientos ganados y 11 perdidos<\/strong>.<\/p>\n<p><img alt=\"El instante previo a la derrota de Ponzinibbio ante Rodr\u00edguez. (Foto: @ESPNKnockOut)\" loading=\"lazy\" width=\"720\" height=\"100\" decoding=\"async\" data-nimg=\"1\" style=\"color:transparent\" src=\"https:\/\/www.europesays.com\/es\/wp-content\/uploads\/2025\/08\/vAbTCASYC_720x0__1.jpg\"\/>El instante previo a la derrota de Ponzinibbio ante Rodr\u00edguez. (Foto: @ESPNKnockOut)<\/p>\n<p>Este duelo se perfila como la \u00faltima oportunidad para los dos peleadores de<strong> seguir siendo relevantes<\/strong> en la principal organizaci\u00f3n de artes marciales mixtas a nivel mundial. \u00bfPor qu\u00e9? Debido a que los \u00faltimos combates de ambos tuvieron m\u00e1s desenlaces negativos que positivos: <strong>el argentino cay\u00f3 en 6 de los \u00faltimos 9 y el brasile\u00f1o en 4 de 7<\/strong>.<\/p>\n<p>\u00bfCu\u00e1ndo pelear\u00e1 Ponzinibbio en UFC ante Luque?<\/p>\n<p>Ponzinibbio regresar\u00e1 el <strong>s\u00e1bado 11 de octubre, en el Farmasi Arena<\/strong> de R\u00edo de Janeiro, Brasil. El evento enfrentar\u00e1 en su pelea estelar al local <strong>Charles Oliveira<\/strong>, excampe\u00f3n de peso ligero, con el azerbaiyano <strong>Rafael Fiziev<\/strong>. El \u00faltimo combate del brasile\u00f1o en su pa\u00eds natal fue en marzo del 2020, cuando derrot\u00f3 por sumisi\u00f3n a Kevin Lee en Brasilia.<\/p>\n<p><img alt=\"Ponzinibbio se medir\u00e1 con Luque en R\u00edo.\" loading=\"lazy\" width=\"720\" height=\"100\" decoding=\"async\" data-nimg=\"1\" style=\"color:transparent\" src=\"https:\/\/www.europesays.com\/es\/wp-content\/uploads\/2025\/08\/K9tVHUmFa_720x0__1.jpg\"\/>Ponzinibbio se medir\u00e1 con Luque en R\u00edo.<\/p>\n<p>En cuanto al de Azerbaiy\u00e1n,<strong> una lesi\u00f3n en la rodilla lo dej\u00f3 fuera de competencia durante un a\u00f1o y medio<\/strong>. Su regreso se dio en marzo por el UFC 313 ante el estadounidense Justin Gaethje, quien lo derrot\u00f3 en los puntos. No fue hasta junio, en su presentaci\u00f3n m\u00e1s reciente, que consigui\u00f3 la victoria: fue ante el chileno Ignacio Bahamondes tambi\u00e9n por decisi\u00f3n del jurado.<\/p>\n<p><a href=\"https:\/\/www.ole.com.ar\/usa\/boxeo\/dijo-saul-canelo-alvarez-posible-combate-pelea-vs-ilia-topuria-futuro-crawford-ufc-boxeo-deseo-respuesta-tajante_0_KMhteqomv9.html\" aria-label=\"Ilia Topuria sorprende al mundo: &quot;Me encantar\u00eda enfrentar al ganador de Canelo \u00c1lvarez y Terence Crawford&quot;\" class=\"sc-198398ff-0 dGmAry\" rel=\"nofollow noopener\" target=\"_blank\"><img alt=\"Ilia Topuria sorprende al mundo: &quot;Me encantar\u00eda enfrentar al ganador de Canelo \u00c1lvarez y Terence Crawford&quot;\" loading=\"lazy\" width=\"290\" height=\"290\" decoding=\"async\" data-nimg=\"1\" style=\"color:transparent\" src=\"https:\/\/www.europesays.com\/es\/wp-content\/uploads\/2025\/08\/C_knpaYJK_290x290__1.jpg\"\/><\/p>\n<p>Mir\u00e1 tambi\u00e9nIlia Topuria sorprende al mundo: \u00abMe encantar\u00eda enfrentar al ganador de Canelo \u00c1lvarez y Terence Crawford\u00bb<\/p>\n<p><a href=\"https:\/\/www.ole.com.ar\/usa\/boxeo\/punal-crawford-mas-dolera-canelo_0_scW0KmycZr.html\" aria-label=\"El pu\u00f1al de Crawford que m\u00e1s le doler\u00e1 al Canelo \u00c1lvarez y nunca hubiera imaginado: &quot;Es mejor que \u00e9l&quot;\" class=\"sc-198398ff-0 dGmAry\" rel=\"nofollow noopener\" target=\"_blank\"><img alt=\"El pu\u00f1al de Crawford que m\u00e1s le doler\u00e1 al Canelo \u00c1lvarez y nunca hubiera imaginado: &quot;Es mejor que \u00e9l&quot;\" loading=\"lazy\" width=\"290\" height=\"290\" decoding=\"async\" data-nimg=\"1\" style=\"color:transparent\" src=\"https:\/\/www.europesays.com\/es\/wp-content\/uploads\/2025\/08\/13HmFjYJk_290x290__1.jpg\"\/><\/p>\n<p>Mir\u00e1 tambi\u00e9nEl pu\u00f1al de Crawford que m\u00e1s le doler\u00e1 al Canelo \u00c1lvarez y nunca hubiera imaginado: \u00abEs mejor que \u00e9l\u00bb<\/p>\n<p><a href=\"https:\/\/www.ole.com.ar\/usa\/boxeo\/tragedia-y-confusion-en-el-boxeo-dos-japoneses-mueren-por-la-misma-causa-tras-pelear-en-la-misma-cartelera_0_zXFlpWCuFb.html\" aria-label=\"Tragedia y confusi\u00f3n en el boxeo: dos japoneses mueren por la misma causa tras pelear en la misma cartelera\" class=\"sc-198398ff-0 dGmAry\" rel=\"nofollow noopener\" target=\"_blank\"><img alt=\"Tragedia y confusi\u00f3n en el boxeo: dos japoneses mueren por la misma causa tras pelear en la misma cartelera\" loading=\"lazy\" width=\"290\" height=\"290\" decoding=\"async\" data-nimg=\"1\" style=\"color:transparent\" src=\"https:\/\/www.europesays.com\/es\/wp-content\/uploads\/2025\/08\/kSw8OJpqy_290x290__1.jpg\"\/><\/p>\n<p>Mir\u00e1 tambi\u00e9nTragedia y confusi\u00f3n en el boxeo: dos japoneses mueren por la misma causa tras pelear en la misma cartelera<\/p>\n","protected":false},"excerpt":{"rendered":"11\/08\/2025 23:15hs. R\u00edo de Janeiro se prepara para recibir al UFC junto al argentino Santiago Ponzinibbio, quien buscar\u00e1&hellip;\n","protected":false},"author":2,"featured_media":41401,"comment_status":"","ping_status":"","sticky":false,"template":"","format":"standard","meta":{"footnotes":""},"categories":[276],"tags":[168,25,24,19739,23,167,343],"class_list":{"0":"post-41400","1":"post","2":"type-post","3":"status-publish","4":"format-standard","5":"has-post-thumbnail","7":"category-ufc","8":"tag-deportes","9":"tag-es","10":"tag-espana","11":"tag-santiago-ponzinibbio","12":"tag-spain","13":"tag-sports","14":"tag-ufc"},"share_on_mastodon":{"url":"","error":""},"_links":{"self":[{"href":"https:\/\/www.europesays.com\/es\/wp-json\/wp\/v2\/posts\/41400","targetHints":{"allow":["GET"]}}],"collection":[{"href":"https:\/\/www.europesays.com\/es\/wp-json\/wp\/v2\/posts"}],"about":[{"href":"https:\/\/www.europesays.com\/es\/wp-json\/wp\/v2\/types\/post"}],"author":[{"embeddable":true,"href":"https:\/\/www.europesays.com\/es\/wp-json\/wp\/v2\/users\/2"}],"replies":[{"embeddable":true,"href":"https:\/\/www.europesays.com\/es\/wp-json\/wp\/v2\/comments?post=41400"}],"version-history":[{"count":0,"href":"https:\/\/www.europesays.com\/es\/wp-json\/wp\/v2\/posts\/41400\/revisions"}],"wp:featuredmedia":[{"embeddable":true,"href":"https:\/\/www.europesays.com\/es\/wp-json\/wp\/v2\/media\/41401"}],"wp:attachment":[{"href":"https:\/\/www.europesays.com\/es\/wp-json\/wp\/v2\/media?parent=41400"}],"wp:term":[{"taxonomy":"category","embeddable":true,"href":"https:\/\/www.europesays.com\/es\/wp-json\/wp\/v2\/categories?post=41400"},{"taxonomy":"post_tag","embeddable":true,"href":"https:\/\/www.europesays.com\/es\/wp-json\/wp\/v2\/tags?post=41400"}],"curies":[{"name":"wp","href":"https:\/\/api.w.org\/{rel}","templated":true}]}}