{"id":414032,"date":"2026-02-24T08:17:12","date_gmt":"2026-02-24T08:17:12","guid":{"rendered":"https:\/\/www.europesays.com\/es\/414032\/"},"modified":"2026-02-24T08:17:12","modified_gmt":"2026-02-24T08:17:12","slug":"el-dia-que-tenga-la-minima-dificultad-renunciare-yo-mismo-al-carne-aunque-me-dara-rabia-porque-me-encanta","status":"publish","type":"post","link":"https:\/\/www.europesays.com\/es\/414032\/","title":{"rendered":"\u00abEl d\u00eda que tenga la m\u00ednima dificultad renunciar\u00e9 yo mismo al carn\u00e9, aunque me dar\u00e1 rabia porque me encanta\u00bb"},"content":{"rendered":"<p>Es una garant\u00eda de independencia, de autonom\u00eda personal y, adem\u00e1s, una sensaci\u00f3n que le hace disfrutar. S\u00e1tur \u00c1lvarez, que cumplir\u00e1 86 a\u00f1os en abril, es  &#8230; un apasionado del volante, desde que en 1966, con casi 26 a\u00f1os, obtuvo el permiso de conducir y cambi\u00f3 la moto por el coche. Por motivos laborales durante gran parte de su vida y hoy por placer, calcula que ha superado ya el mill\u00f3n y medio de kil\u00f3metros, un registro que est\u00e1 dispuesto a ampliar si la salud se lo permite.<\/p>\n<p class=\"v-p\">\u00abTard\u00e9 en sac\u00e1rmelo, ten\u00eda ya 25 o 26 a\u00f1os, no tuve prisa porque hasta entonces no me hab\u00eda hecho falta, viv\u00eda en Fuenmayor e iba a todos los sitios en moto. Solo despu\u00e9s de casarme me hizo falta el coche y fue cuando me saqu\u00e9 el permiso de conducir\u00bb, explica nada m\u00e1s descender de su coche, un Toyota Yaris granate metalizado, cuidado con mimo y sin un rasgu\u00f1o en su carrocer\u00eda.<\/p>\n<p class=\"v-p\">A finales de este a\u00f1o tendr\u00e1 que acudir de nuevo al centro m\u00e9dico acreditado por la Direcci\u00f3n General de Tr\u00e1fico para renovar la autorizaci\u00f3n. \u00abMe lo dieron por dos a\u00f1os y ahora, en unos meses, me toca otra vez ir, y lo har\u00e9, claro que s\u00ed porque a m\u00ed me encanta conducir. De momento no tengo ning\u00fan impedimento y paso las pruebas sin problema, as\u00ed que espero que me lo renueven por otros dos a\u00f1os\u00bb, asegura con un gui\u00f1o.<\/p>\n<p>\n\u00abDurante mi vida habr\u00e9 recorrido casi mill\u00f3n y medio de kil\u00f3metros, sobre todo por trabajo\u00bb\n<\/p>\n<p class=\"v-p\">Est\u00e1 tranquilo, su cuerpo y sus sentidos no le han dado susto alguno. \u00abNo tengo ning\u00fan problema para conducir, ni siquiera de noche, pero bueno, cuando vea que ya no puedo bien, pues lo dejar\u00e9 por m\u00ed mismo. No va a hacer ni falta que me tengan que decir nada, el d\u00eda que tenga la m\u00ednima dificultad decidir\u00e9 yo mismo renunciar, eso lo tengo clar\u00edsimo, aunque s\u00e9 que me dar\u00e1 mucha rabia porque, ya te digo, me encanta conducir\u00bb.<\/p>\n<p class=\"v-p\">No a diario, pero s\u00ed muy a menudo se sienta al volante. \u00abS\u00ed, sigo conduciendo de forma habitual, como m\u00ednimo dos o tres d\u00edas a la semana y disfruto much\u00edsimo conduciendo. Me ha encantado toda la vida. Yo estuve varios a\u00f1os trabajando fuera, era inform\u00e1tico, y trabaj\u00e9 en Bilbao, en Pamplona, en Vitoria, pero iba todos los d\u00edas y volv\u00eda otra vez aqu\u00ed a Logro\u00f1o. Despu\u00e9s, cuando mont\u00e9 mi empresa de inform\u00e1tica dedicada a aplicaciones hospitalarias, me hac\u00eda cada a\u00f1o entre 75.000 y 80.000 kil\u00f3metros, as\u00ed que calcula, habr\u00e9 hecho como mill\u00f3n y medio de kil\u00f3metros al volante\u00bb, explica satisfecho de que su naturaleza le permita gozar de una autonom\u00eda a la que otros de su edad se han visto obligados a renunciar: \u00ab Ahora ya no es una obligaci\u00f3n coger el coche, pero me gusta y como me veo bien pues lo hago. Me encanta subir al pueblo, a Fuenmayor, los jueves quedo a comer con los amigos, y lo uso tambi\u00e9n para cualquier cosa que necesite, porque sobre todo disponer de un veh\u00edculo te da la libertad de moverte sin depender de nadie, pero eso, lo que s\u00ed tengo muy claro es que solo lo har\u00e9 mientras est\u00e9 bien\u00bb, concluye S\u00e1tur \u00c1lvarez entre sonrisas.<\/p>\n","protected":false},"excerpt":{"rendered":"Es una garant\u00eda de independencia, de autonom\u00eda personal y, adem\u00e1s, una sensaci\u00f3n que le hace disfrutar. S\u00e1tur \u00c1lvarez,&hellip;\n","protected":false},"author":2,"featured_media":414033,"comment_status":"","ping_status":"","sticky":false,"template":"","format":"standard","meta":{"footnotes":""},"categories":[92],"tags":[4458,37376,47239,25,24,165,19216,166,88540,23],"class_list":["post-414032","post","type-post","status-publish","format-standard","has-post-thumbnail","category-salud","tag-alvarez","tag-carne","tag-conducir","tag-es","tag-espana","tag-health","tag-renunciar","tag-salud","tag-satur","tag-spain"],"share_on_mastodon":{"url":"https:\/\/pubeurope.com\/@es\/116124624258318404","error":""},"_links":{"self":[{"href":"https:\/\/www.europesays.com\/es\/wp-json\/wp\/v2\/posts\/414032","targetHints":{"allow":["GET"]}}],"collection":[{"href":"https:\/\/www.europesays.com\/es\/wp-json\/wp\/v2\/posts"}],"about":[{"href":"https:\/\/www.europesays.com\/es\/wp-json\/wp\/v2\/types\/post"}],"author":[{"embeddable":true,"href":"https:\/\/www.europesays.com\/es\/wp-json\/wp\/v2\/users\/2"}],"replies":[{"embeddable":true,"href":"https:\/\/www.europesays.com\/es\/wp-json\/wp\/v2\/comments?post=414032"}],"version-history":[{"count":0,"href":"https:\/\/www.europesays.com\/es\/wp-json\/wp\/v2\/posts\/414032\/revisions"}],"wp:featuredmedia":[{"embeddable":true,"href":"https:\/\/www.europesays.com\/es\/wp-json\/wp\/v2\/media\/414033"}],"wp:attachment":[{"href":"https:\/\/www.europesays.com\/es\/wp-json\/wp\/v2\/media?parent=414032"}],"wp:term":[{"taxonomy":"category","embeddable":true,"href":"https:\/\/www.europesays.com\/es\/wp-json\/wp\/v2\/categories?post=414032"},{"taxonomy":"post_tag","embeddable":true,"href":"https:\/\/www.europesays.com\/es\/wp-json\/wp\/v2\/tags?post=414032"}],"curies":[{"name":"wp","href":"https:\/\/api.w.org\/{rel}","templated":true}]}}