{"id":414201,"date":"2026-02-24T10:28:11","date_gmt":"2026-02-24T10:28:11","guid":{"rendered":"https:\/\/www.europesays.com\/es\/414201\/"},"modified":"2026-02-24T10:28:11","modified_gmt":"2026-02-24T10:28:11","slug":"la-drastica-decision-de-sabrina-rojas-tras-la-internacion-de-luciano-castro","status":"publish","type":"post","link":"https:\/\/www.europesays.com\/es\/414201\/","title":{"rendered":"La dr\u00e1stica decisi\u00f3n de Sabrina Rojas tras la internaci\u00f3n de Luciano Castro"},"content":{"rendered":"<p><img alt=\"Las vacaciones de Sabrina Rojas\" class=\"global-image\" decoding=\"async\" fetchpriority=\"high\" height=\"607\" loading=\"eager\" src=\"https:\/\/www.europesays.com\/es\/wp-content\/uploads\/2026\/02\/TK2IY2CEH5AX7PGXSFVAORMRRM.jpg\" width=\"1080\"\/>Las vacaciones de Sabrina Rojas junto a sus hijos<\/p>\n<p class=\"paragraph\">La noticia sobre la <b>decisi\u00f3n de <\/b><a rel=\"noopener noreferrer nofollow\" href=\"https:\/\/www.infobae.com\/tag\/sabrina-rojas\/\" target=\"_blank\" title=\"https:\/\/www.infobae.com\/tag\/sabrina-rojas\/\"><b>Sabrina Rojas<\/b><\/a> de mantener el silencio medi\u00e1tico tras la internaci\u00f3n de <a rel=\"noopener noreferrer nofollow\" href=\"https:\/\/www.infobae.com\/tag\/luciano-castro\/\" target=\"_blank\" title=\"https:\/\/www.infobae.com\/tag\/luciano-castro\/\"><b>Luciano Castro<\/b><\/a> sorprendi\u00f3 tanto a seguidores como a los medios de comunicaci\u00f3n. En un contexto marcado por d\u00edas de incertidumbre y rumores, la actriz y conductora opt\u00f3 por un perfil bajo al regresar a Buenos Aires despu\u00e9s de pasar sus vacaciones en Mar del Plata junto a sus hijos.<\/p>\n<p class=\"paragraph\">La situaci\u00f3n personal de la panelista se volvi\u00f3 objeto de atenci\u00f3n luego de conocerse la internaci\u00f3n de su exmarido y padre de sus hijos, quien permaneci\u00f3 tres semanas en una cl\u00ednica de rehabilitaci\u00f3n. A pesar de la insistencia de distintos programas de televisi\u00f3n y portales de noticias para obtener declaraciones, ella rechaz\u00f3 todas las invitaciones recibidas para referirse al tema. \u201c<b>Sabrina se mantiene en silencio tras sus vacaciones en Mar del Plata con sus hijos. La actriz y conductora fue invitada a varios programas, pero decidi\u00f3 declinar propuestas para acompa\u00f1ar el proceso de sanaci\u00f3n de su ex, Luciano Castro, padre de sus hijos<\/b>\u201d, inform\u00f3 <b>\u00c1ngel de Brito<\/b>, conductor de LAM, a trav\u00e9s de sus redes sociales.<\/p>\n<p class=\"paragraph\">La postura de Sabrina se enmarca en un momento especialmente delicado para la familia. El hermetismo elegido por la tambi\u00e9n modelo contrasta con la gran exposici\u00f3n medi\u00e1tica que rode\u00f3 la internaci\u00f3n de Castro, cuyo proceso de recuperaci\u00f3n gener\u00f3 especulaciones y versiones cruzadas. La noticia de la internaci\u00f3n trajo luego la novedad de que se filtraran im\u00e1genes del actor en pleno entrenamiento dentro del centro terap\u00e9utico. El propio \u00c1ngel de Brito ampli\u00f3 la informaci\u00f3n: \u201c<b>El actor estuvo internado tres semanas en una cl\u00ednica de rehabilitaci\u00f3n y se filtraron fotos de su entrenamiento<\/b>\u201d.<\/p>\n<p><img alt=\"La actriz Sabrina Rojas se\" class=\"global-image\" decoding=\"async\" fetchpriority=\"low\" height=\"231\" loading=\"lazy\" src=\"https:\/\/www.europesays.com\/es\/wp-content\/uploads\/2026\/02\/6R3LFIQUDBACLC4AXWDWCYIX2Q.jpg\" width=\"533\"\/>La actriz Sabrina Rojas se mantiene en silencio y declin\u00f3 ofertas televisivas para acompa\u00f1ar el proceso de recuperaci\u00f3n de su ex pareja, Luciano Castro, quien estuvo internado.<\/p>\n<p class=\"paragraph\">Las im\u00e1genes difundidas muestran a Luciano Castro participando en actividades f\u00edsicas dentro de la cl\u00ednica, lo que motiv\u00f3 nuevas preguntas sobre su estado de salud y la naturaleza de su rehabilitaci\u00f3n. Aunque la informaci\u00f3n oficial sobre las causas de su internaci\u00f3n no fue detallada p\u00fablicamente, la filtraci\u00f3n de las fotograf\u00edas en redes y medios aliment\u00f3 distintas versiones y an\u00e1lisis en el entorno medi\u00e1tico.<\/p>\n<p class=\"paragraph\">En paralelo a la repercusi\u00f3n generada por la internaci\u00f3n, Sabrina mantuvo una actitud de discreci\u00f3n y cuidado. Su decisi\u00f3n de <b>no realizar declaraciones p\u00fablicas<\/b> ni participar en programas de televisi\u00f3n fue interpretada por algunos como un gesto de respeto hacia el proceso personal de su exmarido y una forma de proteger el bienestar de sus hijos. La elecci\u00f3n de permanecer en silencio tambi\u00e9n fue vista como un modo de evitar la exposici\u00f3n innecesaria de cuestiones privadas en un momento de especial sensibilidad.<\/p>\n<p class=\"paragraph\">Desde lo profesional, Sabrina atraviesa un per\u00edodo de transici\u00f3n. Si bien regres\u00f3 de sus vacaciones en Mar del Plata y est\u00e1 en contacto con sus hijos, <b>sigue escuchando ofertas laborales<\/b> relacionadas con la televisi\u00f3n y la conducci\u00f3n. Hasta el momento, no defini\u00f3 cu\u00e1l ser\u00e1 su pr\u00f3ximo proyecto en la pantalla chica. As\u00ed lo expres\u00f3 \u00c1ngel de Brito: \u201c<b>Mientras tanto, Sabrina sigue escuchando ofertas laborales, aunque todav\u00eda no defini\u00f3 su futuro televisivo<\/b>\u201d.<\/p>\n<p>En una entrevista en SQP, tras el regreso de Yanina Latorre al programa, se abri\u00f3 sobre el angustioso tiempo junto al actor y el desaf\u00edo de recuperar su bienestar (Video: SQP\/ Am\u00e9rica TV)<\/p>\n<p class=\"paragraph\">La situaci\u00f3n de Sabrina Rojas y Luciano Castro se desarrolla en un contexto de alta exposici\u00f3n medi\u00e1tica. Los d\u00edas posteriores a la internaci\u00f3n estuvieron marcados por la circulaci\u00f3n de versiones cruzadas y la publicaci\u00f3n de distintos enfoques en redes sociales y programas de espect\u00e1culos. La decisi\u00f3n de Sabrina de no sumarse al debate p\u00fablico y evitar declaraciones fue interpretada como una manera de sostener la privacidad familiar ante la presi\u00f3n informativa.<\/p>\n<p class=\"paragraph\">La cobertura medi\u00e1tica de la familia Rojas-Castro evidenci\u00f3 la permanente atenci\u00f3n que despiertan sus movimientos tanto en la vida p\u00fablica como privada. La filtraci\u00f3n de im\u00e1genes, la expectativa sobre los pr\u00f3ximos pasos de la actriz y las versiones sobre el estado de salud del actor formaron parte de la agenda reciente de los medios de espect\u00e1culos.<\/p>\n","protected":false},"excerpt":{"rendered":"Las vacaciones de Sabrina Rojas junto a sus hijos La noticia sobre la decisi\u00f3n de Sabrina Rojas de&hellip;\n","protected":false},"author":2,"featured_media":414202,"comment_status":"","ping_status":"","sticky":false,"template":"","format":"standard","meta":{"footnotes":""},"categories":[174],"tags":[6456,6635,255,32635,146,147,25,24,367,256,81224,10986,5699,85942,2807,23,807],"class_list":["post-414201","post","type-post","status-publish","format-standard","has-post-thumbnail","category-famosos","tag-actriz","tag-apoyo","tag-celebrities","tag-decisiones","tag-entertainment","tag-entretenimiento","tag-es","tag-espana","tag-familia","tag-famosos","tag-luciano-castro","tag-mar-del-plata","tag-rehabilitacion","tag-sabrina-rojas","tag-silencio","tag-spain","tag-television"],"share_on_mastodon":{"url":"https:\/\/pubeurope.com\/@es\/116125139371093003","error":""},"_links":{"self":[{"href":"https:\/\/www.europesays.com\/es\/wp-json\/wp\/v2\/posts\/414201","targetHints":{"allow":["GET"]}}],"collection":[{"href":"https:\/\/www.europesays.com\/es\/wp-json\/wp\/v2\/posts"}],"about":[{"href":"https:\/\/www.europesays.com\/es\/wp-json\/wp\/v2\/types\/post"}],"author":[{"embeddable":true,"href":"https:\/\/www.europesays.com\/es\/wp-json\/wp\/v2\/users\/2"}],"replies":[{"embeddable":true,"href":"https:\/\/www.europesays.com\/es\/wp-json\/wp\/v2\/comments?post=414201"}],"version-history":[{"count":0,"href":"https:\/\/www.europesays.com\/es\/wp-json\/wp\/v2\/posts\/414201\/revisions"}],"wp:featuredmedia":[{"embeddable":true,"href":"https:\/\/www.europesays.com\/es\/wp-json\/wp\/v2\/media\/414202"}],"wp:attachment":[{"href":"https:\/\/www.europesays.com\/es\/wp-json\/wp\/v2\/media?parent=414201"}],"wp:term":[{"taxonomy":"category","embeddable":true,"href":"https:\/\/www.europesays.com\/es\/wp-json\/wp\/v2\/categories?post=414201"},{"taxonomy":"post_tag","embeddable":true,"href":"https:\/\/www.europesays.com\/es\/wp-json\/wp\/v2\/tags?post=414201"}],"curies":[{"name":"wp","href":"https:\/\/api.w.org\/{rel}","templated":true}]}}