{"id":41464,"date":"2025-08-12T00:28:12","date_gmt":"2025-08-12T00:28:12","guid":{"rendered":"https:\/\/www.europesays.com\/es\/41464\/"},"modified":"2025-08-12T00:28:12","modified_gmt":"2025-08-12T00:28:12","slug":"estaba-dopado-hasta-el-cuello-cuando-gane","status":"publish","type":"post","link":"https:\/\/www.europesays.com\/es\/41464\/","title":{"rendered":"Estaba dopado hasta el cuello cuando gan\u00e9"},"content":{"rendered":"<p class=\"paragraph\" id=\"paragraph_1\"><strong>Miguel Indur\u00e1in<\/strong> dej\u00f3 en 1995 un legado dif\u00edcil de igualar: cinco Tours de Francia consecutivos y una imagen de serenidad y limpieza deportiva que sigue siendo referencia.<\/p>\n<p class=\"paragraph\" id=\"paragraph_2\">Un a\u00f1o despu\u00e9s de su \u00faltima victoria, el dan\u00e9s <strong>Bjarne Riis ocup\u00f3 su lugar en lo m\u00e1s alto del podio<\/strong> de Par\u00eds. Sin embargo, aquella <strong>edici\u00f3n de 1996 ya naci\u00f3 envuelta en sospechas<\/strong> y, con el tiempo, se convirti\u00f3 en un s\u00edmbolo de la llamada \u00ab<strong>era EPO<\/strong>\u00ab.<\/p>\n<p class=\"paragraph\" id=\"paragraph_3\">Casi tres d\u00e9cadas despu\u00e9s, <strong>Riis ha vuelto a remover las aguas del ciclismo<\/strong> con unas declaraciones tan expl\u00edcitas como crudas.<\/p>\n<p><img loading=\"lazy\" decoding=\"async\" alt=\"Lance Armstrong\" height=\"180\" src=\"https:\/\/www.europesays.com\/es\/wp-content\/uploads\/2025\/08\/916918523_252376480_320x180.jpg\" width=\"320\" data-lazy-status=\"processed\" data-lazy-info=\"remove loading item 1\"\/><\/p>\n<p class=\"paragraph\" id=\"paragraph_4\">Durante un foro deportivo celebrado recientemente en <strong>Copenhague,<\/strong> el exciclista de 61 a\u00f1os afirm\u00f3: \u00ab<strong>Estaba completamente dopado. Yo sab\u00eda lo que hac\u00eda<\/strong>. No me arrepiento porque fue parte de ese tiempo y de un sistema que todos aceptamos en silencio\u00bb.<\/p>\n<p class=\"paragraph\" id=\"paragraph_5\"><strong>Riis<\/strong> se coron\u00f3 en el <strong>Tour de Francia de 1996<\/strong>, justo tras el \u00faltimo triunfo de Indur\u00e1in, y lo hizo frente a una generaci\u00f3n de rivales que tambi\u00e9n dejar\u00edan huella: <strong>Jan Ullrich<\/strong>, <strong>Richard Virenque<\/strong> o <strong>Marco Pantani<\/strong>.<\/p>\n<p class=\"paragraph\" id=\"paragraph_6\">Su victoria fue interpretada como el inicio de una nueva etapa, m\u00e1s explosiva en la monta\u00f1a, pero tambi\u00e9n m\u00e1s ligada al dopaje.<\/p>\n<p class=\"paragraph\" id=\"paragraph_7\">El golpe m\u00e1s recordado lleg\u00f3 en la <strong>etapa de Hautacam<\/strong>, donde el dan\u00e9s lanz\u00f3 un ataque feroz que descolg\u00f3 a todos sus rivales.<\/p>\n<p class=\"paragraph\" id=\"paragraph_8\">Aquella subida, en la que ascend\u00eda mirando a c\u00e1mara con aparente facilidad, qued\u00f3 grabada como uno de los momentos m\u00e1s inquietantes del ciclismo moderno.<\/p>\n<p class=\"paragraph\" id=\"paragraph_9\">Con el tiempo, y las <strong>propias confesiones de Riis<\/strong>, se confirmar\u00eda lo que muchos sospechaban: <strong>la EPO hab\u00eda entrado de lleno en el pelot\u00f3n<\/strong>.<\/p>\n<p><img decoding=\"async\" alt=\"Jonas Vingegaard y el equipo Jumbo-Visma del Tour de Francia\" height=\"180\" loading=\"lazy\" width=\"320\" data-lazy-status=\"processed\" id=\"d0695e7953\" src=\"https:\/\/www.elespanol.com\/deportes\/ciclismo\/20250811\/bjarne-riis-ciclista-heredo-trono-indurain-tour-dopado-cuello-gane\/[\" https:=\"\" data-lazy-info=\"changed src\"\/><\/p>\n<p>Confesiones sin filtros<\/p>\n<p class=\"paragraph\" id=\"paragraph_10\">No es la primera vez que Riis admite su dopaje. Ya <strong>en 2007 reconoci\u00f3 haber usado EPO<\/strong> durante buena parte de su carrera.<\/p>\n<p class=\"paragraph\" id=\"paragraph_11\">Revel\u00f3 incluso en su autobiograf\u00eda de 2010 que <strong>hab\u00eda gastado unos 134.000 euros en sustancias prohibidas<\/strong>: \u00abLa EPO estaba en mi nevera, entre los huevos y el queso\u00bb, escribi\u00f3 entonces.<\/p>\n<p class=\"paragraph\" id=\"paragraph_12\">La novedad ahora no reside en la admisi\u00f3n, sino en el tono. <strong>Sin disculpas ni matices<\/strong>, Riis asume su papel en un sistema generalizado.<\/p>\n<p><img decoding=\"async\" alt=\"Bjarne Riis\" data-imgm=\"true\" height=\"180\" loading=\"lazy\"  src=\"https:\/\/www.europesays.com\/es\/wp-content\/uploads\/2025\/08\/1003743882521_257917365_1024x576.jpg\"  width=\"320\"\/><\/p>\n<p class=\"paragraph\" id=\"paragraph_13\">Sus palabras reavivan un debate inc\u00f3modo: <strong>hasta qu\u00e9 punto el ciclismo de los noventa estuvo controlado por las pr\u00e1cticas dopantes<\/strong> y si es posible juzgar de forma individual a quienes formaban parte de aquel contexto.<\/p>\n<p class=\"paragraph\" id=\"paragraph_14\">Tras colgar la bicicleta, Riis se convirti\u00f3 en <strong>director del equipo CSC<\/strong>, donde trabaj\u00f3 con ciclistas como <strong>Ivan Basso<\/strong> o <strong>Carlos Sastre<\/strong>.<\/p>\n<p class=\"paragraph\" id=\"paragraph_15\">Seg\u00fan un informe de la <strong>Agencia Danesa Antidopaje en 2015<\/strong>, el exganador del Tour \u00abal menos conoc\u00eda\u00bb la existencia de dopaje en su equipo.<\/p>\n<p><img decoding=\"async\" alt=\"Un instante de la prueba amateur.\" height=\"180\" loading=\"lazy\" width=\"320\" data-lazy-status=\"processed\" id=\"668f07e00c\" src=\"https:\/\/www.elespanol.com\/deportes\/ciclismo\/20250811\/bjarne-riis-ciclista-heredo-trono-indurain-tour-dopado-cuello-gane\/[\" https:=\"\" data-lazy-info=\"changed src\"\/><\/p>\n<p class=\"paragraph\" id=\"paragraph_16\">Adem\u00e1s, el exciclista <strong>Tyler Hamilton<\/strong> lleg\u00f3 a afirmar en su libro The Secret Race que <strong>Riis hab\u00eda alentado a sus corredores a consumir productos prohibidos<\/strong>.<\/p>\n<p class=\"paragraph\" id=\"paragraph_17\">La confesi\u00f3n de Riis no alterar\u00e1 los libros de resultados, pero s\u00ed reabre viejas heridas. Su caso recuerda que, aunque el ciclismo ha avanzado en controles y transparencia, su pasado sigue proyectando sombras largas.<\/p>\n<p class=\"paragraph\" id=\"paragraph_18\">La sinceridad brutal de Riis deja una conclusi\u00f3n inc\u00f3moda: el dopaje no fue la excepci\u00f3n, sino la norma de una generaci\u00f3n entera. Y aunque los tiempos hayan cambiado, su eco sigue resonando en cada confesi\u00f3n.<\/p>\n","protected":false},"excerpt":{"rendered":"Miguel Indur\u00e1in dej\u00f3 en 1995 un legado dif\u00edcil de igualar: cinco Tours de Francia consecutivos y una imagen&hellip;\n","protected":false},"author":2,"featured_media":41465,"comment_status":"","ping_status":"","sticky":false,"template":"","format":"standard","meta":{"footnotes":""},"categories":[273],"tags":[313,312,168,25,24,2549,23,167,462],"class_list":{"0":"post-41464","1":"post","2":"type-post","3":"status-publish","4":"format-standard","5":"has-post-thumbnail","7":"category-ciclismo","8":"tag-ciclismo","9":"tag-cycling","10":"tag-deportes","11":"tag-es","12":"tag-espana","13":"tag-miguel-indurain","14":"tag-spain","15":"tag-sports","16":"tag-tour-de-francia"},"share_on_mastodon":{"url":"","error":""},"_links":{"self":[{"href":"https:\/\/www.europesays.com\/es\/wp-json\/wp\/v2\/posts\/41464","targetHints":{"allow":["GET"]}}],"collection":[{"href":"https:\/\/www.europesays.com\/es\/wp-json\/wp\/v2\/posts"}],"about":[{"href":"https:\/\/www.europesays.com\/es\/wp-json\/wp\/v2\/types\/post"}],"author":[{"embeddable":true,"href":"https:\/\/www.europesays.com\/es\/wp-json\/wp\/v2\/users\/2"}],"replies":[{"embeddable":true,"href":"https:\/\/www.europesays.com\/es\/wp-json\/wp\/v2\/comments?post=41464"}],"version-history":[{"count":0,"href":"https:\/\/www.europesays.com\/es\/wp-json\/wp\/v2\/posts\/41464\/revisions"}],"wp:featuredmedia":[{"embeddable":true,"href":"https:\/\/www.europesays.com\/es\/wp-json\/wp\/v2\/media\/41465"}],"wp:attachment":[{"href":"https:\/\/www.europesays.com\/es\/wp-json\/wp\/v2\/media?parent=41464"}],"wp:term":[{"taxonomy":"category","embeddable":true,"href":"https:\/\/www.europesays.com\/es\/wp-json\/wp\/v2\/categories?post=41464"},{"taxonomy":"post_tag","embeddable":true,"href":"https:\/\/www.europesays.com\/es\/wp-json\/wp\/v2\/tags?post=41464"}],"curies":[{"name":"wp","href":"https:\/\/api.w.org\/{rel}","templated":true}]}}