{"id":414923,"date":"2026-02-24T19:41:08","date_gmt":"2026-02-24T19:41:08","guid":{"rendered":"https:\/\/www.europesays.com\/es\/414923\/"},"modified":"2026-02-24T19:41:08","modified_gmt":"2026-02-24T19:41:08","slug":"dimite-la-presidenta-del-museo-del-louvre-tras-la-crisis-desatada-por-el-robo-de-las-joyas-de-la-corona-francesa-cultura","status":"publish","type":"post","link":"https:\/\/www.europesays.com\/es\/414923\/","title":{"rendered":"Dimite la presidenta del Museo del Louvre tras la crisis desatada por el robo de las joyas de la Corona francesa | Cultura"},"content":{"rendered":"<p class=\"\">La presidenta del <a href=\"https:\/\/elpais.com\/noticias\/museo-louvre\/\" rel=\"nofollow noopener\" title=\"https:\/\/elpais.com\/noticias\/museo-louvre\/\" target=\"_blank\">Museo del Louvre<\/a>, Laurence des Cars, ha presentado su dimisi\u00f3n al presidente franc\u00e9s, Emmanuel Macron, que la ha aceptado, seg\u00fan confirm\u00f3 el El\u00edseo <a href=\"https:\/\/www.elysee.fr\/emmanuel-macron\/2026\/02\/24\/madame-laurence-des-cars-a-remis-au-president-de-la-republique-sa-lettre-de-demission-qui-la-acceptee\" rel=\"nofollow noopener\" title=\"https:\/\/www.elysee.fr\/emmanuel-macron\/2026\/02\/24\/madame-laurence-des-cars-a-remis-au-president-de-la-republique-sa-lettre-de-demission-qui-la-acceptee\" target=\"_blank\">en un comunicado este martes<\/a>. Des Cars renuncia tras meses de pol\u00e9micas en torno a la pinacoteca, que se iniciaron tras <a href=\"https:\/\/elpais.com\/cultura\/2025-10-20\/las-claves-del-robo-en-el-louvre-siete-minutos-cuatro-asaltantes-y-una-escalera-para-acceder-a-las-joyas-de-la-corona.html\" rel=\"nofollow noopener\" title=\"https:\/\/elpais.com\/cultura\/2025-10-20\/las-claves-del-robo-en-el-louvre-siete-minutos-cuatro-asaltantes-y-una-escalera-para-acceder-a-las-joyas-de-la-corona.html\" target=\"_blank\">el espectacular robo del pasado 19 de octubre<\/a>, en el que cuatro asaltantes entraron en la Galer\u00eda de Apolo, de las m\u00e1s visitadas del museo, y se llevaron las ocho joyas de la Corona francesa. <\/p>\n<p>M\u00e1s informaci\u00f3n<\/p>\n<p class=\"\">Emmanuel Macron ha calificado la renuncia de \u201cacto de responsabilidad en un momento en que el museo m\u00e1s grande del mundo necesita estabilidad y un nuevo impulso para completar con \u00e9xito importantes proyectos de seguridad y modernizaci\u00f3n y el proyecto \u2018Louvre, nuevo renacimiento\u2019\u201d.<\/p>\n<p class=\"\">La ahora exdirectora ha explicado los motivos de su renuncia poco despu\u00e9s en una entrevista a Le Figaro: \u201cHe llegado a la conclusi\u00f3n de que la modernizaci\u00f3n del Louvre que he liderado desde que asum\u00ed el cargo en septiembre de 2021 ya no puede llevarse a cabo. Permanecer en el cargo significar\u00eda gestionar lo que existe, cuando el Louvre necesita continuar su transformaci\u00f3n\u201d.<\/p>\n<p><img decoding=\"auto\" class=\"_re lazyload a_m-h\" height=\"276\"  width=\"414\"  src=\"https:\/\/www.europesays.com\/es\/wp-content\/uploads\/2026\/02\/LNTXH5MA5FGAVOFDCVU37YNPFQ.jpg\" loading=\"lazy\"\/>Corona de Mar\u00eda Eugenia de Montijo, destrozada tras el robo.Thomas Clot<\/p>\n<p class=\"\">Ya hab\u00eda presentado su dimisi\u00f3n a la ministra de Cultura, Rachida Dati, poco despu\u00e9s del robo, aunque entonces fue rechazada por Dati, que orden\u00f3 una investigaci\u00f3n administrativa que revel\u00f3 importantes deficiencias de seguridad, obligando al museo a tomar medidas de emergencia. <\/p>\n<p class=\"\">Sin embargo, desde el asalto han ido sucedi\u00e9ndose los desastres. Un mes despu\u00e9s se tuvo que cerrar la Galer\u00eda Campana, que alberga varias salas dedicadas a la cer\u00e1mica griega, por la fragilidad de sus vigas y ante el riesgo de derrumbe. A ello se uni\u00f3 despu\u00e9s <a href=\"https:\/\/elpais.com\/cultura\/2025-12-07\/cerca-de-400-documentos-del-departamento-egipcio-del-louvre-danados-por-una-fuga-de-agua.html\" rel=\"nofollow noopener\" title=\"https:\/\/elpais.com\/cultura\/2025-12-07\/cerca-de-400-documentos-del-departamento-egipcio-del-louvre-danados-por-una-fuga-de-agua.html\" target=\"_blank\">una fuga de agua que caus\u00f3 importantes da\u00f1os en una galer\u00eda<\/a> con documentaci\u00f3n sobre el periodo egipcio, y una huelga sostenida de sus trabajadores que ha obligado al museo a cerrar sus puertas varios d\u00edas desde el mes de diciembre.<\/p>\n<p class=\"\">El asalto solo revel\u00f3 los problemas de seguridad, pero despu\u00e9s se ha constatado que el museo m\u00e1s grande y el m\u00e1s visitado del mundo ten\u00eda muchos otros. Nadie daba cr\u00e9dito cuando el 19 de octubre, un domingo a plena luz del d\u00eda, cuatro individuos encapuchados accedieron con una escalera al balc\u00f3n que da acceso a la Galer\u00eda de Apolo y rompieron con radiales las vitrinas donde estaban expuestas las joyas napole\u00f3nicas, ante la impotencia de los vigilantes de seguridad.<\/p>\n<p class=\"\">Se llevaron nueve. Solo se consigui\u00f3 recuperar una de ellas, la corona de la emperatriz Eugenia de Montijo, pero porque a los ladrones se les cay\u00f3 durante la huida. Todos fueron detenidos d\u00edas despu\u00e9s, aunque las joyas siguen sin aparecer.<\/p>\n<p><img decoding=\"auto\" class=\"_re lazyload a_m-h\" height=\"233\"  width=\"414\"  src=\"https:\/\/www.europesays.com\/es\/wp-content\/uploads\/2026\/02\/LX72NJTE3ZAMFJESBE4D5VAELE.jpg\" loading=\"lazy\"\/>Agentes de polic\u00eda junto a la escalera de mudanzas utilizada por los ladrones para entrar en el Louvre, el d\u00eda 19 de octubre.DPA v\u00eda Europa Press  (DPA v\u00eda Europa Press)<\/p>\n<p class=\"\">Tras el asalto, Laurence des Cars, en el centro de todas las cr\u00edticas, trat\u00f3 de dar explicaciones ante la Asamblea y el Senado, y admiti\u00f3 que ella misma hab\u00eda alertado al Ministerio de Cultura de las deficiencias que hab\u00eda en el museo, no solo en materia de seguridad, sino tambi\u00e9n en sus instalaciones, muy vetustas y sin renovar. <\/p>\n<p class=\"\">Varios informes anteriores y posteriores al robo constataron estos problemas. Uno de ellos incluso alertaba de los problemas que supon\u00eda el balc\u00f3n por donde se filtraron los ladrones. Otro del Tribunal de Cuentas revel\u00f3 que la pinacoteca hab\u00eda priorizado la adquisici\u00f3n de obras a otros aspectos, como el mantenimiento de las instalaciones o la seguridad. Se compraron 2.754 obras en ocho a\u00f1os. Este informe abarcaba el periodo 2018-2024, el de la presidencia de Des Cars, nombrada en 2021, y el de su predecesor, Jean Luc Martinez, aunque las cr\u00edticas se han centrado en ella. <\/p>\n<p class=\"\">El remate a estos meses de agon\u00eda para el museo ha sido huelga de parte de los trabajadores, que oblig\u00f3 a cerrar total o parcialmente el centro estas Navidades. Los asalariados reclaman mejoras en sus condiciones de trabajo, que a\u00fan negocian con el Ministerio de Cultura, y denuncian medios insuficientes para abordar la creciente afluencia en los \u00faltimos a\u00f1os. Lo visitaron nueve millones de personas en 2025. \u201cLo que me hace irme no es una huelga, sino la imposibilidad de transformar el museo en el contexto institucional actual\u201d, ha se\u00f1alado Laurence des Cars a Le Figaro.<\/p>\n<p><img decoding=\"auto\" class=\"_re lazyload a_m-h\" height=\"276\"  width=\"414\"  src=\"https:\/\/www.europesays.com\/es\/wp-content\/uploads\/2026\/02\/DXBGNWR5CFIFFNIYZKARHJ73P4.jpg\" loading=\"lazy\"\/>Trabajadores del Louvre, el pasado mes de diciembre. EFE<\/p>\n<p class=\"\">La titular de Cultura, Rachida Dati, fue interrogada este lunes en la comisi\u00f3n parlamentaria que investiga, tras el robo, la gesti\u00f3n de la pinacoteca. Durante su comparecencia, que fue a puerta cerrada a petici\u00f3n suya, revel\u00f3 que se han abandonado los trabajos de reorganizaci\u00f3n del Louvre, que ella misma avanz\u00f3 en el mes de diciembre.\u00a0\u00a0 <\/p>\n<p class=\"\">Este mi\u00e9rcoles, Laurence des Cars volver\u00e1 a comparecer, aunque ya ha dimitido, para seguir dando explicaciones. Asegura en la entrevista a Le Figaro: \u201cHe podido cometer errores, pero creo haber puesto el Louvre en movimiento\u201d. \u201cEsta lucidez ha podido ser a veces dolorosa, pero era indispensable para poner al Louvre en la v\u00eda de la transformaci\u00f3n\u201d.<\/p>\n<p class=\"\">Macron ha agradecido su \u201cacci\u00f3n y su compromiso estos a\u00f1os\u201d. \u201cApoy\u00e1ndose en su experiencia cient\u00edfica incontestable, ha querido confiarle una misi\u00f3n dentro de la presidencia francesa del G7 sobre la cooperaci\u00f3n entre los grandes museos de los pa\u00edses implicados\u201d, se\u00f1ala el El\u00edseo.<\/p>\n<p class=\"\">Laurence des Cars ha sido la primera mujer al mando de la mayor pinacoteca del mundo en sus 230 a\u00f1os de historia. Antes hab\u00eda pasado por los grandes museos parisinos, como el Museo d\u2019Orsay o el de la Orangerie. Tras su salida ha dicho: \u201cCuando uno llega a una instituci\u00f3n como el Louvre, uno sabe que est\u00e1 de paso, que solo eres un eslab\u00f3n en la larga cadena de transmisi\u00f3n\u201d.<\/p>\n","protected":false},"excerpt":{"rendered":"La presidenta del Museo del Louvre, Laurence des Cars, ha presentado su dimisi\u00f3n al presidente franc\u00e9s, Emmanuel Macron,&hellip;\n","protected":false},"author":2,"featured_media":414924,"comment_status":"","ping_status":"","sticky":false,"template":"","format":"standard","meta":{"footnotes":""},"categories":[173],"tags":[229,233,231,230,209,232,234,146,147,25,24,41530,3873,4759,11989,23],"class_list":["post-414923","post","type-post","status-publish","format-standard","has-post-thumbnail","category-arte-y-diseno","tag-arte","tag-arte-y-diseno","tag-arts","tag-arts-and-design","tag-cultura","tag-design","tag-diseno","tag-entertainment","tag-entretenimiento","tag-es","tag-espana","tag-museo-del-louvre","tag-museos","tag-paris","tag-robos","tag-spain"],"share_on_mastodon":{"url":"https:\/\/pubeurope.com\/@es\/116127313779792506","error":""},"_links":{"self":[{"href":"https:\/\/www.europesays.com\/es\/wp-json\/wp\/v2\/posts\/414923","targetHints":{"allow":["GET"]}}],"collection":[{"href":"https:\/\/www.europesays.com\/es\/wp-json\/wp\/v2\/posts"}],"about":[{"href":"https:\/\/www.europesays.com\/es\/wp-json\/wp\/v2\/types\/post"}],"author":[{"embeddable":true,"href":"https:\/\/www.europesays.com\/es\/wp-json\/wp\/v2\/users\/2"}],"replies":[{"embeddable":true,"href":"https:\/\/www.europesays.com\/es\/wp-json\/wp\/v2\/comments?post=414923"}],"version-history":[{"count":0,"href":"https:\/\/www.europesays.com\/es\/wp-json\/wp\/v2\/posts\/414923\/revisions"}],"wp:featuredmedia":[{"embeddable":true,"href":"https:\/\/www.europesays.com\/es\/wp-json\/wp\/v2\/media\/414924"}],"wp:attachment":[{"href":"https:\/\/www.europesays.com\/es\/wp-json\/wp\/v2\/media?parent=414923"}],"wp:term":[{"taxonomy":"category","embeddable":true,"href":"https:\/\/www.europesays.com\/es\/wp-json\/wp\/v2\/categories?post=414923"},{"taxonomy":"post_tag","embeddable":true,"href":"https:\/\/www.europesays.com\/es\/wp-json\/wp\/v2\/tags?post=414923"}],"curies":[{"name":"wp","href":"https:\/\/api.w.org\/{rel}","templated":true}]}}