{"id":414927,"date":"2026-02-24T19:44:11","date_gmt":"2026-02-24T19:44:11","guid":{"rendered":"https:\/\/www.europesays.com\/es\/414927\/"},"modified":"2026-02-24T19:44:11","modified_gmt":"2026-02-24T19:44:11","slug":"quien-es-rina-lipa-todo-sobre-la-hermana-de-dua-lipa-que-promete-ser-la-proxima-reina-de-la-moda","status":"publish","type":"post","link":"https:\/\/www.europesays.com\/es\/414927\/","title":{"rendered":"\u00bfQui\u00e9n es Rina Lipa? Todo sobre la hermana de Dua Lipa que promete ser la pr\u00f3xima reina de la moda"},"content":{"rendered":"<p class=\"c-paragraph\">En poco tiempo, <b>Dua Lipa consigui\u00f3 posicionarse como una de las superestrellas de la m\u00fasica <\/b>de forma internacional. Su voz grave, sus canciones pegadizas y ahora, su estilo musical que bebe del pasado la han convertido en todo un referente en la industria. Sin embargo, dejando a un lado la m\u00fasica, parte de su fama se debe a un estilo impecable y atrevido, con el que siempre destaca tanto en en cualquier alfombra roja que pisa como sobre el escenarios, <b>con looks que van mucho m\u00e1s all\u00e1 de lo est\u00e9tico y se<a href=\"https:\/\/www.20minutos.es\/mujer\/moda\/body-dua-lipa-aprovecha-fisica-transformar-look-conciertos-5725895\/\" title=\"As\u00ed es el &#039;body&#039; de Dua Lipa que aprovecha la f\u00edsica para transformar el &#039;look&#039; en sus conciertos\" rel=\"nofollow noopener\" target=\"_blank\"> convierten un una clase de f\u00edsica.\u00a0<\/a><\/b><\/p>\n<p class=\"c-paragraph\">Sin embargo, no es la \u00fanica que tiene una gran pasi\u00f3n por la moda, este gusto lo comparte con su hermana, <b>Rina Lipa, que en los \u00faltimos a\u00f1os ha conquistado las redes sociales con su estilo \u00fanico<\/b>, llegando a acumular casi 1 mill\u00f3n de seguidores en su cuenta de Instagram. Sus penetrantes ojos azules se han convertido en los protagonistas de cada sesi\u00f3n de fotos que ha hecho como modelo y de los proyectos en los que ha estado involucrada como actriz.\u00a0<\/p>\n<p class=\"c-paragraph\">A sus 24 a\u00f1os, la hermana peque\u00f1a de Dua Lipa es una enamorada del arte en todas sus formas, aunque siempre ha sentido una gran debilidad por la actuaci\u00f3n y la moda,<b> comenzando su carrera en el modelaje durante la Semana de la Moda de Mil\u00e1n del 2021,<\/b> desfilando para Giuliano Calza Design Studio. Desde entonces, ha participado en campa\u00f1as publicitarias de firmas como Versace y Miu Miu, siendo una incondicional de las mejores front rows.<\/p>\n<p>Rina Lipa, una musa de estilo<\/p>\n<p class=\"c-paragraph\">Su \u00faltima aparici\u00f3n en la primera fila del desfile de Burberry \u2014<a href=\"https:\/\/www.20minutos.es\/mujer\/moda\/romeo-beckham-vuelve-casa-heredero-estilo-britanico-regresa-burberry-14-anos-despues-su-debut_6938155_0.html\" title=\"Romeo Beckham vuelve a &#039;casa&#039;: el heredero del estilo brit\u00e1nico regresa a Burberry 14 a\u00f1os despu\u00e9s de su debut\" rel=\"nofollow noopener\" target=\"_blank\">donde ha desfilado Romeo Beckham<\/a>\u2014 ha llamado mucho la atenci\u00f3n, ya que all\u00ed se ha definido como <b>una de las grandes propuestas del mundo de la moda<\/b> no solo por su estilismo, sino tambi\u00e9n por su esencia.\u00a0<\/p>\n<p class=\"c-paragraph\">Gracias a su prol\u00edfica cuenta de Instagram, muchas publicaciones ya la han calificado como la It Girl de la Generaci\u00f3n Z, donde comparte sus looks mientras deja a todo el mundo impresionado con el parecido de su hermana. Pero <b>estas similitudes solo se quedan en el f\u00edsico, ya que en cuesti\u00f3n de estilo, est\u00e1n a a\u00f1os luz de distancia.<\/b><\/p>\n<p class=\"c-paragraph\">Mientras que Dua se decanta por looks glamurosos y cargados de las \u00faltimas tendencias siempre, Rina apuesta por <b>estilismos en los que nos podemos ver m\u00e1s identificadas, con conjuntos m\u00e1s atemporales<\/b> que no renuncian al \u00faltimo grito en moda y siempre apostando por su gusto personal, sin dejarse definir por los trends del momento.<\/p>\n<p class=\"c-paragraph\">Sus redes sociales han sido su mayor escaparate para sus proyectos, <b>comenzando a crecer a partir del 2019 gracias a su cuidada est\u00e9tica<\/b> y una fotograf\u00eda con aires noventeros que anticipaban el \u00e1lbum Future Nostalgia y demostraban lo unidas que est\u00e1n las hermanas y como se influencian la una a la otra.<\/p>\n<p class=\"c-paragraph\">Sin embargo, la sorpresa lleg\u00f3 cuando <b>Rina cumpli\u00f3 18 a\u00f1os, siendo fichada por Valentino<\/b> para su campa\u00f1a de Primavera 2020 y convirti\u00e9ndos en el rostro m\u00e1s joven de la casa italiana. En la campa\u00f1a, la modelo posaba como una profesional.<\/p>\n<p class=\"c-paragraph\">Si bien es cierto que Dua Lipa la ha apoyado en cada paso de su carrera, Rina ha conseguido hacerse un nombre en la industria por sus propios m\u00e9ritos, colaborando con firmas que casan y se alinean con su estilo propio, como Prada, e incluso <b>ha hecho sus primeras incursiones en el dise\u00f1o<\/b> colaborando en la creaci\u00f3n de varias prendas para Nasty Gal, inspirada en los a\u00f1os 90.\u00a0<\/p>\n<p class=\"c-paragraph\">En los \u00faltimas semanas, Rina Lipa ha estado presente en la primera fila de los grandes desfiles de la Semana de la Moda, siendo invitada por firmas como Burberry y Tory Burch, <b>posicion\u00e1ndose como una de las figuras relevantes dentro del mundo de la moda<\/b> a la que no hay que perderle la pista.<\/p>\n","protected":false},"excerpt":{"rendered":"En poco tiempo, Dua Lipa consigui\u00f3 posicionarse como una de las superestrellas de la m\u00fasica de forma internacional.&hellip;\n","protected":false},"author":2,"featured_media":414928,"comment_status":"","ping_status":"","sticky":false,"template":"","format":"standard","meta":{"footnotes":""},"categories":[170],"tags":[146,147,25,24,22853,184,185,10747,63331,23,16377],"class_list":["post-414927","post","type-post","status-publish","format-standard","has-post-thumbnail","category-musica","tag-entertainment","tag-entretenimiento","tag-es","tag-espana","tag-lipa","tag-music","tag-musica","tag-quien","tag-rina","tag-spain","tag-todo"],"share_on_mastodon":{"url":"https:\/\/pubeurope.com\/@es\/116127325734468076","error":""},"_links":{"self":[{"href":"https:\/\/www.europesays.com\/es\/wp-json\/wp\/v2\/posts\/414927","targetHints":{"allow":["GET"]}}],"collection":[{"href":"https:\/\/www.europesays.com\/es\/wp-json\/wp\/v2\/posts"}],"about":[{"href":"https:\/\/www.europesays.com\/es\/wp-json\/wp\/v2\/types\/post"}],"author":[{"embeddable":true,"href":"https:\/\/www.europesays.com\/es\/wp-json\/wp\/v2\/users\/2"}],"replies":[{"embeddable":true,"href":"https:\/\/www.europesays.com\/es\/wp-json\/wp\/v2\/comments?post=414927"}],"version-history":[{"count":0,"href":"https:\/\/www.europesays.com\/es\/wp-json\/wp\/v2\/posts\/414927\/revisions"}],"wp:featuredmedia":[{"embeddable":true,"href":"https:\/\/www.europesays.com\/es\/wp-json\/wp\/v2\/media\/414928"}],"wp:attachment":[{"href":"https:\/\/www.europesays.com\/es\/wp-json\/wp\/v2\/media?parent=414927"}],"wp:term":[{"taxonomy":"category","embeddable":true,"href":"https:\/\/www.europesays.com\/es\/wp-json\/wp\/v2\/categories?post=414927"},{"taxonomy":"post_tag","embeddable":true,"href":"https:\/\/www.europesays.com\/es\/wp-json\/wp\/v2\/tags?post=414927"}],"curies":[{"name":"wp","href":"https:\/\/api.w.org\/{rel}","templated":true}]}}