{"id":415484,"date":"2026-02-25T02:57:10","date_gmt":"2026-02-25T02:57:10","guid":{"rendered":"https:\/\/www.europesays.com\/es\/415484\/"},"modified":"2026-02-25T02:57:10","modified_gmt":"2026-02-25T02:57:10","slug":"deco-podra-fichar-un-delantero-centro-top-en-verano","status":"publish","type":"post","link":"https:\/\/www.europesays.com\/es\/415484\/","title":{"rendered":"Deco podr\u00e1 fichar un delantero centro top en verano"},"content":{"rendered":"<p>                <a href=\"https:\/\/cronicaglobal.elespanol.com\/culemania\/palco\/\" class=\"kicker--section\" rel=\"nofollow noopener\" target=\"_blank\">Palco<\/a><\/p>\n<p>\n    En el avance de su entrevista para Culeman\u00eda, Ferran Oliv\u00e9 desvela que el camino hacia la norma 1:1 qued\u00f3 allanado antes de que la junta directiva del club dimitiese en febrero\u00a0\n<\/p>\n<p>    Noticias relacionadas<\/p>\n<p class=\"paragraph\" id=\"paragraph_1\"><strong>Ferran Oliv\u00e9,<\/strong> tesorero y miembro de la junta directiva de <strong>Joan Laporta<\/strong> entre 2021 y 2025, ha atendido a <strong>Culeman\u00eda<\/strong> este martes 24 de febrero en la sede de la precandidatura <strong>Defensem el Bar\u00e7a<\/strong>. A lo largo de una extensa entrevista, donde se han abordado multitud de temas &#8211;desde la <a href=\"https:\/\/cronicaglobal.elespanol.com\/culemania\/palco\/20260223\/barca-denuncia-laporta-audiencia-nacional-capitales-administracion\/1003742735248_0.html?utm_cmp_rs=linksinline\" target=\"_blank\" rel=\"nofollow noopener\">denuncia de un socio a 10 directivos de Laporta<\/a>, entre los que est\u00e1 incluido el propio Oliv\u00e9, a la salida de Messi pasando por distintas cuestiones de la gesti\u00f3n econ\u00f3mica del club&#8211;, <strong>Ferran Oliv\u00e9 ha confesado a este medio que el largo y correoso camino para alcanzar, por fin, la dichosa regla 1:1 del Fair Play est\u00e1 muy cerca de llegar a su fin<\/strong>.\u00a0<\/p>\n<p class=\"paragraph\" id=\"paragraph_2\">A d\u00eda de hoy <strong>todav\u00eda quedan unos 12-14 millones de euros para entrar en el 1:1<\/strong>. Esta situaci\u00f3n, <a href=\"https:\/\/cronicaglobal.elespanol.com\/culemania\/palco\/20260205\/jong-kounde-dro-fernandez-barca-fair-play\/1003742730020_0.html?utm_cmp_rs=linksinline\" target=\"_blank\" rel=\"nofollow noopener\">como ya avanz\u00f3 Culeman\u00eda<\/a>, ha sido posible gracias a diversas operaciones clave como las renovaciones de<strong> Frenkie de Jong y Jules Kound\u00e9<\/strong>. Tambi\u00e9n ayud\u00f3, m\u00e1s recientemente, <strong>la venta de Dro Fern\u00e1ndez al PSG<\/strong> y la lesi\u00f3n de larga duraci\u00f3n de <strong>Gavi,<\/strong> que permiti\u00f3 inscribir a <strong>Roony Bardghji<\/strong> con ficha del primer equipo, dejando atr\u00e1s su dorsal del filial.\u00a0<\/p>\n<p>Faltan entre 12 y 14 millones<\/p>\n<p class=\"paragraph\" id=\"paragraph_3\">Oliv\u00e9, que a d\u00eda de hoy es uno de los directivos dimitidos y ya no conoce de primera mano la informaci\u00f3n del club, ha reconocido que <strong>\u00abfaltan entre 12 y 14 millones para llegar al 1:1\u00bb<\/strong>. Al menos, esa es la radiograf\u00eda de cuando decidieron dimitir. Tambi\u00e9n ha confesado que <strong>el Bar\u00e7a estar\u00e1 en condiciones de fichar a un delantero centro en el mercado de verano<\/strong>. Y no a un 9 cualquiera, sino a un killer de nivel top. En el club tienen claro que se debe apostar por esta posici\u00f3n en clave presente y futuro.\u00a0<\/p>\n<p class=\"paragraph\" id=\"paragraph_4\">Aunque el Bar\u00e7a trabaja desde la direcci\u00f3n deportiva, con <strong>Deco<\/strong> al frente, en reforzar otras posiciones como el extremo, el central zurdo y los laterales, queda claro que la prioridad es un delantero centro. La continuidad de <strong>Robert Lewandowski<\/strong> parece cada vez menos viable y, a pesar de contar tambi\u00e9n con <strong>Ferran Torres,<\/strong> har\u00e1 falta una alternativa de primer nivel en la plantilla.\u00a0<\/p>\n<p>El \u00faltimo baile de Lewandowski\u00a0<\/p>\n<p class=\"paragraph\" id=\"paragraph_5\"><strong>Lewandowski,<\/strong> que mantiene una de las fichas m\u00e1s elevadas del primer equipo, <strong>liberar\u00e1 un montante salarial muy importante<\/strong> que ayudar\u00e1 al encaje de la nueva operaci\u00f3n que Deco se trae entre manos. Pero, igualmente, es necesario que el Bar\u00e7a haga los deberes en materia econ\u00f3mica.<\/p>\n<p><img decoding=\"async\" alt=\"Robert Lewandowski da indicaciones en el Bar\u00e7a-Levante de la Liga\" data-imgm=\"true\" height=\"180\" loading=\"lazy\"  src=\"https:\/\/www.europesays.com\/es\/wp-content\/uploads\/2026\/02\/1003742735204_15747798_1024x576.jpg\"  width=\"320\"\/><\/p>\n<p>                                                            Robert Lewandowski da indicaciones en el Bar\u00e7a-Levante de la Liga<\/p>\n<p>                    EFE<\/p>\n<p class=\"paragraph\" id=\"paragraph_6\"><strong>El club todav\u00eda debe conseguir esos 12-14 millones para entrar en el 1:1<\/strong> y, m\u00e1s all\u00e1 de esa situaci\u00f3n, debe seguir trabajando en cumplir los requisitos, globales y particulares, que le exige la Liga. Esto es, conseguir m\u00e1s ingresos que gastos para ir generando beneficios, reducir el patrimonio neto negativo, reducir la deuda y respetar los par\u00e1metros salariales de las secciones, con especial incidencia en el baloncesto y el f\u00fatbol femenino.\u00a0<\/p>\n<p>A la espera de los PSL<\/p>\n<p class=\"paragraph\" id=\"paragraph_7\">Asimismo, el club sigue pendiente de completar el ingreso correspondiente a los PSL vendidos a <strong>New Era Visionary Group<\/strong>. La sociedad del magnate moldavo <strong>Ruslan Birladeanu<\/strong> debe a\u00fan 28 millones de euros de los 70 acordados por contrato. Los primeros 28 se pagaron en enero de 2025 para inscribir a <strong>Dani Olmo<\/strong> y otros 12 llegaron en septiembre.\u00a0<\/p>\n","protected":false},"excerpt":{"rendered":"Palco En el avance de su entrevista para Culeman\u00eda, Ferran Oliv\u00e9 desvela que el camino hacia la norma&hellip;\n","protected":false},"author":2,"featured_media":415485,"comment_status":"","ping_status":"","sticky":false,"template":"","format":"standard","meta":{"footnotes":""},"categories":[268],"tags":[882,168,25,24,88771,11166,280,282,16774,281,23,167],"class_list":["post-415484","post","type-post","status-publish","format-standard","has-post-thumbnail","category-futbol","tag-deco","tag-deportes","tag-es","tag-espana","tag-fair-play-de-la-liga","tag-fichajes-barca","tag-football","tag-futbol","tag-palco","tag-soccer","tag-spain","tag-sports"],"share_on_mastodon":{"url":"https:\/\/pubeurope.com\/@es\/116129028229306665","error":""},"_links":{"self":[{"href":"https:\/\/www.europesays.com\/es\/wp-json\/wp\/v2\/posts\/415484","targetHints":{"allow":["GET"]}}],"collection":[{"href":"https:\/\/www.europesays.com\/es\/wp-json\/wp\/v2\/posts"}],"about":[{"href":"https:\/\/www.europesays.com\/es\/wp-json\/wp\/v2\/types\/post"}],"author":[{"embeddable":true,"href":"https:\/\/www.europesays.com\/es\/wp-json\/wp\/v2\/users\/2"}],"replies":[{"embeddable":true,"href":"https:\/\/www.europesays.com\/es\/wp-json\/wp\/v2\/comments?post=415484"}],"version-history":[{"count":0,"href":"https:\/\/www.europesays.com\/es\/wp-json\/wp\/v2\/posts\/415484\/revisions"}],"wp:featuredmedia":[{"embeddable":true,"href":"https:\/\/www.europesays.com\/es\/wp-json\/wp\/v2\/media\/415485"}],"wp:attachment":[{"href":"https:\/\/www.europesays.com\/es\/wp-json\/wp\/v2\/media?parent=415484"}],"wp:term":[{"taxonomy":"category","embeddable":true,"href":"https:\/\/www.europesays.com\/es\/wp-json\/wp\/v2\/categories?post=415484"},{"taxonomy":"post_tag","embeddable":true,"href":"https:\/\/www.europesays.com\/es\/wp-json\/wp\/v2\/tags?post=415484"}],"curies":[{"name":"wp","href":"https:\/\/api.w.org\/{rel}","templated":true}]}}