{"id":415599,"date":"2026-02-25T04:33:08","date_gmt":"2026-02-25T04:33:08","guid":{"rendered":"https:\/\/www.europesays.com\/es\/415599\/"},"modified":"2026-02-25T04:33:08","modified_gmt":"2026-02-25T04:33:08","slug":"a-otro-nivel-en-vivo-capitulo-5-siga-el-minuto-a-minuto-del-concurso-musical-de-caracol","status":"publish","type":"post","link":"https:\/\/www.europesays.com\/es\/415599\/","title":{"rendered":"\u2018A otro nivel\u2019 en vivo cap\u00edtulo 5: siga el minuto a minuto del concurso musical de Caracol"},"content":{"rendered":"<p class=\"font--secondary\">Todas las noches, <b>Kike Santander, Felipe Pel\u00e1ez y Gian Marco,<\/b> deben decidir qu\u00e9 concursantes suben dos niveles en el ascensor para pasar a la siguiente etapa. Si los tres jurados oprimen la flecha verde, el concursante se convierte en l\u00edder autom\u00e1ticamente. El objetivo de esta temporada es armar cuartetos, ya no ser\u00e1 una competencia individual como en las anteriores. <\/p>\n<p class=\"font--secondary\">El participante interpreta Oiga, mire, vea, pero no logr\u00f3 subir el ascensor. \u201cUna experiencia bonita, enriquecedora, se disfrut\u00f3\u201d, dijo.<\/p>\n<p>Laura Estrada conquista el jurado<\/p>\n<p class=\"font--secondary\">Hoy ya me voy, de Kany Garc\u00eda interpreta a esta hora la artista. Gian Marco oprime el bot\u00f3n. Enseguida lo hace Pipe Pel\u00e1ez, quien le recomend\u00f3 trabajar la seguridad. \u201cHay que trabajar muy duro, recuerda que estamos en grupos\u201d.<\/p>\n<p class=\"font--secondary\">Con No te quiero perder, el participante convenci\u00f3 a los tres jurados, convirti\u00e9ndose en l\u00edder. \u201cTe espera un proceso muy bonito, pero tambi\u00e9n muy exigente. Tienes una voz muy hermosa\u201d, le dijo Pipe.<\/p>\n<p class=\"font--secondary\">Empez\u00f3 su carrera musical a los 9 a\u00f1os. \u201cCuando yo era ni\u00f1a me salieron n\u00f3dulos en las cuerdas vocales. El m\u00e9dico me dijo que no pod\u00eda cantar. Yo llor\u00e9 mucho, pero me puse a estudiar. Para m\u00ed la m\u00fasica sana\u201d, cont\u00f3 la artista, quien fue elegida como l\u00edder.<\/p>\n<p class=\"font--secondary\">\u201cTienes un vibrato interesant\u00edsimo, pero vas a tener que mostrarnos que no solo eres de ese color\u201d, coment\u00f3 Kike Santander. <\/p>\n<p>Fercho interpreta &#8216;Caminar\u00e9&#8217;<\/p>\n<p class=\"font--secondary\">Aunque no pas\u00f3, <b>Pipe Pel\u00e1ez<\/b> le dedic\u00f3 unas palabras por haber interpretado una de sus canciones: \u201cEs totalmente normal tener nervios. Hace parte del compromiso contigo mismo para la pr\u00f3xima trabajar la afinaci\u00f3n. Espero que hayas disfrutado esta vitrina inmensa\u201d. <\/p>\n<p class=\"font--secondary\">Coleccionista de canciones es la canci\u00f3n que escogi\u00f3 el concursante. Pipe Pel\u00e1ez es el primer jurado en oprimir la flecha verde, seguido de Kike Santander. \u201cTienes demasiado con qu\u00e9\u201d, le dijo el int\u00e9rprete de Tan natural.<\/p>\n<p>Sasha, primera participante en pasar<\/p>\n<p class=\"font--secondary\">\u201cEres una artista incre\u00edble, lo haces muy bien\u201d, le dijo Kike Santander a la concursante, quien se mostr\u00f3 emocionada por pasar la audici\u00f3n.<\/p>\n<p>Comienza la primera audici\u00f3n<\/p>\n<p class=\"font--secondary\">Isabel tuvo 90 segundos para conquistar a los tres jurados, pero no logr\u00f3 pasar la audici\u00f3n. <\/p>\n","protected":false},"excerpt":{"rendered":"Todas las noches, Kike Santander, Felipe Pel\u00e1ez y Gian Marco, deben decidir qu\u00e9 concursantes suben dos niveles en&hellip;\n","protected":false},"author":2,"featured_media":415600,"comment_status":"","ping_status":"","sticky":false,"template":"","format":"standard","meta":{"footnotes":""},"categories":[171],"tags":[88790,88793,88791,88792,146,147,25,24,23,214,13788],"class_list":["post-415599","post","type-post","status-publish","format-standard","has-post-thumbnail","category-tv","tag-a-otro-nivel","tag-a-otro-nivel-caracol","tag-a-otro-nivel-en-vivo","tag-cristina-hurtado","tag-entertainment","tag-entretenimiento","tag-es","tag-espana","tag-spain","tag-tv","tag-vea"],"share_on_mastodon":{"url":"https:\/\/pubeurope.com\/@es\/116129405741142153","error":""},"_links":{"self":[{"href":"https:\/\/www.europesays.com\/es\/wp-json\/wp\/v2\/posts\/415599","targetHints":{"allow":["GET"]}}],"collection":[{"href":"https:\/\/www.europesays.com\/es\/wp-json\/wp\/v2\/posts"}],"about":[{"href":"https:\/\/www.europesays.com\/es\/wp-json\/wp\/v2\/types\/post"}],"author":[{"embeddable":true,"href":"https:\/\/www.europesays.com\/es\/wp-json\/wp\/v2\/users\/2"}],"replies":[{"embeddable":true,"href":"https:\/\/www.europesays.com\/es\/wp-json\/wp\/v2\/comments?post=415599"}],"version-history":[{"count":0,"href":"https:\/\/www.europesays.com\/es\/wp-json\/wp\/v2\/posts\/415599\/revisions"}],"wp:featuredmedia":[{"embeddable":true,"href":"https:\/\/www.europesays.com\/es\/wp-json\/wp\/v2\/media\/415600"}],"wp:attachment":[{"href":"https:\/\/www.europesays.com\/es\/wp-json\/wp\/v2\/media?parent=415599"}],"wp:term":[{"taxonomy":"category","embeddable":true,"href":"https:\/\/www.europesays.com\/es\/wp-json\/wp\/v2\/categories?post=415599"},{"taxonomy":"post_tag","embeddable":true,"href":"https:\/\/www.europesays.com\/es\/wp-json\/wp\/v2\/tags?post=415599"}],"curies":[{"name":"wp","href":"https:\/\/api.w.org\/{rel}","templated":true}]}}