{"id":41613,"date":"2025-08-12T02:34:10","date_gmt":"2025-08-12T02:34:10","guid":{"rendered":"https:\/\/www.europesays.com\/es\/41613\/"},"modified":"2025-08-12T02:34:10","modified_gmt":"2025-08-12T02:34:10","slug":"la-combinacion-de-adenomas-y-polipos-serrados-quintuplica-el-riesgo-de-cancer-colorrectal-segun-estudio","status":"publish","type":"post","link":"https:\/\/www.europesays.com\/es\/41613\/","title":{"rendered":"La combinaci\u00f3n de adenomas y p\u00f3lipos serrados quintuplica el riesgo de c\u00e1ncer colorrectal, seg\u00fan estudio"},"content":{"rendered":"<p>Un equipo de investigadores de la<strong> Universidad Flinders y del Centro M\u00e9dico Flinders en Adelaida (Australia) <\/strong>ha identificado una relaci\u00f3n directa entre la presencia simult\u00e1nea de dos tipos de p\u00f3lipos intestinales y un riesgo hasta cinco veces mayor de desarrollar c\u00e1ncer colorrectal, seg\u00fan un estudio publicado en la revista Clinical Gastroenterology and Hepatology (CGH).<\/p>\n<p>El c\u00e1ncer colorrectal es el segundo m\u00e1s mortal y el cuarto m\u00e1s diagnosticado en todo el mundo. Generalmente se origina a partir de p\u00f3lipos benignos en la pared o revestimiento del intestino, pero dos tipos concretos \u2014<strong>adenomas y p\u00f3lipos serrados<\/strong>\u2014 pueden evolucionar hacia tumores malignos.<\/p>\n<p>El autor principal, Molla Wassie, ha explicado que, cuando ambos tipos aparecen juntos, lo que los especialistas llaman lesiones sincr\u00f3nicas, el <strong>riesgo de enfermedad intestinal grave o c\u00e1ncer aumenta de forma dr\u00e1stica.<\/strong><\/p>\n<p>El an\u00e1lisis incluy\u00f3 <strong>m\u00e1s de 8.400 registros de colonoscopias <\/strong>y revel\u00f3 que quienes presentaban adenomas y p\u00f3lipos serrados ten\u00edan hasta cinco veces m\u00e1s probabilidades de desarrollar cambios precancerosos avanzados que aquellos con solo un tipo de p\u00f3lipo. Adem\u00e1s, casi la mitad de los pacientes con p\u00f3lipos serrados tambi\u00e9n presentaban adenomas, lo que indica que este grupo de alto riesgo podr\u00eda ser m\u00e1s com\u00fan de lo que se cre\u00eda.<\/p>\n<p>El estudio se\u00f1ala que los p\u00f3lipos serrados pueden progresar a c\u00e1ncer m\u00e1s r\u00e1pidamente que los adenomas, lo que refuerza la importancia de establecer pautas de vigilancia personalizadas y de <strong>mantener un seguimiento m\u00e9dico regular.<\/strong><\/p>\n<p>Seg\u00fan Wassie, la clave est\u00e1 en detectar y<strong> eliminar los p\u00f3lipos a tiempo.<\/strong> Por ello, recomienda que las personas mayores de 45 a\u00f1os o con antecedentes familiares de problemas intestinales consulten con su m\u00e9dico para evaluar la necesidad de realizar colonoscopias peri\u00f3dicas.<\/p>\n","protected":false},"excerpt":{"rendered":"Un equipo de investigadores de la Universidad Flinders y del Centro M\u00e9dico Flinders en Adelaida (Australia) ha identificado&hellip;\n","protected":false},"author":2,"featured_media":41614,"comment_status":"","ping_status":"","sticky":false,"template":"","format":"standard","meta":{"footnotes":""},"categories":[92],"tags":[1066,1293,25,24,165,166,23],"class_list":{"0":"post-41613","1":"post","2":"type-post","3":"status-publish","4":"format-standard","5":"has-post-thumbnail","7":"category-salud","8":"tag-cancer","9":"tag-enfermedades","10":"tag-es","11":"tag-espana","12":"tag-health","13":"tag-salud","14":"tag-spain"},"share_on_mastodon":{"url":"","error":""},"_links":{"self":[{"href":"https:\/\/www.europesays.com\/es\/wp-json\/wp\/v2\/posts\/41613","targetHints":{"allow":["GET"]}}],"collection":[{"href":"https:\/\/www.europesays.com\/es\/wp-json\/wp\/v2\/posts"}],"about":[{"href":"https:\/\/www.europesays.com\/es\/wp-json\/wp\/v2\/types\/post"}],"author":[{"embeddable":true,"href":"https:\/\/www.europesays.com\/es\/wp-json\/wp\/v2\/users\/2"}],"replies":[{"embeddable":true,"href":"https:\/\/www.europesays.com\/es\/wp-json\/wp\/v2\/comments?post=41613"}],"version-history":[{"count":0,"href":"https:\/\/www.europesays.com\/es\/wp-json\/wp\/v2\/posts\/41613\/revisions"}],"wp:featuredmedia":[{"embeddable":true,"href":"https:\/\/www.europesays.com\/es\/wp-json\/wp\/v2\/media\/41614"}],"wp:attachment":[{"href":"https:\/\/www.europesays.com\/es\/wp-json\/wp\/v2\/media?parent=41613"}],"wp:term":[{"taxonomy":"category","embeddable":true,"href":"https:\/\/www.europesays.com\/es\/wp-json\/wp\/v2\/categories?post=41613"},{"taxonomy":"post_tag","embeddable":true,"href":"https:\/\/www.europesays.com\/es\/wp-json\/wp\/v2\/tags?post=41613"}],"curies":[{"name":"wp","href":"https:\/\/api.w.org\/{rel}","templated":true}]}}