{"id":41621,"date":"2025-08-12T02:40:11","date_gmt":"2025-08-12T02:40:11","guid":{"rendered":"https:\/\/www.europesays.com\/es\/41621\/"},"modified":"2025-08-12T02:40:11","modified_gmt":"2025-08-12T02:40:11","slug":"evacuados-cuatro-pueblos-por-los-incendios-mas-graves-de-zamora","status":"publish","type":"post","link":"https:\/\/www.europesays.com\/es\/41621\/","title":{"rendered":"Evacuados cuatro pueblos por los incendios m\u00e1s graves de Zamora"},"content":{"rendered":"<p class=\"mce\">Los <strong class=\"mce\">dos incendios <\/strong>forestales de mayor gravedad que afectan este lunes a la provincia de Zamora, en <strong class=\"mce\">Puercas<\/strong> y <strong class=\"mce\">Molezuelas de la Carballeda<\/strong>, han obligado a evacuar cuatro localidades m\u00e1s por la amenaza directa de las llamas y el humo, mientras ambos fuegos se mantienen en el m\u00e1ximo nivel de emergencia, seg\u00fan han confirmado fuentes de la Subdelegaci\u00f3n del Gobierno y de la Junta de Castilla y Le\u00f3n.<\/p>\n<p class=\"mce\">En el caso del incendio declarado esta tarde en Puercas, en la comarca de Aliste, ha sido necesario desalojar tanto la localidad de origen del fuego como la vecina San Mart\u00edn de T\u00e1bara. Adem\u00e1s, se ha cortado la carretera <strong class=\"mce\">ZA-P-2433<\/strong>, que conecta Puercas con Ferreruela de T\u00e1bara.<\/p>\n<p class=\"mce\">Por su parte, el incendio de <strong class=\"mce\">Molezuelas de la Carballeda<\/strong>, que ya desde el domingo mantiene en vilo a varias zonas del norte zamorano, ha forzado la evacuaci\u00f3n este lunes de <strong class=\"mce\">Villageriz<\/strong> y <strong class=\"mce\">Alcubilla de Nogales<\/strong>.<\/p>\n<p class=\"mce\">Tambi\u00e9n sigue cortada la <strong class=\"mce\">carretera ZA-P-2554<\/strong> entre Congosta y Ayo\u00f3 de Vidriales, aunque ya se ha reabierto el tramo entre Congosta y Cubo de Benavente.<\/p>\n<p>                <a href=\"https:\/\/www.telemadrid.es\/programas\/telenoticias-2\/Activado-el-nivel-2-de-alerta-en-Tres-Cantos-por-un-incendio-descontrolado-cercano-a-viviendas-2-2805939434--20250811091620.html\" class=\"lnk\" target=\"_blank\" rel=\"nofollow noopener\">Activado el nivel 2 de alerta en Tres Cantos por un incendio descontrolado  cercano a viviendas<\/a><\/p>\n<p class=\"mce\">Este incendio ha sido especialmente agresivo: desde el domingo, ha obligado a desalojar <strong class=\"mce\">a unas 850 personas<\/strong>, incluyendo vecinos y veraneantes de Molezuelas de la Carballeda, Congosta, U\u00f1a de Quintana y Cubo de Benavente.<\/p>\n<p class=\"mce\">Durante la tarde de este lunes, las autoridades han ordenado una nueva evacuaci\u00f3n en Congosta y han confinado a los residentes de Ayo\u00f3 de Vidriales y Carracedo.<\/p>\n<p class=\"mce\">El fuego, que todo apunta a que fue intencionado, ha calcinado ya unas <strong class=\"mce\">3.500 hect\u00e1reas<\/strong> y ha causado importantes da\u00f1os materiales. En Cubo de Benavente, las llamas han destruido dos viviendas, un almac\u00e9n de ferreter\u00eda, casas abandonadas y naves ganaderas.<\/p>\n<p class=\"mce\">Los dispositivos de emergencia siguen trabajando en ambos frentes con <strong class=\"mce\">medios a\u00e9reos y terrestres<\/strong>, mientras las autoridades alertan del <strong class=\"mce\">alto riesgo<\/strong> debido a las condiciones meteorol\u00f3gicas y la posible reactivaci\u00f3n de focos.<\/p>\n<p class=\"mce\">La Junta mantiene activo el protocolo de nivel 2, que implica riesgo directo para la poblaci\u00f3n y exige medios extraordinarios de intervenci\u00f3n.<\/p>\n","protected":false},"excerpt":{"rendered":"Los dos incendios forestales de mayor gravedad que afectan este lunes a la provincia de Zamora, en Puercas&hellip;\n","protected":false},"author":2,"featured_media":41622,"comment_status":"","ping_status":"","sticky":false,"template":"","format":"standard","meta":{"footnotes":""},"categories":[5],"tags":[17,18,25,24,13,14,11226,11,4977,19,20,9,19903,10,15,16,19904,23,12,21,22,2946],"class_list":{"0":"post-41621","1":"post","2":"type-post","3":"status-publish","4":"format-standard","5":"has-post-thumbnail","7":"category-titulares","8":"tag-breaking-news","9":"tag-breakingnews","10":"tag-es","11":"tag-espana","12":"tag-featured-news","13":"tag-featurednews","14":"tag-gravedad","15":"tag-headlines","16":"tag-incendio-forestal","17":"tag-latest-news","18":"tag-latestnews","19":"tag-news","20":"tag-nivel-2","21":"tag-noticias","22":"tag-noticias-destacadas","23":"tag-noticiasdestacadas","24":"tag-puercas","25":"tag-spain","26":"tag-titulares","27":"tag-ultimas-noticias","28":"tag-ultimasnoticias","29":"tag-zamora"},"share_on_mastodon":{"url":"","error":""},"_links":{"self":[{"href":"https:\/\/www.europesays.com\/es\/wp-json\/wp\/v2\/posts\/41621","targetHints":{"allow":["GET"]}}],"collection":[{"href":"https:\/\/www.europesays.com\/es\/wp-json\/wp\/v2\/posts"}],"about":[{"href":"https:\/\/www.europesays.com\/es\/wp-json\/wp\/v2\/types\/post"}],"author":[{"embeddable":true,"href":"https:\/\/www.europesays.com\/es\/wp-json\/wp\/v2\/users\/2"}],"replies":[{"embeddable":true,"href":"https:\/\/www.europesays.com\/es\/wp-json\/wp\/v2\/comments?post=41621"}],"version-history":[{"count":0,"href":"https:\/\/www.europesays.com\/es\/wp-json\/wp\/v2\/posts\/41621\/revisions"}],"wp:featuredmedia":[{"embeddable":true,"href":"https:\/\/www.europesays.com\/es\/wp-json\/wp\/v2\/media\/41622"}],"wp:attachment":[{"href":"https:\/\/www.europesays.com\/es\/wp-json\/wp\/v2\/media?parent=41621"}],"wp:term":[{"taxonomy":"category","embeddable":true,"href":"https:\/\/www.europesays.com\/es\/wp-json\/wp\/v2\/categories?post=41621"},{"taxonomy":"post_tag","embeddable":true,"href":"https:\/\/www.europesays.com\/es\/wp-json\/wp\/v2\/tags?post=41621"}],"curies":[{"name":"wp","href":"https:\/\/api.w.org\/{rel}","templated":true}]}}