{"id":41631,"date":"2025-08-12T02:48:08","date_gmt":"2025-08-12T02:48:08","guid":{"rendered":"https:\/\/www.europesays.com\/es\/41631\/"},"modified":"2025-08-12T02:48:08","modified_gmt":"2025-08-12T02:48:08","slug":"el-momento-mas-luminoso-de-la-aizkolari-beratarra-nerea-sorondo","status":"publish","type":"post","link":"https:\/\/www.europesays.com\/es\/41631\/","title":{"rendered":"El momento m\u00e1s luminoso de la aizkolari beratarra Nerea Sorondo"},"content":{"rendered":"<p>\n        La vida le sonr\u00ede a la <a href=\"https:\/\/www.noticiasdealava.eus\/tags\/navarra\/\" title=\"beratarra\" target=\"_blank\" class=\"link copy\" rel=\"nofollow noopener\">beratarra <\/a>Nerea Sorondo. A sus 38 a\u00f1os, la <strong>tres veces campeona de Euskal Herria <\/strong>y, desde el pasado 11 de julio, cuatro veces campeona de Navarra, disfruta de la plenitud que otorga la madurez deportiva. Aunque admite que desde hace un tiempo le cuesta m\u00e1s tiempo recuperarse tras un gran esfuerzo, sigue siendo la m\u00e1s r\u00e1pida con la aizkora. En la plaza de los Fueros de Pamplona volvi\u00f3 a mostrar su poder\u00edo al imponerse a Uxue Ansorregi, igual que en 2024, en el campeonato navarro. \u201cLa edad me ha dado m\u00e1s confianza en mis posibilidades, pero tambi\u00e9n m\u00e1s tranquilidad. Gane o pierda, me tomo las cosas de otro modo\u201d, cuenta Sorondo en un descanso en su jornada laboral como asistenta domiciliaria de personas dependientes.\u00a0\n<\/p>\n<p class=\"article-body__text \">\n        Sorondo ha obtenido la plaza de funcionaria despu\u00e9s de cubrir sustituciones durante ocho a\u00f1os. Por fin goza de una estabilidad profesional que le permite compaginar el trabajo con su carrera deportiva. Cuando trata de expresar lo que para ella significa ser aizkolari se le hincha el coraz\u00f3n. No es un deporte cualquiera. Es otra cosa. Amor a primera vista. Un flechazo. \u201cYo es que amo la aizkora\u201d, expresa. En los \u00faltimos a\u00f1os <strong>Nerea reconoce que el nivel ha subido<\/strong> porque las nuevas generaciones vienen apretando fuerte. \u201cMe encuentro bien, estoy en un buen momento, pero cada vez hay mejores aizkolaris\u201d, afirma. Entre las j\u00f3venes valores destaca a Laiene Pikabea, de Ere\u00f1otzu, que a sus 21 a\u00f1os se proclam\u00f3 por primera vez campeona de Urrezko Aizkora el pasado mes de marzo.\n<\/p>\n<p class=\"article-body__text \">\n        En una entrevista que concedi\u00f3 a la revista Argia hace cinco a\u00f1os, la aizkolari navarra sostuvo que <strong>las mujeres a\u00fan no hab\u00edan llegado a lo m\u00e1s alto en los <\/strong><a href=\"https:\/\/www.noticiasdealava.eus\/tags\/herri-kirolak\/\" title=\"herri kirolak.\" target=\"_blank\" class=\"link copy\" rel=\"nofollow noopener\">herri kirolak.<\/a> \u00bfSigue pensando lo mismo? \u201cS\u00ed, todav\u00eda nos faltan pasos por dar\u201d, responde. Ella no es la mayor del circuito -la incombustible Maika Ariztegi, de Ituren, tiene 53 a\u00f1os-, pero tampoco es ya aquella joven que con 25 a\u00f1os descubri\u00f3 un mundo nuevo despu\u00e9s de haber destacado como trontzalari formando pareja con Amaia Gartzia. \u201cMientras pueda seguir\u00e9 compitiendo, pero no depender\u00e1 de los resultados. No estar\u00eda bien dejarlo cuando empiece a perder un campeonato tras otro\u201d.\n<\/p>\n<p>  Disciplina y fortaleza<\/p>\n<p class=\"article-body__text \">\n        Si ha llegado a la cima del deporte no es porque est\u00e9 hecha de otra pasta. Admite que siempre ha sido fuerte, pero entrena duro y es una persona profesional y disciplinada. Se sigue ejercitando bajo las \u00f3rdenes del experimentado<strong> aizkolari y harrijasotzaile de Arantza Patxi Larretxea. <\/strong>Entrena dos o tres d\u00edas a la semana y en verano se le amontona el trabajo: raro es el fin de semana que no acuda a alguna exhibici\u00f3n deportiva en nuestros pueblos. La \u00faltima edici\u00f3n del Ram\u00f3n Latasa Saria, que se celebr\u00f3 ayer 9 agosto en el front\u00f3n de Sunbilla, es uno de los platos fuertes entre aizkolaris y harrijasotzailes. Nerea particip\u00f3 esta vez en la competici\u00f3n de aizkora femenino junto a Laiene Pikabea.\u00a0\n<\/p>\n<p class=\"article-body__text \">\n        De su municipio destaca la animada vida cultural y que se haya convertido en <strong>una gran cantera de m\u00fasicos vascos: <\/strong>Petti, Joseba Irazoki y Joseba B. Lenoir, entre otros, son de Bera. Hace nueve a\u00f1os, en las fiestas de San Esteban de la localidad navarra lanz\u00f3 el txupinazo, acompa\u00f1ada de la trontzalari Amaia Garc\u00eda. Se siente querida y valorada entre los suyos, pero al mismo tiempo, admite que siente envidia al ver c\u00f3mo en otras localidades como en la vecina Lesaka los herri kirolak tienen un mayor protagonismo. Pero no es una queja. Ella ya ha llegado lejos. La aizkolari se acerca a los 40 a\u00f1os en un momento muy luminoso.<\/p>\n","protected":false},"excerpt":{"rendered":"La vida le sonr\u00ede a la beratarra Nerea Sorondo. A sus 38 a\u00f1os, la tres veces campeona de&hellip;\n","protected":false},"author":2,"featured_media":41632,"comment_status":"","ping_status":"","sticky":false,"template":"","format":"standard","meta":{"footnotes":""},"categories":[269],"tags":[19907,299,298,19908,168,25,24,19906,2812,1509,19909,23,167],"class_list":{"0":"post-41631","1":"post","2":"type-post","3":"status-publish","4":"format-standard","5":"has-post-thumbnail","7":"category-baloncesto","8":"tag-aizkolari","9":"tag-baloncesto","10":"tag-basketball","11":"tag-beratarra","12":"tag-deportes","13":"tag-es","14":"tag-espana","15":"tag-luminoso","16":"tag-momento","17":"tag-nerea","18":"tag-sorondo","19":"tag-spain","20":"tag-sports"},"share_on_mastodon":{"url":"","error":""},"_links":{"self":[{"href":"https:\/\/www.europesays.com\/es\/wp-json\/wp\/v2\/posts\/41631","targetHints":{"allow":["GET"]}}],"collection":[{"href":"https:\/\/www.europesays.com\/es\/wp-json\/wp\/v2\/posts"}],"about":[{"href":"https:\/\/www.europesays.com\/es\/wp-json\/wp\/v2\/types\/post"}],"author":[{"embeddable":true,"href":"https:\/\/www.europesays.com\/es\/wp-json\/wp\/v2\/users\/2"}],"replies":[{"embeddable":true,"href":"https:\/\/www.europesays.com\/es\/wp-json\/wp\/v2\/comments?post=41631"}],"version-history":[{"count":0,"href":"https:\/\/www.europesays.com\/es\/wp-json\/wp\/v2\/posts\/41631\/revisions"}],"wp:featuredmedia":[{"embeddable":true,"href":"https:\/\/www.europesays.com\/es\/wp-json\/wp\/v2\/media\/41632"}],"wp:attachment":[{"href":"https:\/\/www.europesays.com\/es\/wp-json\/wp\/v2\/media?parent=41631"}],"wp:term":[{"taxonomy":"category","embeddable":true,"href":"https:\/\/www.europesays.com\/es\/wp-json\/wp\/v2\/categories?post=41631"},{"taxonomy":"post_tag","embeddable":true,"href":"https:\/\/www.europesays.com\/es\/wp-json\/wp\/v2\/tags?post=41631"}],"curies":[{"name":"wp","href":"https:\/\/api.w.org\/{rel}","templated":true}]}}