{"id":416335,"date":"2026-02-25T14:06:10","date_gmt":"2026-02-25T14:06:10","guid":{"rendered":"https:\/\/www.europesays.com\/es\/416335\/"},"modified":"2026-02-25T14:06:10","modified_gmt":"2026-02-25T14:06:10","slug":"marko-daniel-dejara-en-junio-la-direccion-de-la-fundacion-miro-noticias-de-cataluna","status":"publish","type":"post","link":"https:\/\/www.europesays.com\/es\/416335\/","title":{"rendered":"Marko Daniel dejar\u00e1 en junio la direcci\u00f3n de la Fundaci\u00f3n Mir\u00f3 | Noticias de Catalu\u00f1a"},"content":{"rendered":"<p class=\"\">La <a href=\"https:\/\/elpais.com\/noticias\/fundacion-miro\/\" target=\"_self\" rel=\"nofollow noopener\" title=\"https:\/\/elpais.com\/noticias\/fundacion-miro\/\">Fundaci\u00f3n Joan Mir\u00f3<\/a> ha anunciado este mi\u00e9rcoles que Marko Daniel finalizar\u00e1 en junio su mandato como director general de la instituci\u00f3n de Barcelona, cargo que asumi\u00f3 en 2018 y que ha ejercido durante dos mandatos consecutivos. El Patronato expresa su reconocimiento por el trabajo que ha realizado durante esta etapa, a la vez que menciona que ha sido el m\u00e1ximo responsable en uno de los momentos m\u00e1s exigentes y al mismo tiempo m\u00e1s fruct\u00edferos de su historia. La instituci\u00f3n que dej\u00f3 a la ciudad Joan Mir\u00f3 justo acaba de <a href=\"https:\/\/elpais.com\/espana\/catalunya\/2025-06-05\/el-50-aniversario-de-la-fundacion-miro-de-barcelona-se-centrara-en-subrayar-la-dimension-internacional-del-artista-y-en-celebrar-el-edificio-de-sert.html\" target=\"_self\" rel=\"nofollow noopener\" title=\"https:\/\/elpais.com\/espana\/catalunya\/2025-06-05\/el-50-aniversario-de-la-fundacion-miro-de-barcelona-se-centrara-en-subrayar-la-dimension-internacional-del-artista-y-en-celebrar-el-edificio-de-sert.html\">celebrar sus 50 a\u00f1os<\/a>. Durante las pr\u00f3ximas semanas, el Patronato impulsar\u00e1 el proceso de selecci\u00f3n de la nueva direcci\u00f3n general. <\/p>\n<p>M\u00e1s informaci\u00f3n<\/p>\n<p class=\"\">Bajo la direcci\u00f3n de Marko Daniel, la Fundaci\u00f3 Joan Mir\u00f3 ha crecido como instituci\u00f3n, apunta el comunicado enviado a la prensa: \u201cHa profundizado en su modelo de gesti\u00f3n, ha ampliado su presencia internacional y ha reforzado su v\u00ednculo con los p\u00fablicos de Catalu\u00f1a y del mundo\u201d. Los grandes proyectos expositivos de los \u00faltimos a\u00f1os \u2014<a href=\"https:\/\/elpais.com\/espana\/catalunya\/2021-12-21\/joan-miro-y-paul-klee-se-veran-las-caras-en-barcelona.html\" target=\"_self\" rel=\"nofollow noopener\" title=\"https:\/\/elpais.com\/espana\/catalunya\/2021-12-21\/joan-miro-y-paul-klee-se-veran-las-caras-en-barcelona.html\">Paul Klee <\/a>(2022-23), <a href=\"https:\/\/elpais.com\/cultura\/2023-10-19\/picasso-y-miro-cara-a-cara.html\" target=\"_self\" rel=\"nofollow noopener\" title=\"https:\/\/elpais.com\/cultura\/2023-10-19\/picasso-y-miro-cara-a-cara.html\">Mir\u00f3-Picasso<\/a> (2023-24), Mir\u00f3-Matisse (2024-25) y la exposici\u00f3n centrada en Mir\u00f3 y Estados Unidos (2025-26)\u2014 han situado la obra del pintor catal\u00e1n en di\u00e1logo con figuras capitales con instituciones de referencia.<\/p>\n<p class=\"\">Asimismo, el agradecimiento del Patronato incide en que Marko Daniel ha ayudado a la Fundaci\u00f3n a ampliar su red de colaboraciones internacionales, ha formalizado nuevos acuerdos de patrocinio estrat\u00e9gicos y mantiene proyectos en desarrollo con sedes como Shenzhen, S\u00e3o Paulo y Beijing. La nota tambi\u00e9n destaca que deja como legado una estructura reforzada en el funcionamiento del museo.<\/p>\n<p class=\"\">Marko Daniel (Aquisgr\u00e1n, 1964) era jefe de programas p\u00fablicos de la Tate Modern y la Tate Britain de Londres desde 2006 cuando aterriz\u00f3 en el museo de Montju\u00efc, despu\u00e9s de ganar el concurso internacional convocado para sustituir en el cargo a <a href=\"https:\/\/elpais.com\/ccaa\/2017\/06\/21\/catalunya\/1498068537_206226.html\" rel=\"nofollow noopener\" target=\"_blank\">Rosa Maria Malet<\/a>, que fue directora de la Fundaci\u00f3n Mir\u00f3 durante m\u00e1s de 30 a\u00f1os.<\/p>\n","protected":false},"excerpt":{"rendered":"La Fundaci\u00f3n Joan Mir\u00f3 ha anunciado este mi\u00e9rcoles que Marko Daniel finalizar\u00e1 en junio su mandato como director&hellip;\n","protected":false},"author":2,"featured_media":416336,"comment_status":"","ping_status":"","sticky":false,"template":"","format":"standard","meta":{"footnotes":""},"categories":[173],"tags":[229,233,505,231,230,210,1980,232,234,146,147,25,24,241,48792,11062,3873,17947,23],"class_list":["post-416335","post","type-post","status-publish","format-standard","has-post-thumbnail","category-arte-y-diseno","tag-arte","tag-arte-y-diseno","tag-artistas","tag-arts","tag-arts-and-design","tag-barcelona","tag-cataluna","tag-design","tag-diseno","tag-entertainment","tag-entretenimiento","tag-es","tag-espana","tag-exposiciones","tag-fundacion-miro","tag-joan-miro","tag-museos","tag-museos-privados","tag-spain"],"share_on_mastodon":{"url":"https:\/\/pubeurope.com\/@es\/116131658800654136","error":""},"_links":{"self":[{"href":"https:\/\/www.europesays.com\/es\/wp-json\/wp\/v2\/posts\/416335","targetHints":{"allow":["GET"]}}],"collection":[{"href":"https:\/\/www.europesays.com\/es\/wp-json\/wp\/v2\/posts"}],"about":[{"href":"https:\/\/www.europesays.com\/es\/wp-json\/wp\/v2\/types\/post"}],"author":[{"embeddable":true,"href":"https:\/\/www.europesays.com\/es\/wp-json\/wp\/v2\/users\/2"}],"replies":[{"embeddable":true,"href":"https:\/\/www.europesays.com\/es\/wp-json\/wp\/v2\/comments?post=416335"}],"version-history":[{"count":0,"href":"https:\/\/www.europesays.com\/es\/wp-json\/wp\/v2\/posts\/416335\/revisions"}],"wp:featuredmedia":[{"embeddable":true,"href":"https:\/\/www.europesays.com\/es\/wp-json\/wp\/v2\/media\/416336"}],"wp:attachment":[{"href":"https:\/\/www.europesays.com\/es\/wp-json\/wp\/v2\/media?parent=416335"}],"wp:term":[{"taxonomy":"category","embeddable":true,"href":"https:\/\/www.europesays.com\/es\/wp-json\/wp\/v2\/categories?post=416335"},{"taxonomy":"post_tag","embeddable":true,"href":"https:\/\/www.europesays.com\/es\/wp-json\/wp\/v2\/tags?post=416335"}],"curies":[{"name":"wp","href":"https:\/\/api.w.org\/{rel}","templated":true}]}}