{"id":416692,"date":"2026-02-25T18:16:12","date_gmt":"2026-02-25T18:16:12","guid":{"rendered":"https:\/\/www.europesays.com\/es\/416692\/"},"modified":"2026-02-25T18:16:12","modified_gmt":"2026-02-25T18:16:12","slug":"kurucs-a-los-baskonistas-que-le-increpan-seguid-hablando-vais-a-tener-que-verme-en-el-buesa-minimo-dos-anos-mas","status":"publish","type":"post","link":"https:\/\/www.europesays.com\/es\/416692\/","title":{"rendered":"Kurucs, a los baskonistas que le increpan: \u00abSeguid hablando, vais a tener que verme en el Buesa m\u00ednimo dos a\u00f1os m\u00e1s\u00bb"},"content":{"rendered":"<p>Rodions Kurucs estaba llamado a ser uno de los animadores de la celebraci\u00f3n en la Virgen Blanca. Es de los pocos jugadores de la plantilla  &#8230; azulgrana que habla castellano y que adem\u00e1s tuvo un papel relevante en la consecuci\u00f3n del t\u00edtulo pese a jugar con un esguince. El capit\u00e1n Sedekerskis le dio paso as\u00ed desde la balconada. \u00abEs su primer a\u00f1o, pero ha jugado con una lesi\u00f3n muy grave. Ha hecho un esfuerzo incre\u00edble, una demostraci\u00f3n de car\u00e1cter, hay que estar agradecido por su esfuerzo\u00bb. Sin embargo, cuando el ala-p\u00edvot let\u00f3n agarr\u00f3 el micr\u00f3fono, se escucharon increpaciones de una peque\u00f1a parte del p\u00fablico. \u00abKurucs, escoria, fuera de Vitoria\u00bb. Al verlo, el jugador b\u00e1ltico declin\u00f3 hablar y se qued\u00f3 en segundo plano.<\/p>\n<p class=\"v-p\">\u00abNo quer\u00eda entrar en debates. Era lo mejor\u00bb, justific\u00f3 horas despu\u00e9s en su cuenta de Instagram. \u00abHe recibido muchos mensajes de apoyo sobre esta gente que estaba ladrando\u00bb, subray\u00f3. Con sus \u00abemociones calmadas\u00bb, quiso agradecer a los aficionados su apoyo, pero tambi\u00e9n enviar un mensaje a sus detractores. \u00abY para los que hablan, seguid hablando; vais a tener que verme en el Buesa m\u00ednimo dos a\u00f1os m\u00e1s. Voy a defender los colores de este equipo con todo el esfuerzo, car\u00e1cter y ganas de ganar m\u00e1s t\u00edtulos este y los siguientes a\u00f1os\u00bb, expres\u00f3. <\/p>\n<p class=\"v-p\">Para encontrar el motivo del c\u00e1ntico hay que retroceder siete a\u00f1os. Kurucs acababa de llegar a la NBA. Jugaba en los Brooklyn Nets. Un d\u00eda fue arrestado por presuntamente estrangular y golpear a la que entonces era su pareja. Fue puesto en libertad sin fianza. El proceso judicial iniciado por la denuncia de la mujer termin\u00f3 con el let\u00f3n declar\u00e1ndose culpable de alteraci\u00f3n de orden p\u00fablico por una discusi\u00f3n acalorada, no un episodio violento. Tampoco se le registraron antecedentes penales. <\/p>\n<p class=\"v-p\">Kurucs quiso quitar hierro a las cr\u00edticas, que, con menor significado, se vienen produciendo a lo largo de la temporada. En varios partidos, el c\u00e1ntico ha sido iniciado desde el sector de la pe\u00f1a Indar Baskonia, que se opuso a su fichaje, hasta 2028. \u00abPara mi es s\u00f3lo ruido, nada m\u00e1s\u00bb. Sin embargo, no dej\u00f3 pasar la oportunidad para agradecer a \u00abJosean (Querejeta), F\u00e9lix (Fern\u00e1ndez) y Paolo (Galbiati), que han venido a sentir el momento conmigo. Para m\u00ed significa much\u00edsimo\u00bb. Cabarrot, compa\u00f1ero suyo tambi\u00e9n en los Nets, fue de los primeros en mostrarle su apoyo en redes sociales. Para el partido de este jueves ante el Valencia Basket, parte de la afici\u00f3n ha iniciado una campa\u00f1a para ovacionarle en el minuto 7 (su dorsal) y mostrar su apoyo.<\/p>\n<p class=\"v-p\">Pese al esguince, Kurucs parece que volver\u00e1 a jugar. \u00abEs otra batalla y vamos a necesitar vuestro apoyo. Nos vemos all\u00ed\u00bb, culmin\u00f3 el let\u00f3n, que tambi\u00e9n explic\u00f3 su sentir con el que considera su primer t\u00edtulo (le computa tambi\u00e9n la Copa 2018 con el Bar\u00e7a, pero no jug\u00f3). \u00abHe puesto todo mi coraz\u00f3n en esta Copa, todo mi esfuerzo, y estoy muy contento por la afici\u00f3n y mis compa\u00f1eros, lo merecen por lo que hemos peleado\u00bb. No se quiso olvidar del imprescindible papel del entrenador Galbiati. \u00abAl principio mucha gente no le quer\u00eda y lo merece m\u00e1s que nosotros. Ganar dos Copas en dos a\u00f1os ense\u00f1a mucho de su persona y pasi\u00f3n hacia el juego. Estoy muy contento por la ciudad, traer Copa a casa despu\u00e9s de 17 a\u00f1os. Es mucho tiempo y significa mucho. Gracias por el apoyo otra vez\u00bb.<\/p>\n","protected":false},"excerpt":{"rendered":"Rodions Kurucs estaba llamado a ser uno de los animadores de la celebraci\u00f3n en la Virgen Blanca. Es&hellip;\n","protected":false},"author":2,"featured_media":416693,"comment_status":"","ping_status":"","sticky":false,"template":"","format":"standard","meta":{"footnotes":""},"categories":[269],"tags":[988,299,298,19793,39305,168,1563,25,24,10800,39122,25866,10873,89009,23,167,9162,60269,25463],"class_list":["post-416692","post","type-post","status-publish","format-standard","has-post-thumbnail","category-baloncesto","tag-anos","tag-baloncesto","tag-basketball","tag-baskonistas","tag-buesa","tag-deportes","tag-dos","tag-es","tag-espana","tag-hablando","tag-increpan","tag-kurucs","tag-minimo","tag-seguid","tag-spain","tag-sports","tag-tener","tag-vais","tag-verme"],"share_on_mastodon":{"url":"https:\/\/pubeurope.com\/@es\/116132641834114304","error":""},"_links":{"self":[{"href":"https:\/\/www.europesays.com\/es\/wp-json\/wp\/v2\/posts\/416692","targetHints":{"allow":["GET"]}}],"collection":[{"href":"https:\/\/www.europesays.com\/es\/wp-json\/wp\/v2\/posts"}],"about":[{"href":"https:\/\/www.europesays.com\/es\/wp-json\/wp\/v2\/types\/post"}],"author":[{"embeddable":true,"href":"https:\/\/www.europesays.com\/es\/wp-json\/wp\/v2\/users\/2"}],"replies":[{"embeddable":true,"href":"https:\/\/www.europesays.com\/es\/wp-json\/wp\/v2\/comments?post=416692"}],"version-history":[{"count":0,"href":"https:\/\/www.europesays.com\/es\/wp-json\/wp\/v2\/posts\/416692\/revisions"}],"wp:featuredmedia":[{"embeddable":true,"href":"https:\/\/www.europesays.com\/es\/wp-json\/wp\/v2\/media\/416693"}],"wp:attachment":[{"href":"https:\/\/www.europesays.com\/es\/wp-json\/wp\/v2\/media?parent=416692"}],"wp:term":[{"taxonomy":"category","embeddable":true,"href":"https:\/\/www.europesays.com\/es\/wp-json\/wp\/v2\/categories?post=416692"},{"taxonomy":"post_tag","embeddable":true,"href":"https:\/\/www.europesays.com\/es\/wp-json\/wp\/v2\/tags?post=416692"}],"curies":[{"name":"wp","href":"https:\/\/api.w.org\/{rel}","templated":true}]}}