{"id":416895,"date":"2026-02-25T20:42:09","date_gmt":"2026-02-25T20:42:09","guid":{"rendered":"https:\/\/www.europesays.com\/es\/416895\/"},"modified":"2026-02-25T20:42:09","modified_gmt":"2026-02-25T20:42:09","slug":"prestianni-no-ira-al-bernabeu-para-evitar-problemas-en-el-real-madrid-vs-benfica-tudn-uefa-champions-league","status":"publish","type":"post","link":"https:\/\/www.europesays.com\/es\/416895\/","title":{"rendered":"Prestianni no ir\u00e1 al Bernab\u00e9u para evitar problemas en el Real Madrid vs. Benfica | TUDN UEFA Champions League"},"content":{"rendered":"<p>Prestianni fue suspendido por UEFA para la vuelta ante Real Madrid tras su incidente con <b> Vin\u00edcius Jr.<\/b>, quien lo denunci\u00f3 de haberlo llamado \u201cmono\u201d en el juego de ida.<\/p>\n<p>Prestianni neg\u00f3 haber insultado a Vin\u00edcius Jr. y el Benfica lo respald\u00f3, mientras que jugadores del Real Madrid como Mbapp\u00e9 aseguraron haber escuchado el insulto.<\/p>\n<p>Mbapp\u00e9, tambi\u00e9n se perder\u00e1, aunque por lesi\u00f3n, el partido de vuelta por el boleto a los Octavos de Final de la Champions League.<\/p>\n","protected":false},"excerpt":{"rendered":"Prestianni fue suspendido por UEFA para la vuelta ante Real Madrid tras su incidente con Vin\u00edcius Jr., quien&hellip;\n","protected":false},"author":2,"featured_media":416896,"comment_status":"","ping_status":"","sticky":false,"template":"","format":"standard","meta":{"footnotes":""},"categories":[93],"tags":[5391,1241,168,25,24,86749,3941,3048,89087,23,167,7680,6674,42007],"class_list":["post-416895","post","type-post","status-publish","format-standard","has-post-thumbnail","category-deportes","tag-benfica","tag-champions-league","tag-deportes","tag-es","tag-espana","tag-gianluca-prestianni","tag-racismo","tag-real-madrid","tag-real-madrid-vs-benfica","tag-spain","tag-sports","tag-suspension","tag-uefa","tag-vinicius-jr"],"share_on_mastodon":{"url":"https:\/\/pubeurope.com\/@es\/116133216024823057","error":""},"_links":{"self":[{"href":"https:\/\/www.europesays.com\/es\/wp-json\/wp\/v2\/posts\/416895","targetHints":{"allow":["GET"]}}],"collection":[{"href":"https:\/\/www.europesays.com\/es\/wp-json\/wp\/v2\/posts"}],"about":[{"href":"https:\/\/www.europesays.com\/es\/wp-json\/wp\/v2\/types\/post"}],"author":[{"embeddable":true,"href":"https:\/\/www.europesays.com\/es\/wp-json\/wp\/v2\/users\/2"}],"replies":[{"embeddable":true,"href":"https:\/\/www.europesays.com\/es\/wp-json\/wp\/v2\/comments?post=416895"}],"version-history":[{"count":0,"href":"https:\/\/www.europesays.com\/es\/wp-json\/wp\/v2\/posts\/416895\/revisions"}],"wp:featuredmedia":[{"embeddable":true,"href":"https:\/\/www.europesays.com\/es\/wp-json\/wp\/v2\/media\/416896"}],"wp:attachment":[{"href":"https:\/\/www.europesays.com\/es\/wp-json\/wp\/v2\/media?parent=416895"}],"wp:term":[{"taxonomy":"category","embeddable":true,"href":"https:\/\/www.europesays.com\/es\/wp-json\/wp\/v2\/categories?post=416895"},{"taxonomy":"post_tag","embeddable":true,"href":"https:\/\/www.europesays.com\/es\/wp-json\/wp\/v2\/tags?post=416895"}],"curies":[{"name":"wp","href":"https:\/\/api.w.org\/{rel}","templated":true}]}}