{"id":417085,"date":"2026-02-25T23:13:14","date_gmt":"2026-02-25T23:13:14","guid":{"rendered":"https:\/\/www.europesays.com\/es\/417085\/"},"modified":"2026-02-25T23:13:14","modified_gmt":"2026-02-25T23:13:14","slug":"localizado-un-modulador-molecular-que-favorece-la-regeneracion-muscular","status":"publish","type":"post","link":"https:\/\/www.europesays.com\/es\/417085\/","title":{"rendered":"Localizado un modulador molecular que favorece la regeneraci\u00f3n muscular"},"content":{"rendered":"<p class=\"mostrar_fragmento\">El m\u00fasculo esquel\u00e9tico adulto contiene numerosas miofibras que sustentan la postura, el movimiento y el metabolismo. El desarrollo y el mantenimiento de estas fibras dependen de la fusi\u00f3n de c\u00e9lulas madre musculares mononucleadas (MuSC) o c\u00e9lulas sat\u00e9lite. Dichas\u00a0MuSC residen en un estado inactivo alrededor de las miofibras, pero ante episodios &#8230;            &#13;\n        <\/p>\n<p> &#13;<\/p>\n<p>El m\u00fasculo esquel\u00e9tico adulto contiene <strong>numerosas miofibras <\/strong>que sustentan la postura, el movimiento y el metabolismo. El desarrollo y el mantenimiento de estas fibras dependen de la fusi\u00f3n de c\u00e9lulas madre musculares mononucleadas (MuSC) o c\u00e9lulas sat\u00e9lite. Dichas\u00a0MuSC residen en un estado inactivo alrededor de las miofibras, pero ante episodios de estr\u00e9s o de lesi\u00f3n, pueden activarse.<\/p>\n<p>Para reparar el m\u00fasculo, <strong>las c\u00e9lulas musculares o miocitos se fusionan entre s\u00ed.<\/strong> Sin embargo, las v\u00edas moleculares que se\u00f1alizan esta fusi\u00f3n entre c\u00e9lulas siguen estando poco definidas. De ah\u00ed, la investigaci\u00f3n promovida por cient\u00edficos de la Universidad de Cornell en Nueva York (EEUU) a partir de la cual se ha conseguido\u00a0una respuesta que podr\u00eda conducir a un mejor tratamiento para enfermedades como la distrofia muscular y las lesiones graves.<\/p>\n<p class=\"MsoNormal\">El equipo investigador, dirigido por\u00a0<strong>Daniel Berry,\u00a0<\/strong>profesor asociado Andre Bensadoun, en la Facultad de Ecolog\u00eda Humana,\u00a0descubri\u00f3 que <strong>el receptor&#13;<br \/>\nbeta del factor de crecimiento<\/strong> derivado de plaquetas (PDGFRb), una <strong>prote\u00edna&#13;<br \/>\nreceptora<\/strong> presente en las membranas celulares, es un modulador clave de la&#13;<br \/>\nfunci\u00f3n de los miocitos en las c\u00e9lulas musculares adultas.<\/p>\n<p class=\"MsoNormal\">Seg\u00fan se desprende del estudio, publicado\u00a0en el &#8216;Journal of Clinical Investigation&#8217;,\u00a0la funci\u00f3n muscular de los sujetos se alteraba de una forma que podr\u00eda estar relacionada con el PDGFRb.\u00a0Mediante experimentos in vitro e in vivo, descubrieron que la eliminaci\u00f3n gen\u00e9tica de PDGFRb mejoraba la regeneraci\u00f3n muscular y aumentaba el tama\u00f1o de las miofibras, mientras que la activaci\u00f3n de dicho receptor beta perjudicaba la reparaci\u00f3n muscular.\u00a0<\/p>\n<p> &#13;<\/p>\n<p class=\"MsoNormal\">\u00abComenzamos a estudiar el desarrollo y el metabolismo muscular, y descubrimos un papel inesperado en la regeneraci\u00f3n. Descubrimos que el m\u00fasculo pod\u00eda recuperarse m\u00e1s r\u00e1pido al eliminar el receptor, y al activarlo, la recuperaci\u00f3n se ralentizaba\u00bb, tal como expuso el prof. Berry.<\/p>\n<p class=\"MsoNormal\">Sobre el principal hallazgo, los autores del trabajo consideran que los receptores de tirosina quinasa <strong>impulsan el crecimiento y la supervivencia celular<\/strong>, no que determinan la fusi\u00f3n celular, lo cual representa una funci\u00f3n desconocida hasta ahora.<\/p>\n<p class=\"MsoNormal\">\u00abUna vez que entendamos c\u00f3mo se regula la reparaci\u00f3n muscular, podremos comenzar a dise\u00f1ar estrategias para preservar los m\u00fasculos durante el envejecimiento, las enfermedades o la p\u00e9rdida r\u00e1pida de peso\u00bb, concluy\u00f3 el prof. Berry, cuyo equipo se encuentra, ahora,\u00a0estudiando el desarrollo muscular durante la etapa embrionaria y c\u00f3mo eso determina la <strong>formaci\u00f3n muscular a lo largo de la vida<\/strong>.<\/p>\n<p>&#13;<br \/>\n            SEGUIR LEYENDO&#13;\n        <\/p>\n","protected":false},"excerpt":{"rendered":"El m\u00fasculo esquel\u00e9tico adulto contiene numerosas miofibras que sustentan la postura, el movimiento y el metabolismo. El desarrollo&hellip;\n","protected":false},"author":2,"featured_media":417086,"comment_status":"","ping_status":"","sticky":false,"template":"","format":"standard","meta":{"footnotes":""},"categories":[92],"tags":[1021,47239,21611,60814,89115,7173,1293,25,24,56344,24700,21700,65563,14001,165,10480,29424,31,1684,89113,59671,8632,33948,14988,87281,4013,659,3479,71517,39718,82813,16367,166,89114,688,7768,23,1064,8762],"class_list":["post-417085","post","type-post","status-publish","format-standard","has-post-thumbnail","category-salud","tag-celulas","tag-conducir","tag-conocimiento","tag-definidas","tag-distrofia","tag-embargo","tag-enfermedades","tag-es","tag-espana","tag-estando","tag-favorece","tag-fusion","tag-fusionan","tag-graves","tag-health","tag-lesiones","tag-localizado","tag-mayor","tag-mejor","tag-miocitos","tag-modulador","tag-molecular","tag-moleculares","tag-muscular","tag-musculares","tag-musculo","tag-poco","tag-podria","tag-recabar","tag-regeneracion","tag-reparar","tag-respecto","tag-salud","tag-senalizan","tag-si","tag-siguen","tag-spain","tag-tratamiento","tag-vias"],"share_on_mastodon":{"url":"https:\/\/pubeurope.com\/@es\/116133809978952360","error":""},"_links":{"self":[{"href":"https:\/\/www.europesays.com\/es\/wp-json\/wp\/v2\/posts\/417085","targetHints":{"allow":["GET"]}}],"collection":[{"href":"https:\/\/www.europesays.com\/es\/wp-json\/wp\/v2\/posts"}],"about":[{"href":"https:\/\/www.europesays.com\/es\/wp-json\/wp\/v2\/types\/post"}],"author":[{"embeddable":true,"href":"https:\/\/www.europesays.com\/es\/wp-json\/wp\/v2\/users\/2"}],"replies":[{"embeddable":true,"href":"https:\/\/www.europesays.com\/es\/wp-json\/wp\/v2\/comments?post=417085"}],"version-history":[{"count":0,"href":"https:\/\/www.europesays.com\/es\/wp-json\/wp\/v2\/posts\/417085\/revisions"}],"wp:featuredmedia":[{"embeddable":true,"href":"https:\/\/www.europesays.com\/es\/wp-json\/wp\/v2\/media\/417086"}],"wp:attachment":[{"href":"https:\/\/www.europesays.com\/es\/wp-json\/wp\/v2\/media?parent=417085"}],"wp:term":[{"taxonomy":"category","embeddable":true,"href":"https:\/\/www.europesays.com\/es\/wp-json\/wp\/v2\/categories?post=417085"},{"taxonomy":"post_tag","embeddable":true,"href":"https:\/\/www.europesays.com\/es\/wp-json\/wp\/v2\/tags?post=417085"}],"curies":[{"name":"wp","href":"https:\/\/api.w.org\/{rel}","templated":true}]}}