{"id":417174,"date":"2026-02-26T00:18:14","date_gmt":"2026-02-26T00:18:14","guid":{"rendered":"https:\/\/www.europesays.com\/es\/417174\/"},"modified":"2026-02-26T00:18:14","modified_gmt":"2026-02-26T00:18:14","slug":"desvelan-las-primeras-imagenes-de-cochinas-la-nueva-serie-de-andrea-jaurrieta","status":"publish","type":"post","link":"https:\/\/www.europesays.com\/es\/417174\/","title":{"rendered":"Desvelan las primeras im\u00e1genes de &#8216;Cochinas&#8217;, la nueva serie de Andrea Jaurrieta"},"content":{"rendered":"<p class=\"article-body__text \">\n        Cochinas se presentar\u00e1 en el pr\u00f3ximo<a href=\"https:\/\/festivaldemalaga.com\/edicion\/ver-pelicula\/?id=3683\" title=\"Festival de M\u00e1laga\" rel=\"nofollow noopener\" target=\"_blank\" class=\"link copy\"> <\/a><a href=\"https:\/\/festivaldemalaga.com\/edicion\/ver-pelicula\/?id=3683\" title=\"Festival de M\u00e1laga\" rel=\"nofollow noopener\" target=\"_blank\" class=\"link copy\"><strong>Festival de M\u00e1laga<\/strong><\/a> en la secci\u00f3n Oficial fuera de concurso y <strong>estar\u00e1 disponible en exclusiva en Prime Video en el mes de abril <\/strong>en <strong>m\u00e1s de 230 pa\u00edses <\/strong>y territorios en todo el mundo.\n<\/p>\n<p class=\"article-body__text \">\n        Completan el reparto <a href=\"https:\/\/services.hosting.augure.com\/Response\/c66TF\/%7B8418fea5-9846-4d57-875d-53a801772ea2%7D\" title=\"Raquel P\u00e9rez\" rel=\"nofollow noopener\" class=\"link copy\" target=\"_blank\">Raquel P\u00e9rez<\/a> (Ca\u00edda libre, Los protegidos: A.D.N.), <a href=\"https:\/\/services.hosting.augure.com\/Response\/c66TG\/%7B8418fea5-9846-4d57-875d-53a801772ea2%7D\" title=\"Celia de Molina\" rel=\"nofollow noopener\" class=\"link copy\" target=\"_blank\">Celia de Molina<\/a> (D\u00edas Mejores, Urban. La vida es nuestra), <a href=\"https:\/\/services.hosting.augure.com\/Response\/c66TH\/%7B8418fea5-9846-4d57-875d-53a801772ea2%7D\" title=\"Chani Mart\u00edn \" rel=\"nofollow noopener\" class=\"link copy\" target=\"_blank\">Chani Mart\u00edn <\/a>(Marco, Poquita fe), <a href=\"https:\/\/services.hosting.augure.com\/Response\/c66TI\/%7B8418fea5-9846-4d57-875d-53a801772ea2%7D\" title=\"Esperanza de la Encarnaci\u00f3n\" rel=\"nofollow noopener\" class=\"link copy\" target=\"_blank\">Esperanza de la Encarnaci\u00f3n<\/a> (HIT, El ministerio del tiempo), <a href=\"https:\/\/services.hosting.augure.com\/Response\/c66TJ\/%7B8418fea5-9846-4d57-875d-53a801772ea2%7D\" title=\"\u00c1lvaro Almod\u00f3var\" rel=\"nofollow noopener\" class=\"link copy\" target=\"_blank\">\u00c1lvaro Almod\u00f3var<\/a> (Mariliendre), <a href=\"https:\/\/services.hosting.augure.com\/Response\/c66TK\/%7B8418fea5-9846-4d57-875d-53a801772ea2%7D\" title=\"Albert Bar\u00f3\" rel=\"nofollow noopener\" class=\"link copy\" target=\"_blank\">Albert Bar\u00f3<\/a> (Nacho, Merl\u00ed), <a href=\"https:\/\/services.hosting.augure.com\/Response\/c66TL\/%7B8418fea5-9846-4d57-875d-53a801772ea2%7D\" title=\"Ana Menc\u00cda\" rel=\"nofollow noopener\" class=\"link copy\" target=\"_blank\">Ana Menc\u00cda<\/a> (Las se\u00f1oras del Hampa, Todo lo otro), <a href=\"https:\/\/services.hosting.augure.com\/Response\/c66TM\/%7B8418fea5-9846-4d57-875d-53a801772ea2%7D\" title=\"Josele Rom\u00e1n\" rel=\"nofollow noopener\" class=\"link copy\" target=\"_blank\">Josele Rom\u00e1n<\/a> (Segunda muerte, Black Story), <a href=\"https:\/\/services.hosting.augure.com\/Response\/c66TN\/%7B8418fea5-9846-4d57-875d-53a801772ea2%7D\" title=\"Aina Picarolo\" rel=\"nofollow noopener\" class=\"link copy\" target=\"_blank\">Aina Picarolo<\/a> (Nina, La casa entre los cactus), <a href=\"https:\/\/services.hosting.augure.com\/Response\/c66TO\/%7B8418fea5-9846-4d57-875d-53a801772ea2%7D\" title=\"David Castillo\" rel=\"nofollow noopener\" class=\"link copy\" target=\"_blank\">David Castillo<\/a>, <a href=\"https:\/\/services.hosting.augure.com\/Response\/c66TP\/%7B8418fea5-9846-4d57-875d-53a801772ea2%7D\" title=\"Enrique Asenjo\" rel=\"nofollow noopener\" class=\"link copy\" target=\"_blank\">Enrique Asenjo<\/a>, <a href=\"https:\/\/services.hosting.augure.com\/Response\/c66TQ\/%7B8418fea5-9846-4d57-875d-53a801772ea2%7D\" title=\"Jose Luis Garc\u00eda-P\u00e9rez\" rel=\"nofollow noopener\" class=\"link copy\" target=\"_blank\">Jose Luis Garc\u00eda-P\u00e9rez<\/a>, <a href=\"https:\/\/services.hosting.augure.com\/Response\/c66TR\/%7B8418fea5-9846-4d57-875d-53a801772ea2%7D\" title=\"Paqui Horcajo\" rel=\"nofollow noopener\" class=\"link copy\" target=\"_blank\">Paqui Horcajo<\/a>, <a href=\"https:\/\/services.hosting.augure.com\/Response\/c66TS\/%7B8418fea5-9846-4d57-875d-53a801772ea2%7D\" title=\"Juanjo Cucal\u00f3n\" rel=\"nofollow noopener\" class=\"link copy\" target=\"_blank\">Juanjo Cucal\u00f3n<\/a>,  <a href=\"https:\/\/services.hosting.augure.com\/Response\/c66TT\/%7B8418fea5-9846-4d57-875d-53a801772ea2%7D\" title=\"Blanca Javaloy\" rel=\"nofollow noopener\" class=\"link copy\" target=\"_blank\">Blanca Javaloy<\/a>, y cuenta con la participaci\u00f3n de <a href=\"https:\/\/services.hosting.augure.com\/Response\/c66TU\/%7B8418fea5-9846-4d57-875d-53a801772ea2%7D\" title=\"Daniela Blume.\" rel=\"nofollow noopener\" class=\"link copy\" target=\"_blank\">Daniela Blume.<\/a>\n<\/p>\n<p>  Dorothy, un videoclub especializado<\/p>\n<p class=\"article-body__text \">\n        <strong>Valladolid, 1998<\/strong>. Nines es un <strong>ama de casa de aires conservadores<\/strong> que se ve forzada a enfrentarse a todo lo que cre\u00eda saber sobre s\u00ed misma cuando su marido cae en coma, <strong>dejando el videoclub familiar a su cargo.<\/strong> Nines descubre que el negocio est\u00e1 en quiebra, y <strong>decide especializarse en el \u00fanico g\u00e9nero que les da dinero: el porno<\/strong>. Lo que le faltaba, rodearse de penes y pezones todo el santo d\u00eda. Menos mal que tiene la <strong>ayuda de Chon, la deslenguada empleada<\/strong> del videoclub, y<strong> Agu, un cin\u00e9filo <\/strong>empedernido, para convertir el Dorothy en el <strong>primer videoclub porno de la ciudad,<\/strong> un lugar que acabar\u00e1 convirti\u00e9ndose en el<strong> epicentro de un terremoto entre las vecinas <\/strong>del barrio. <strong>La liberaci\u00f3n sexual ya es imparable<\/strong>.\n<\/p>\n<p class=\"article-photo__footer\">\n            Andrea Jaurrieta, sentada en el centro, junto al elenco y las dos directoras que la acompa\u00f1an en esta iniciativa.            Cedida        <\/p>\n<p class=\"article-body__text \">\n        <strong>Malena Alterio<\/strong> interpreta a <strong>Nines<\/strong>, la abnegada ama de casa que hace malabares para sacar adelante a su familia, y quien <strong>poco a poco se va liberando de sus propios prejuicios,<\/strong> empezando a dejarse llevar por el<strong> empoderamiento profesional <\/strong>y el <strong>placer sexual. <\/strong>\n<\/p>\n<p class=\"article-body__text \">\n        <strong>Celia Mor\u00e1n es Chon<\/strong>, una mujer dura y hecha a s\u00ed misma que vive <strong>su propia liberaci\u00f3n sentimental<\/strong> en el viaje que hace junto a Nines para salvar al Dorothy.<a href=\"https:\/\/www.noticiasdenavarra.com\/cultura\/2021\/10\/04\/instagram-elegido-amenabar-2117185.html\" title=\"\u00c1lvaro Mel\" target=\"_blank\" class=\"link copy\" rel=\"nofollow noopener\"> \u00c1lvaro Mel <\/a>interpreta a<strong> Agust\u00edn, un chico t\u00edmido y despistado <\/strong>que guarda un gran secreto: el sexo no va con \u00e9l y su liberaci\u00f3n pasa por aceptarse a s\u00ed mismo, lo que no ser\u00e1 f\u00e1cil.\n<\/p>\n<p class=\"article-body__text \">\n        <strong>Cochinas<\/strong> est\u00e1 <strong>producida por Oslodije<\/strong>,con el navarro <a href=\"https:\/\/www.noticiasdenavarra.com\/cultura\/2017\/12\/15\/navarro-eneko-gutierrez-nominado-goya-2576431.html\" title=\"Eneko Guti\u00e9rrez Sola\" target=\"_blank\" class=\"link copy\" rel=\"nofollow noopener\"><strong>Eneko Guti\u00e9rrez Sola<\/strong><\/a> y por <a href=\"https:\/\/services.hosting.augure.com\/Response\/c66TW\/%7B8418fea5-9846-4d57-875d-53a801772ea2%7D\" title=\"Aritz Cirbi\u00e1n\" rel=\"nofollow noopener\" class=\"link copy\" target=\"_blank\"><strong>Aritz Cirbi\u00e1n<\/strong> a cargo de la producci\u00f3n ejecutiva, con  Carlos del Hoyo e Irene Bohoyo como creadores y guionistas. La serie est\u00e1 dirigida por Andrea Jaurrieta, Laura M. Campos y N\u00faria Gago.<\/a><\/p>\n","protected":false},"excerpt":{"rendered":"Cochinas se presentar\u00e1 en el pr\u00f3ximo Festival de M\u00e1laga en la secci\u00f3n Oficial fuera de concurso y estar\u00e1&hellip;\n","protected":false},"author":2,"featured_media":417175,"comment_status":"","ping_status":"","sticky":false,"template":"","format":"standard","meta":{"footnotes":""},"categories":[171],"tags":[89134,11071,146,147,25,24,1641,795,1640,23,214],"class_list":["post-417174","post","type-post","status-publish","format-standard","has-post-thumbnail","category-tv","tag-cochinas","tag-desvelan","tag-entertainment","tag-entretenimiento","tag-es","tag-espana","tag-imagenes","tag-nueva","tag-primeras","tag-spain","tag-tv"],"share_on_mastodon":{"url":"https:\/\/pubeurope.com\/@es\/116134065194087282","error":""},"_links":{"self":[{"href":"https:\/\/www.europesays.com\/es\/wp-json\/wp\/v2\/posts\/417174","targetHints":{"allow":["GET"]}}],"collection":[{"href":"https:\/\/www.europesays.com\/es\/wp-json\/wp\/v2\/posts"}],"about":[{"href":"https:\/\/www.europesays.com\/es\/wp-json\/wp\/v2\/types\/post"}],"author":[{"embeddable":true,"href":"https:\/\/www.europesays.com\/es\/wp-json\/wp\/v2\/users\/2"}],"replies":[{"embeddable":true,"href":"https:\/\/www.europesays.com\/es\/wp-json\/wp\/v2\/comments?post=417174"}],"version-history":[{"count":0,"href":"https:\/\/www.europesays.com\/es\/wp-json\/wp\/v2\/posts\/417174\/revisions"}],"wp:featuredmedia":[{"embeddable":true,"href":"https:\/\/www.europesays.com\/es\/wp-json\/wp\/v2\/media\/417175"}],"wp:attachment":[{"href":"https:\/\/www.europesays.com\/es\/wp-json\/wp\/v2\/media?parent=417174"}],"wp:term":[{"taxonomy":"category","embeddable":true,"href":"https:\/\/www.europesays.com\/es\/wp-json\/wp\/v2\/categories?post=417174"},{"taxonomy":"post_tag","embeddable":true,"href":"https:\/\/www.europesays.com\/es\/wp-json\/wp\/v2\/tags?post=417174"}],"curies":[{"name":"wp","href":"https:\/\/api.w.org\/{rel}","templated":true}]}}