{"id":417342,"date":"2026-02-26T02:50:07","date_gmt":"2026-02-26T02:50:07","guid":{"rendered":"https:\/\/www.europesays.com\/es\/417342\/"},"modified":"2026-02-26T02:50:07","modified_gmt":"2026-02-26T02:50:07","slug":"chacarra-jugara-en-puerto-rico-su-primer-torneo-regular-del-pga-tour-como-profesional","status":"publish","type":"post","link":"https:\/\/www.europesays.com\/es\/417342\/","title":{"rendered":"Chacarra jugar\u00e1 en Puerto Rico su primer torneo regular del PGA Tour como profesional"},"content":{"rendered":"<p>            <a href=\"https:\/\/ten-golf.com\/wp-content\/uploads\/2025\/12\/SD102924.webp\" data-caption=\"Eugenio Chacarra. \u00a9 Golffile | Stefano Di Maria\" rel=\"nofollow noopener\" target=\"_blank\"><img decoding=\"async\" loading=\"lazy\" width=\"666\" height=\"444\" class=\"entry-thumb td-modal-image\" src=\"https:\/\/www.europesays.com\/es\/wp-content\/uploads\/2026\/02\/SD102924-666x444.webp.webp\"   alt=\"Eugenio Chacarra. \u00a9 Golffile | Stefano Di Maria\" title=\"Eugenio Chacarra. \u00a9 Golffile | Stefano Di Maria - Austrian Alpine Open presented by SalzburgerLand\"\/><\/a>Eugenio Chacarra. \u00a9 Golffile | Stefano Di Maria<\/p>\n<p><strong>Eugenio Chacarra<\/strong> jugar\u00e1 la semana que viene en el <strong>PGA Tour.<\/strong> El madrile\u00f1o disputar\u00e1 el <strong>Puerto Rico Open<\/strong> gracias a una invitaci\u00f3n del patrocinador, convirti\u00e9ndose en el segundo exjugador de <strong>LIV Golf, <\/strong>tras <strong>James Piot<\/strong>, en recibir una invitaci\u00f3n para un torneo del circuito norteamericano. Hace unas semanas anunci\u00f3 que se retiraba temporalmente de la competici\u00f3n por motivos de salud mental y ya se sabe que el pr\u00f3ximo 5 de marzo volver\u00e1 a competir.<\/p>\n<p>El madrile\u00f1o, de 25 a\u00f1os y que jug\u00f3 en <strong>Oklahoma State<\/strong>, se uni\u00f3 a <strong>LIV<\/strong> tras terminar la universidad en 2022, pero su contrato con <strong>Fireballs GC<\/strong> no fue renovado despu\u00e9s de la temporada 2024. Chacarra pas\u00f3 entonces a competir en el <strong>DP World Tour<\/strong>.<\/p>\n<p>La invitaci\u00f3n a Chacarra llega despu\u00e9s de que el ingl\u00e9s <strong>Laurie Canter<\/strong> se convirtiera el a\u00f1o pasado en el primer jugador en clasificarse y disputar un torneo del PGA Tour tras su etapa en LIV, en <strong>The Players Championship<\/strong>. Canter consigui\u00f3 la tarjeta del PGA Tour para esta temporada a trav\u00e9s de la <strong>Race to Dubai<\/strong>, aunque decidi\u00f3 regresar a LIV este a\u00f1o.<\/p>\n<p>Chacarra ya ha cumplido la suspensi\u00f3n de un a\u00f1o impuesta por el PGA Tour y que finaliz\u00f3 el pasado septiembre. Aunque todo sea dicho, ya hab\u00eda competido en un torneo cosancionado por el circuito estadounidense, en el <strong>Genesis Scottish Open<\/strong>. No ser\u00e1 su primer torneo regular en el PGA Tour, como amateur ya disput\u00f3 cuatro torneos, incluido el <strong>Sanderson Farms Championship<\/strong> de 2021, donde termin\u00f3 empatado en el puesto 45, su mejor resultado en el circuito. Ser\u00e1 por tanto su quinta aparici\u00f3n, la primera como profesional.<\/p>\n<p>Chacarra ha estado alejado de la competici\u00f3n por un descanso relacionado con la salud mental. Tras fallar dos cortes en sus tres \u00faltimos torneos, se retir\u00f3 hace dos semanas del <strong>Magical Kenya Open<\/strong>. En este lapso el golfista ha pasado las \u00faltimas semanas en su casa en <strong>Tulsa<\/strong>, Oklahoma, donde ha estado entrenando. Desde que sali\u00f3 del LIV ha reconocido que su principal objetivo es el de llegar al PGA Tour. Esta semana podr\u00eda dar el gran pelotazo con un triunfo que le cambiar\u00eda la vida, si no al menos, un top ten le abrir\u00eda las puertas de otra prueba m\u00e1s.<\/p>\n","protected":false},"excerpt":{"rendered":"Eugenio Chacarra. \u00a9 Golffile | Stefano Di Maria Eugenio Chacarra jugar\u00e1 la semana que viene en el PGA&hellip;\n","protected":false},"author":2,"featured_media":417343,"comment_status":"","ping_status":"","sticky":false,"template":"","format":"standard","meta":{"footnotes":""},"categories":[275],"tags":[168,25,24,48459,329,968,336,1960,338,339,340,85820,23,167],"class_list":["post-417342","post","type-post","status-publish","format-standard","has-post-thumbnail","category-golf","tag-deportes","tag-es","tag-espana","tag-eugenio-lopez-chacarra","tag-golf","tag-liv-golf","tag-notificacion","tag-pga-tour","tag-portada","tag-portada-america","tag-portada-global","tag-puerto-rico-open","tag-spain","tag-sports"],"share_on_mastodon":{"url":"https:\/\/pubeurope.com\/@es\/116134662995501226","error":""},"_links":{"self":[{"href":"https:\/\/www.europesays.com\/es\/wp-json\/wp\/v2\/posts\/417342","targetHints":{"allow":["GET"]}}],"collection":[{"href":"https:\/\/www.europesays.com\/es\/wp-json\/wp\/v2\/posts"}],"about":[{"href":"https:\/\/www.europesays.com\/es\/wp-json\/wp\/v2\/types\/post"}],"author":[{"embeddable":true,"href":"https:\/\/www.europesays.com\/es\/wp-json\/wp\/v2\/users\/2"}],"replies":[{"embeddable":true,"href":"https:\/\/www.europesays.com\/es\/wp-json\/wp\/v2\/comments?post=417342"}],"version-history":[{"count":0,"href":"https:\/\/www.europesays.com\/es\/wp-json\/wp\/v2\/posts\/417342\/revisions"}],"wp:featuredmedia":[{"embeddable":true,"href":"https:\/\/www.europesays.com\/es\/wp-json\/wp\/v2\/media\/417343"}],"wp:attachment":[{"href":"https:\/\/www.europesays.com\/es\/wp-json\/wp\/v2\/media?parent=417342"}],"wp:term":[{"taxonomy":"category","embeddable":true,"href":"https:\/\/www.europesays.com\/es\/wp-json\/wp\/v2\/categories?post=417342"},{"taxonomy":"post_tag","embeddable":true,"href":"https:\/\/www.europesays.com\/es\/wp-json\/wp\/v2\/tags?post=417342"}],"curies":[{"name":"wp","href":"https:\/\/api.w.org\/{rel}","templated":true}]}}