{"id":417477,"date":"2026-02-26T05:15:10","date_gmt":"2026-02-26T05:15:10","guid":{"rendered":"https:\/\/www.europesays.com\/es\/417477\/"},"modified":"2026-02-26T05:15:10","modified_gmt":"2026-02-26T05:15:10","slug":"maria-carretero-denuncia-que-llevan-13-anos-pretendiendo-desmantelar-su-obra-en-sarria","status":"publish","type":"post","link":"https:\/\/www.europesays.com\/es\/417477\/","title":{"rendered":"Mar\u00eda Carretero denuncia que llevan 13 a\u00f1os pretendiendo \u00abdesmantelar\u00bb su obra en Sarria"},"content":{"rendered":"<p>La escultora de <a target=\"_blank\" href=\"https:\/\/www.elprogreso.es\/seccion\/sarria\/\" rel=\"nofollow noopener\">Sarria<\/a>\u00a0<strong>Mar\u00eda Carretero <\/strong>acus\u00f3 a la <strong>Confederaci\u00f3n Hidrogr\u00e1fica del Mi\u00f1o-Sil<\/strong> (CHMS) de llevar trece a\u00f1os \u00abpretendiendo desmantelar\u00bb el conjunto art\u00edstico <strong>Homenaje al Peregrino<\/strong>, de su autor\u00eda, y de \u00abdestrozar\u00bb el entorno y paisaje \u00abde manera imparable en connivencia con el Concello\u00bb.<\/p>\n<p>La obra, ubicada en pleno <strong>Camino de Santiago<\/strong>, conmemora precisamente este 2026 su trig\u00e9simo aniversario, por lo que la sarriana avanz\u00f3 que se est\u00e1n preparando actividades culturales y sociales \u00aben foros de prestigio y universidades nacionales e internacionales\u00bb.<\/p>\n<p>Carretero present\u00f3 una de las tres alegaciones al proyecto para la puesta en valor y consolidaci\u00f3n de los restos de<strong> Ponte Ribeira.<\/strong> Considera que la respuesta del organismo de cuenca desestimando las <strong>alegaciones <\/strong>era \u00abprevisible\u00bb. La CHMS se muestra, dijo, \u00abuna vez m\u00e1s, alejada de las personas, del trabajo art\u00edstico realizado para la comunidad y del esp\u00edritu del Camino de Santiago\u00bb. \u00abParece no darse cuenta de que el objetivo de tanta negligencia y desprecio ha sido la propia poblaci\u00f3n, los peregrinos y la total vulneraci\u00f3n del patrimonio hist\u00f3rico y los<strong> derechos de autor<\/strong>\u00ab, opin\u00f3.<\/p>\n<p>Considera que el proyecto de Ponte Ribeira \u00abagrede al patrimonio\u00bb<\/p>\n<p>La artista reiter\u00f3 que el proyecto \u00abagrede al patrimonio\u00bb y que la denominaci\u00f3n de puesta en valor de los restos del antiguo viaducto es <strong>\u00abfalsa\u00bb<\/strong>. Se pretende convertir, afirm\u00f3, \u00abun humilde puente de madera en un objeto de<strong> intereses pol\u00edticos <\/strong>y est\u00e9ticos mediocres\u00bb.<\/p>\n<p>Critic\u00f3 de nuevo que se incluya una <strong>barandilla de acero corten <\/strong>que actuar\u00e1 \u00abcomo barrera en el paisaje, mancha la piedra hist\u00f3rica y contamina el r\u00edo\u00bb. Esta, denunci\u00f3, sustituir\u00e1 a la dise\u00f1ada por ella, creada \u00aben exclusiva\u00bb para el conjunto escult\u00f3rico. Alert\u00f3 tambi\u00e9n de que se quiere cambiar el sistema de <strong>iluminaci\u00f3n y las papeleras<\/strong> originales por \u00abelementos est\u00e1ndar de dise\u00f1o industrial\u00bb.<\/p>\n<p>Seg\u00fan la artista, la administraci\u00f3n sostiene que el proyecto incluso \u00abresalta\u00bb la obra Homenaje al Peregrino, pero \u00ablos<strong> informes t\u00e9cnicos<\/strong> dicen lo contrario\u00bb. Afirm\u00f3 que respaldan su postura \u00abprestigiosos historiadores, despachos de abogados especializados y la Vegap (Visual Entidad de Gesti\u00f3n de Artistas Pl\u00e1sticos)\u00bb.<\/p>\n<p>Ve \u00abindignante\u00bb que la CHMS dedique 983.000 euros en una actuaci\u00f3n que<strong> \u00abafea y destroza el entorno\u00bb <\/strong>y sin contar con ella. \u00abEs una negligencia intolerable que no se cumpla la m\u00e1xima del Camino de Santiago: unir dos orillas con sentido com\u00fan, construyendo un puente definitivo que conserva el <strong>patrimonio art\u00edstico<\/strong> previo\u00bb, concluy\u00f3 la sarriana.<\/p>\n","protected":false},"excerpt":{"rendered":"La escultora de Sarria\u00a0Mar\u00eda Carretero acus\u00f3 a la Confederaci\u00f3n Hidrogr\u00e1fica del Mi\u00f1o-Sil (CHMS) de llevar trece a\u00f1os \u00abpretendiendo&hellip;\n","protected":false},"author":2,"featured_media":190377,"comment_status":"","ping_status":"","sticky":false,"template":"","format":"standard","meta":{"footnotes":""},"categories":[173],"tags":[229,233,231,230,22190,232,234,146,147,25,24,53267,1397,89194,5167,23],"class_list":["post-417477","post","type-post","status-publish","format-standard","has-post-thumbnail","category-arte-y-diseno","tag-arte","tag-arte-y-diseno","tag-arts","tag-arts-and-design","tag-camino-de-santiago","tag-design","tag-diseno","tag-entertainment","tag-entretenimiento","tag-es","tag-espana","tag-maria-carretero","tag-patrimonio","tag-ponte-ribeira","tag-sarria","tag-spain"],"share_on_mastodon":{"url":"https:\/\/pubeurope.com\/@es\/116135233069032750","error":""},"_links":{"self":[{"href":"https:\/\/www.europesays.com\/es\/wp-json\/wp\/v2\/posts\/417477","targetHints":{"allow":["GET"]}}],"collection":[{"href":"https:\/\/www.europesays.com\/es\/wp-json\/wp\/v2\/posts"}],"about":[{"href":"https:\/\/www.europesays.com\/es\/wp-json\/wp\/v2\/types\/post"}],"author":[{"embeddable":true,"href":"https:\/\/www.europesays.com\/es\/wp-json\/wp\/v2\/users\/2"}],"replies":[{"embeddable":true,"href":"https:\/\/www.europesays.com\/es\/wp-json\/wp\/v2\/comments?post=417477"}],"version-history":[{"count":0,"href":"https:\/\/www.europesays.com\/es\/wp-json\/wp\/v2\/posts\/417477\/revisions"}],"wp:featuredmedia":[{"embeddable":true,"href":"https:\/\/www.europesays.com\/es\/wp-json\/wp\/v2\/media\/190377"}],"wp:attachment":[{"href":"https:\/\/www.europesays.com\/es\/wp-json\/wp\/v2\/media?parent=417477"}],"wp:term":[{"taxonomy":"category","embeddable":true,"href":"https:\/\/www.europesays.com\/es\/wp-json\/wp\/v2\/categories?post=417477"},{"taxonomy":"post_tag","embeddable":true,"href":"https:\/\/www.europesays.com\/es\/wp-json\/wp\/v2\/tags?post=417477"}],"curies":[{"name":"wp","href":"https:\/\/api.w.org\/{rel}","templated":true}]}}