{"id":417799,"date":"2026-02-26T09:49:10","date_gmt":"2026-02-26T09:49:10","guid":{"rendered":"https:\/\/www.europesays.com\/es\/417799\/"},"modified":"2026-02-26T09:49:10","modified_gmt":"2026-02-26T09:49:10","slug":"la-decision-de-disciplina-con-djene-perjudica-directamente-al-betis","status":"publish","type":"post","link":"https:\/\/www.europesays.com\/es\/417799\/","title":{"rendered":"La decisi\u00f3n de Disciplina con Djen\u00e9 perjudica directamente al Betis"},"content":{"rendered":"<p>El primer partido tras el derbi, ante el Getafe, ha deparado una noticia negativa para los verdiblancos provocada por la resoluci\u00f3n de Disciplina sobre la sanci\u00f3n a Djen\u00e9 tras su dura entrada a Suazo<\/p>\n<p class=\"parrafo\">Obviamente, en el seno del conjunto verdiblanco est\u00e1n <strong>plenamente centrados en el derbi del domingo <\/strong>y no se piensa en otra cosa que imponerse al Sevilla, lo que no significa que <strong>no se produzcan circunstancias ajenas a este partido que salpiquen su actualidad <\/strong>m\u00e1s all\u00e1 de la cita m\u00e1s esperada en La Cartuja a d\u00eda hoy.<\/p>\n<p class=\"parrafo\">La ambici\u00f3n del Betis de entrar en Champions le obliga a ganar un elevado \u00edndice de partidos una vez que concluya el duelo cainita, <strong>el primero de ellos en el Coliseum frente al Getafe el s\u00e1bado 7 de marzo.<\/strong><\/p>\n<p><strong\/>La resoluci\u00f3n de Disciplina con Djen\u00e9 afecta al Betis<\/p>\n<p class=\"parrafo\">Un partido ya de por s\u00ed siempre complicado que depar\u00f3 una mala noticia reciente para los intereses, pues <strong>Jos\u00e9 Bordal\u00e1s contar\u00e1 con un hombre clave en su sistema despu\u00e9s de la resoluci\u00f3n del Comit\u00e9 de Disciplina <\/strong>de la Real Federaci\u00f3n Espa\u00f1ola de F\u00fatbol. Y es que la tibieza del organismo federativo a la hora de sancionar la dura entrada de Djen\u00e9 en el partido contra el Sevilla genera un problema a\u00f1adido a los verdiblancos.<\/p>\n<p class=\"parrafo\">Cabe recordar que el defensa togol\u00e9s, reconvertido a pivote, <strong>fue expulsado en la cita contra los nervionenses del domingo antes de la media hora por una entrada peligrosa que podr\u00eda haber causado mucho da\u00f1o a Gabriel Suazo <\/strong>por la fuerza empleada en el choque. Busquets Ferrer no se lo pens\u00f3 dos veces y expuls\u00f3 de manera justa con roja directa al futbolista, lo que condicion\u00f3 el encuentro y de lo que supo sacar provecho el Sevilla para llevarse los tres puntos.<\/p>\n<p><a class=\"elementos-rel-t2\" href=\"https:\/\/www.estadiodeportivo.com\/futbol\/getafe\/sancion-que-recibido-djene-por-roja-directa-partido-contra-sevilla-20260225-530728.html\" title=\"La sanci\u00f3n que ha recibido Djen\u00e9 por su roja directa en el partido contra el Sevilla\" rel=\"nofollow noopener\" target=\"_blank\"><\/p>\n<p class=\"titular titulo-4\">La sanci\u00f3n que ha recibido Djen\u00e9 por su roja directa en el partido contra el Sevilla<\/p>\n<p><img decoding=\"async\" src=\"https:\/\/www.europesays.com\/es\/wp-content\/uploads\/2026\/02\/b70ff950-57fd-4ce7-baf5-305a8ab9af45_320x180.jpeg\" alt=\"La sanci\u00f3n que ha recibido Djen\u00e9 por su roja directa en el partido contra el Sevilla\"\/><\/a><a class=\"elementos-rel-t2\" href=\"https:\/\/www.estadiodeportivo.com\/futbol\/getafe\/bordalas-evidente-que-roja-djene-condiciono-perderlo-con-once-habriamos-perdido-20260222-530451.html\" title=\"Bordal\u00e1s ve &quot;evidente&quot; que la roja a Djen\u00e9 condicion\u00f3: &quot;Perderlo (con once) no lo habr\u00edamos perdido&quot;\" rel=\"nofollow noopener\" target=\"_blank\"><\/p>\n<p class=\"titular titulo-4\">Bordal\u00e1s ve \u00abevidente\u00bb que la roja a Djen\u00e9 condicion\u00f3: \u00abPerderlo (con once) no lo habr\u00edamos perdido\u00bb<\/p>\n<p><img decoding=\"async\" src=\"https:\/\/www.europesays.com\/es\/wp-content\/uploads\/2026\/02\/427f486f-03f5-4439-ac1b-d97df8960d8b_320x180.jpeg\" alt=\"Bordal\u00e1s ve &quot;evidente&quot; que la roja a Djen\u00e9 condicion\u00f3: &quot;Perderlo (con once) no lo habr\u00edamos perdido&quot;\"\/><\/a><\/p>\n<p class=\"parrafo\">El colegiado recogi\u00f3 en el acta que el motivo hab\u00eda sido por hacer <strong>\u00abuna entrada dura sobre un adversario haciendo uso de fuerza excesiva <\/strong>y el adversario necesit\u00f3 asistencia m\u00e9dica, pero pudo continuar en el partido\u00bb. Ya solo quedaba por conocer la decisi\u00f3n de la RFEF acerca de la sanci\u00f3n impuesta, lo que tambi\u00e9n afectaba al Betis por la cercan\u00eda de su visita al feudo azul\u00f3n.<\/p>\n<p>Djen\u00e9 solo se perder\u00e1 el choque contra el Real Madrid<\/p>\n<p class=\"parrafo\">Finalmente, <strong>el castigo al futbolista del Getafe ha sido de un solo partido <\/strong>en base a este argumento: \u00abUn partido de suspensi\u00f3n por producirse de manera violenta con ocasi\u00f3n del juego o como consecuencia directa de alg\u00fan lance del mismo, con multa\/s accesoria\/as en aplicaci\u00f3n del art\u00edculo 52 CD\u00bb. <\/p>\n<p><img decoding=\"async\" src=\"https:\/\/www.europesays.com\/es\/wp-content\/uploads\/2026\/02\/f7e9f77e-b89f-4d69-8d3a-9fcfeafc7ab0_800x533.jpeg\" loading=\"lazy\"\/><\/p>\n<p class=\"parrafo\">Por tanto, Djen\u00e9, como ya recogi\u00f3 este medio, <strong>solo se pierde el partido contra el Real Madrid de la jornada 26<\/strong>, pero, en cambio, la duraci\u00f3n del castigo s\u00ed le permitir\u00e1 <strong>estar en un duelo tan importante como el que le enfrenta a los verdiblancos<\/strong>, por lo que la decisi\u00f3n perjudica a los intereses del conjunto heliopolitano.<\/p>\n","protected":false},"excerpt":{"rendered":"El primer partido tras el derbi, ante el Getafe, ha deparado una noticia negativa para los verdiblancos provocada&hellip;\n","protected":false},"author":2,"featured_media":417800,"comment_status":"","ping_status":"","sticky":false,"template":"","format":"standard","meta":{"footnotes":""},"categories":[268],"tags":[168,89233,25,24,284,280,282,286,281,23,167],"class_list":["post-417799","post","type-post","status-publish","format-standard","has-post-thumbnail","category-futbol","tag-deportes","tag-djene","tag-es","tag-espana","tag-estadio-deportivo","tag-football","tag-futbol","tag-real-betis-balompie","tag-soccer","tag-spain","tag-sports"],"share_on_mastodon":{"url":"https:\/\/pubeurope.com\/@es\/116136310749126426","error":""},"_links":{"self":[{"href":"https:\/\/www.europesays.com\/es\/wp-json\/wp\/v2\/posts\/417799","targetHints":{"allow":["GET"]}}],"collection":[{"href":"https:\/\/www.europesays.com\/es\/wp-json\/wp\/v2\/posts"}],"about":[{"href":"https:\/\/www.europesays.com\/es\/wp-json\/wp\/v2\/types\/post"}],"author":[{"embeddable":true,"href":"https:\/\/www.europesays.com\/es\/wp-json\/wp\/v2\/users\/2"}],"replies":[{"embeddable":true,"href":"https:\/\/www.europesays.com\/es\/wp-json\/wp\/v2\/comments?post=417799"}],"version-history":[{"count":0,"href":"https:\/\/www.europesays.com\/es\/wp-json\/wp\/v2\/posts\/417799\/revisions"}],"wp:featuredmedia":[{"embeddable":true,"href":"https:\/\/www.europesays.com\/es\/wp-json\/wp\/v2\/media\/417800"}],"wp:attachment":[{"href":"https:\/\/www.europesays.com\/es\/wp-json\/wp\/v2\/media?parent=417799"}],"wp:term":[{"taxonomy":"category","embeddable":true,"href":"https:\/\/www.europesays.com\/es\/wp-json\/wp\/v2\/categories?post=417799"},{"taxonomy":"post_tag","embeddable":true,"href":"https:\/\/www.europesays.com\/es\/wp-json\/wp\/v2\/tags?post=417799"}],"curies":[{"name":"wp","href":"https:\/\/api.w.org\/{rel}","templated":true}]}}