{"id":417932,"date":"2026-02-26T11:33:09","date_gmt":"2026-02-26T11:33:09","guid":{"rendered":"https:\/\/www.europesays.com\/es\/417932\/"},"modified":"2026-02-26T11:33:09","modified_gmt":"2026-02-26T11:33:09","slug":"condenan-a-76-anos-de-carcel-a-dos-politicos-que-ordenaron-el-asesinato-de-marielle-franco-en-brasil","status":"publish","type":"post","link":"https:\/\/www.europesays.com\/es\/417932\/","title":{"rendered":"Condenan a 76 a\u00f1os de c\u00e1rcel a dos pol\u00edticos que ordenaron el asesinato de Marielle Franco en Brasil"},"content":{"rendered":"<p>    <img src=\"https:\/\/www.europesays.com\/es\/wp-content\/uploads\/2026\/02\/2026-02-25T193A113A17Z-90999180.jpg\" width=\"1024\" height=\"683\" alt=\"\" loading=\"eager\" decoding=\"sync\" fetchpriority=\"high\"\/><\/p>\n<p>            afp_tickers        <\/p>\n<p>        Este contenido fue publicado en    <\/p>\n<p>        26 febrero 2026 &#8211; 10:32\n<\/p>\n<p>La corte suprema de Brasil conden\u00f3 este mi\u00e9rcoles a 76 a\u00f1os de prisi\u00f3n cada uno a dos exparlamentarios que ordenaron el asesinato de la concejala Marielle Franco en 2018, un homicidio que expuso los v\u00ednculos entre la pol\u00edtica y el crimen en Rio de Janeiro.<\/p>\n<p>Franco, concejala, activista negra y lesbiana, fue acribillada a balazos por un expolic\u00eda el 14 de marzo de 2018. Ten\u00eda 38 a\u00f1os y viajaba en auto por el centro de Rio de Janeiro. Su chofer tambi\u00e9n muri\u00f3.<\/p>\n<p>El exdiputado Chiquinho Brazao, de 62 a\u00f1os, y su hermano Domingos, de 60, exlegislador de Rio, ordenaron el crimen como represalia por el trabajo pol\u00edtico de Franco contra las milicias, grupos criminales que controlan zonas enteras de barrios populares de la ciudad carioca, seg\u00fan la corte.<\/p>\n<p>Los Brazao, \u00abno solo ten\u00edan contacto con la milicia. Ellos eran la milicia\u00bb, afirm\u00f3 el magistrado Alexandre de Moraes, a cargo de este caso que conmocion\u00f3 a Brasil.<\/p>\n<p>Desde el concejo municipal, Franco se esforz\u00f3 por impedir la expansi\u00f3n de las urbanizaciones ilegales dentro de los barrios pobres, una de las mayores fuentes de ingreso para las milicias.\u00a0<\/p>\n<p>Seg\u00fan la corte, la mujer fue asesinada para dar un \u00abrecado\u00bb a la clase pol\u00edtica carioca.<\/p>\n<p>Familiares suyos reaccionaron con llanto y abrazos tras conocer la pena contra los Brazao, al terminar este juicio abierto el martes en Brasilia, constat\u00f3 la AFP.<\/p>\n<p>\u00abLa violencia pol\u00edtica de g\u00e9nero y raza que existe en este pa\u00eds debe detenerse\u00bb, dijo a periodistas a la salida del tribunal Anielle Franco, hermana de Marielle y ministra de Igualdad Racial del gobierno del izquierdista Luiz In\u00e1cio Lula da Silva.<\/p>\n<p>Con 76 a\u00f1os de prisi\u00f3n cada uno, la pena es casi id\u00e9ntica a la que fue condenado en 2024 Ronnie Lessa (78 a\u00f1os de c\u00e1rcel), el expolic\u00eda que dispar\u00f3 con una ametralladora contra Franco.<\/p>\n<p>\u2013 Pol\u00edtica, racismo y misoginia \u2013<\/p>\n<p>Formadas en Rio hace unos 40 a\u00f1os por expolic\u00edas como c\u00e9lulas de autodefensa contra el narcotr\u00e1fico, las milicias se convirtieron r\u00e1pidamente en temibles bandas que practican todo tipo de extorsiones.<\/p>\n<p>El martes la defensa clam\u00f3 la inocencia de los Brazao pero admiti\u00f3 abiertamente los v\u00ednculos del poder local con el crimen.<\/p>\n<p>\u00abQuien hace pol\u00edtica en Rio y nunca les pidi\u00f3 votos a narcotraficantes o milicianos, que tire la primera piedra\u00bb, dijo Cleber Lopes, abogado de Chiquinho Brazao.<\/p>\n<p>La corte, de su lado, se\u00f1al\u00f3 el \u00abracismo\u00bb y la \u00abmisoginia\u00bb de los condenados.<\/p>\n<p>Marielle Franco era \u00abuna mujer pobre, una mujer negra que se atrevi\u00f3 a ir en contra de los intereses de milicianos, hombres y blancos\u00bb, relat\u00f3 Moraes.<\/p>\n<p>Los hermanos fueron hallados culpables de doble homicidio calificado, organizaci\u00f3n criminal armada y la tentativa de homicidio de una asesora de Franco que sobrevivi\u00f3 al ataque.<\/p>\n<p>El fallo \u00abes hist\u00f3rico porque Brasil ahora tiene la oportunidad de romper el ciclo de impunidad. Todos sabemos aqu\u00ed que la impunidad ha sido la norma\u00bb, valor\u00f3 Jurema Werneck, directora de Amnist\u00eda Internacional en Brasil.<\/p>\n<p>\u00a0\u00a0<\/p>\n<p>\u2013 Error de c\u00e1lculo \u2013<\/p>\n<p>\u00abEste proceso me ha hecho mucho da\u00f1o espiritualmente, mucho da\u00f1o psicol\u00f3gicamente\u00bb, expres\u00f3 a su vez la magistrada Carmen Lucia, \u00fanica mujer de la corte suprema.<\/p>\n<p>\u00ab\u00bfCu\u00e1ntas Marielles permitir\u00e1 Brasil que sean asesinadas?\u00bb, enfatiz\u00f3 la jueza. Seg\u00fan la corte, los hermanos Brazao \u00abno esperaban tal repercusi\u00f3n\u00bb tras el asesinato de Franco.<\/p>\n<p>Rivaldo Barbosa, un excomisario de polic\u00eda que fue el primero en dirigir la investigaci\u00f3n, tambi\u00e9n fue condenado a 18 a\u00f1os por obstrucci\u00f3n a la justicia e intentar proteger a los hermanos Braz\u00e3o.\u00a0<\/p>\n<p>El exagente de la polic\u00eda militar y miembro de la milicia Ronald Paulo de Alves fue condenado a 56 a\u00f1os por vigilar la rutina de Franco e informar su paradero la noche de su asesinato. Y el exasesor de Domingos Braz\u00e3o, Robson Calixto Fonseca, recibi\u00f3 una condena de nueve a\u00f1os por actuar como intermediario entre los acusados y miembros de la milicia.<\/p>\n<p>jss\/app\/mar<\/p>\n","protected":false},"excerpt":{"rendered":"afp_tickers Este contenido fue publicado en 26 febrero 2026 &#8211; 10:32 La corte suprema de Brasil conden\u00f3 este&hellip;\n","protected":false},"author":2,"featured_media":417933,"comment_status":"","ping_status":"","sticky":false,"template":"","format":"standard","meta":{"footnotes":""},"categories":[42],"tags":[17,18,11892,13,14,11,25888,61,62,63,64,11894,11895,19,20,7657,9,10,15,16,88,90,12,11896,21,22,65,66,67],"class_list":["post-417932","post","type-post","status-publish","format-standard","has-post-thumbnail","category-internacional","tag-breaking-news","tag-breakingnews","tag-crime","tag-featured-news","tag-featurednews","tag-headlines","tag-homicide","tag-internacional","tag-international","tag-international-news","tag-internationalnews","tag-judiciary-system-of-justice","tag-justice-and-rights","tag-latest-news","tag-latestnews","tag-law-and-order","tag-news","tag-noticias","tag-noticias-destacadas","tag-noticiasdestacadas","tag-politics","tag-ticker","tag-titulares","tag-trials","tag-ultimas-noticias","tag-ultimasnoticias","tag-world","tag-world-news","tag-worldnews"],"share_on_mastodon":{"url":"","error":"Validation failed: Text character limit of 500 exceeded"},"_links":{"self":[{"href":"https:\/\/www.europesays.com\/es\/wp-json\/wp\/v2\/posts\/417932","targetHints":{"allow":["GET"]}}],"collection":[{"href":"https:\/\/www.europesays.com\/es\/wp-json\/wp\/v2\/posts"}],"about":[{"href":"https:\/\/www.europesays.com\/es\/wp-json\/wp\/v2\/types\/post"}],"author":[{"embeddable":true,"href":"https:\/\/www.europesays.com\/es\/wp-json\/wp\/v2\/users\/2"}],"replies":[{"embeddable":true,"href":"https:\/\/www.europesays.com\/es\/wp-json\/wp\/v2\/comments?post=417932"}],"version-history":[{"count":0,"href":"https:\/\/www.europesays.com\/es\/wp-json\/wp\/v2\/posts\/417932\/revisions"}],"wp:featuredmedia":[{"embeddable":true,"href":"https:\/\/www.europesays.com\/es\/wp-json\/wp\/v2\/media\/417933"}],"wp:attachment":[{"href":"https:\/\/www.europesays.com\/es\/wp-json\/wp\/v2\/media?parent=417932"}],"wp:term":[{"taxonomy":"category","embeddable":true,"href":"https:\/\/www.europesays.com\/es\/wp-json\/wp\/v2\/categories?post=417932"},{"taxonomy":"post_tag","embeddable":true,"href":"https:\/\/www.europesays.com\/es\/wp-json\/wp\/v2\/tags?post=417932"}],"curies":[{"name":"wp","href":"https:\/\/api.w.org\/{rel}","templated":true}]}}