{"id":41800,"date":"2025-08-12T05:19:04","date_gmt":"2025-08-12T05:19:04","guid":{"rendered":"https:\/\/www.europesays.com\/es\/41800\/"},"modified":"2025-08-12T05:19:04","modified_gmt":"2025-08-12T05:19:04","slug":"la-ue-reclama-a-trump-una-salida-a-la-guerra-que-proteja-la-seguridad-de-ucrania-y-europa-internacional","status":"publish","type":"post","link":"https:\/\/www.europesays.com\/es\/41800\/","title":{"rendered":"La UE reclama a Trump una salida a la guerra que proteja la seguridad de Ucrania y Europa | Internacional"},"content":{"rendered":"<p class=\"\"><a href=\"https:\/\/elpais.com\/internacional\/2025-08-10\/los-aliados-europeos-subrayan-su-apoyo-a-ucrania-e-insisten-en-que-una-paz-con-rusia-no-puede-decidirse-sin-kiev.html\" target=\"_self\" rel=\"nofollow noopener\" title=\"https:\/\/elpais.com\/internacional\/2025-08-10\/los-aliados-europeos-subrayan-su-apoyo-a-ucrania-e-insisten-en-que-una-paz-con-rusia-no-puede-decidirse-sin-kiev.html\">La UE se ha movilizado ante la reuni\u00f3n que el viernes mantendr\u00e1n en Alaska los presidentes de Estados Unidos, Donald Trump, y Rusia, Vladimir Putin.<\/a> El objetivo es que no cierren entre ellos dos una salida a la invasi\u00f3n de Ucrania sin contar con el pa\u00eds agredido ni con el resto de pa\u00edses europeos. \u201cLa guerra de agresi\u00f3n de Rusia contra Ucrania tiene implicaciones m\u00e1s amplias para la seguridad europea e internacional. Compartimos la convicci\u00f3n de que una soluci\u00f3n diplom\u00e1tica debe proteger los intereses vitales de seguridad de Ucrania y Europa\u201d, reclama un comunicado suscrito por todos los l\u00edderes del Consejo Europeo menos Hungr\u00eda que comienza con el cumplido de acoger \u201ccon satisfacci\u00f3n los esfuerzos de Trump por poner fin a la guerra de agresi\u00f3n de Rusia contra Ucrania\u201d. <\/p>\n<p class=\"\">Desde que <a href=\"https:\/\/elpais.com\/internacional\/2025-01-20\/trump-proclama-el-inicio-de-una-edad-de-oro-y-de-una-marea-de-cambio-en-estados-unidos.html\" target=\"_self\" rel=\"nofollow noopener\" title=\"https:\/\/elpais.com\/internacional\/2025-01-20\/trump-proclama-el-inicio-de-una-edad-de-oro-y-de-una-marea-de-cambio-en-estados-unidos.html\">Trump volvi\u00f3 a La Casa Blanca<\/a>, el fantasma de que la guerra de Ucrania se resolviera en una negociaci\u00f3n bilateral con solo dos partes en la mesa, Estados Unidos y Rusia, no ha dejado de planear. La buena sinton\u00eda que el presidente estadounidense y el aut\u00f3crata ruso han demostrado en el pasado avalaba este temor. Y los temores se han disparado cuando la semana pasada se supo que ambos se iban a ver en Alaska este viernes. Solo la reuni\u00f3n ya es, en el fondo, una victoria para el agresor, Putin, quien tras tres a\u00f1os siendo un paria en la arena internacional ve c\u00f3mo ahora lo recibe en suelo estadounidense el propio inquilino de la Casa Blanca. <\/p>\n<p class=\"\">Este fantasma explica que <a href=\"https:\/\/elpais.com\/internacional\/2025-08-09\/el-reino-unido-acoge-una-cumbre-preparatoria-de-la-reunion-de-trump-y-putin-en-alaska.html\" target=\"_self\" rel=\"nofollow noopener\" title=\"https:\/\/elpais.com\/internacional\/2025-08-09\/el-reino-unido-acoge-una-cumbre-preparatoria-de-la-reunion-de-trump-y-putin-en-alaska.html\">la UE y sus Estados miembros \u2014tambi\u00e9n Reino Unido\u2014 hayan puesto en marcha toda su maquinaria diplom\u00e1tica para que Trump<\/a>, al menos, conozca la opini\u00f3n europea. Se trata, explicaba una alta fuente europea este lunes, de que Washington sepa que los europeos no van a aceptar una soluci\u00f3n a la guerra si Ucrania no est\u00e1 en la mesa y que, adem\u00e1s, la invasi\u00f3n rusa ha puesto en jaque los equilibrios de seguridad en Europa de las \u00faltimas d\u00e9cadas. Por tanto, la resoluci\u00f3n a esta contienda tambi\u00e9n tiene implicaciones para el resto del continente, que, en consecuencia, tiene cosas que decir. <\/p>\n<p class=\"\">Por eso, este martes casi todos los l\u00edderes de los Estados miembros de la UE, coordinados por el presidente del Consejo Europeo, Ant\u00f3nio Costa, han emitido un comunicado en el que recuerdan que \u201clas fronteras internacionales no deben modificarse por la fuerza\u201d. El texto est\u00e1 suscrito por 26 de los 27 Estados miembros. Solo falta Hungr\u00eda, el aliado de Rusia dentro de la UE. Pero est\u00e1 Eslovaquia, un pa\u00eds gobernado por Robert Fico, un l\u00edder pr\u00f3ximo a Mosc\u00fa y con unas relaciones muy dif\u00edciles con Kiev. <\/p>\n<p class=\"\">Para lograr este objetivo, los l\u00edderes europeos anuncian que, \u201cen coordinaci\u00f3n con los Estados Unidos y otros socios afines, seguir\u00e1n prestando apoyo pol\u00edtico, financiero, econ\u00f3mico, humanitario, militar y diplom\u00e1tico a Ucrania, ya que este pa\u00eds est\u00e1 ejerciendo su derecho inherente a la autodefensa. Tambi\u00e9n seguir\u00e1 manteniendo e imponiendo medidas restrictivas contra la Federaci\u00f3n de Rusia\u201d.<\/p>\n<p class=\"\">A diferencia del emitido el domingo, en el que solo estaban las r\u00fabricas de los l\u00edderes de cinco Estados miembros (Francia, Alemania, Polonia, Italia y Finlandia), del Reino Unido (Keir Starmer) y de la presidenta de la Comisi\u00f3n Europea, \u00darsula von der Leyen, este es mucho m\u00e1s amplio. Si bien emplea varias de las ideas de aquel texto como, por ejemplo, cuando apunta que \u201cuna paz justa y duradera que aporte estabilidad y seguridad debe respetar el derecho internacional, incluidos los principios de independencia, soberan\u00eda e integridad territorial, y que las fronteras internacionales no deben modificarse por la fuerza\u201d. <\/p>\n<p class=\"\">Los firmantes del texto del domingo, un grupo de pa\u00edses que ha mostrado desde hace tiempo su disponibilidad a ofrecer garant\u00edas de seguridad a Ucrania si se alcanza \u201cuna paz justa\u201d, tambi\u00e9n tendr\u00e1n el mi\u00e9rcoles reuniones telem\u00e1ticas con el presidente de Estados Unidos, seg\u00fan se supo este lunes. Se han organizado por el empleo del canciller alem\u00e1n, Friedrich Merz, y tambi\u00e9n participar\u00e1 en ellas el secretario general de la OTAN, Mark Rutte. <\/p>\n<p class=\"\">Las garant\u00edas de seguridad para Ucrania es uno de los puntos clave de cualquier horizonte de paz a largo plazo. Se tratar\u00eda de que si se alcanza ese escenario, Rusia cumpla con lo acordado, al contrario de lo que hizo con los acuerdos anteriores que garantizaban la soberan\u00eda ucrania, o, por el contrario, haya un grupo de pa\u00edses dispuestos a hacer de garantes de ese compromiso. \u201cLa Uni\u00f3n Europea y los Estados miembros est\u00e1n dispuestos a seguir contribuyendo a las garant\u00edas de seguridad en funci\u00f3n de sus respectivas competencias y capacidades\u201d, subraya el texto, que acaba con una referencia al \u201cderecho inherente de Ucrania a elegir su propio destino y (la UE) seguir\u00e1 apoyando a Ucrania en su camino hacia la adhesi\u00f3n\u201d. <\/p>\n<p class=\"\">El texto del Consejo Europeo no hace referencia a que si hay un alto el fuego debe llegar sin condiciones, no como exige Rusia, a cambio de que se le reconozca ya la soberan\u00eda sobre los territorios ocupados. No obstante, esta es la posici\u00f3n de la mayor parte de pa\u00edses de la UE, no solo de los firmantes del comunicado del domingo. Tambi\u00e9n Espa\u00f1a comparte esa posici\u00f3n, como ha recordado <a href=\"https:\/\/x.com\/jmalbares\/status\/1954965515879018664\" target=\"_self\" rel=\"nofollow\" title=\"https:\/\/x.com\/jmalbares\/status\/1954965515879018664\">este mismo lunes en la red social X el ministro de Asuntos Exteriores, Jos\u00e9 Manuel Albares<\/a>: \u201cQueremos un alto el fuego incondicional y verificable como primer paso hacia una paz justa y duradera. Ucrania y la UE tienen que estar en la mesa de cualquier negociaci\u00f3n. La agresi\u00f3n no puede tener recompensa\u201d.<\/p>\n","protected":false},"excerpt":{"rendered":"La UE se ha movilizado ante la reuni\u00f3n que el viernes mantendr\u00e1n en Alaska los presidentes de Estados&hellip;\n","protected":false},"author":2,"featured_media":41801,"comment_status":"","ping_status":"","sticky":false,"template":"","format":"standard","meta":{"footnotes":""},"categories":[42],"tags":[8738,17,18,70,71,72,700,13,14,69,7082,11,61,62,63,64,19,20,9,10,15,16,1613,1614,12,7081,21,22,1617,65,66,67],"class_list":{"0":"post-41800","1":"post","2":"type-post","3":"status-publish","4":"format-standard","5":"has-post-thumbnail","7":"category-internacional","8":"tag-ataques-militares","9":"tag-breaking-news","10":"tag-breakingnews","11":"tag-conflictos","12":"tag-conflictos-armados","13":"tag-conflictos-internacionales","14":"tag-europa","15":"tag-featured-news","16":"tag-featurednews","17":"tag-guerra","18":"tag-guerra-de-rusia-en-ucrania","19":"tag-headlines","20":"tag-internacional","21":"tag-international","22":"tag-international-news","23":"tag-internationalnews","24":"tag-latest-news","25":"tag-latestnews","26":"tag-news","27":"tag-noticias","28":"tag-noticias-destacadas","29":"tag-noticiasdestacadas","30":"tag-otan","31":"tag-rusia","32":"tag-titulares","33":"tag-ucrania","34":"tag-ultimas-noticias","35":"tag-ultimasnoticias","36":"tag-union-europea","37":"tag-world","38":"tag-world-news","39":"tag-worldnews"},"share_on_mastodon":{"url":"","error":""},"_links":{"self":[{"href":"https:\/\/www.europesays.com\/es\/wp-json\/wp\/v2\/posts\/41800","targetHints":{"allow":["GET"]}}],"collection":[{"href":"https:\/\/www.europesays.com\/es\/wp-json\/wp\/v2\/posts"}],"about":[{"href":"https:\/\/www.europesays.com\/es\/wp-json\/wp\/v2\/types\/post"}],"author":[{"embeddable":true,"href":"https:\/\/www.europesays.com\/es\/wp-json\/wp\/v2\/users\/2"}],"replies":[{"embeddable":true,"href":"https:\/\/www.europesays.com\/es\/wp-json\/wp\/v2\/comments?post=41800"}],"version-history":[{"count":0,"href":"https:\/\/www.europesays.com\/es\/wp-json\/wp\/v2\/posts\/41800\/revisions"}],"wp:featuredmedia":[{"embeddable":true,"href":"https:\/\/www.europesays.com\/es\/wp-json\/wp\/v2\/media\/41801"}],"wp:attachment":[{"href":"https:\/\/www.europesays.com\/es\/wp-json\/wp\/v2\/media?parent=41800"}],"wp:term":[{"taxonomy":"category","embeddable":true,"href":"https:\/\/www.europesays.com\/es\/wp-json\/wp\/v2\/categories?post=41800"},{"taxonomy":"post_tag","embeddable":true,"href":"https:\/\/www.europesays.com\/es\/wp-json\/wp\/v2\/tags?post=41800"}],"curies":[{"name":"wp","href":"https:\/\/api.w.org\/{rel}","templated":true}]}}