{"id":418014,"date":"2026-02-26T12:39:11","date_gmt":"2026-02-26T12:39:11","guid":{"rendered":"https:\/\/www.europesays.com\/es\/418014\/"},"modified":"2026-02-26T12:39:11","modified_gmt":"2026-02-26T12:39:11","slug":"nace-el-premio-aena-narrativa-para-reconocer-el-mejor-libro-del-ano-en-espanol-con-un-millon-de-euros-cultura","status":"publish","type":"post","link":"https:\/\/www.europesays.com\/es\/418014\/","title":{"rendered":"Nace el Premio Aena Narrativa para reconocer el mejor libro del a\u00f1o en espa\u00f1ol con un mill\u00f3n de euros | Cultura"},"content":{"rendered":"<p class=\"\">Cuesta pensar que falten premios y galardones literarios en Espa\u00f1a, m\u00e1s bien cabr\u00eda concluir que ese apartado est\u00e1 saturado. Y, sin embargo, este jueves se ha anunciado en Madrid un nuevo galard\u00f3n, el Premio Aena Narrativa, que se propone contribuir a cubrir un hueco y que supone un aut\u00e9ntico terremoto en el sector. Maurici Lucena, presidente y consejero delegado de Aena, acompa\u00f1ado por Rosa Montero, que es la presidenta del jurado del nuevo galard\u00f3n, anunci\u00f3 que el premio est\u00e1 dotado con un mill\u00f3n de euros para el ganador y 30.000 euros para los cinco finalistas. Adem\u00e1s, la compa\u00f1\u00eda invertir\u00e1 adicionalmente m\u00e1s de otro mill\u00f3n en la compra de ejemplares de los t\u00edtulos seleccionados como finalistas. La gala de entrega se celebrar\u00e1 el 8 de abril en Barcelona. <\/p>\n<p class=\"\">El nuevo premio es un reconocimiento con vocaci\u00f3n trasatl\u00e1ntica que nace bajo el lema \u201cleer es volar\u201d, y tiene como socios a la Fundaci\u00f3n Gabo y la C\u00e1tedra Vargas Llosa. En la Biblioteca de la UNED en el barrio de Lavapi\u00e9s, ha dado la bienvenida el rector de la UNED Ricardo Mairal, que ha destacado la importancia de impulsar el fomento de la lectura y de la creaci\u00f3n. <\/p>\n<p class=\"\">Frente al premio Booker en lengua inglesa o el Goncourt en franc\u00e9s, la lengua espa\u00f1ola, con cerca de 519 millones de hablantes nativos, no cuenta con un premio de tanto prestigio que distinga el libro del a\u00f1o. Se otorgan anualmente m\u00e1s de 1.200 premios en Espa\u00f1a, la gran mayor\u00eda a libros in\u00e9ditos, los mejor remunerados promovidos por grandes sellos editoriales (premio Planeta, premio Nadal, premio Alfaguara). Tambi\u00e9n hay importantes premios institucionales que reconocen una trayectoria literaria, como el premio Cervantes. <\/p>\n<p class=\"\"><a href=\"https:\/\/www.aena.es\/es\/bases-legales-premio-aena-narrativa.html\" target=\"_self\" rel=\"nofollow noopener\" title=\"https:\/\/www.aena.es\/es\/bases-legales-premio-aena-narrativa.html\">Las bases del nuevo galard\u00f3n establecen que habr\u00e1 <\/a>\u201cuna primera fase de preselecci\u00f3n en la que se determinar\u00e1n las obras seleccionadas y una segunda fase de fallo del Premio en la que se determinar\u00e1n los finalistas y el ganador\u201d. El mismo texto explica que cada miembro del equipo de preselecci\u00f3n escoger\u00e1 10 obras sobre las que emitir\u00e1 un informe individual \u2015 basado en \u201ccalidad literaria, originalidad y tratamiento narrativo, valor cultural y comercial y otros aspectos favorables\u201d\u2015, donde los titulos aparezcan ordenados y con una puntuaci\u00f3n correspondiente a cada puesto. \u201cLas cinco obras finalmente preseleccionadas ser\u00e1n aquellas que sumen m\u00e1s puntos en el recuento total\u201d, agrega.<a href=\"https:\/\/www.aena.es\/es\/bases-legales-premio-aena-narrativa.html\" target=\"_self\" rel=\"nofollow noopener\" title=\"https:\/\/www.aena.es\/es\/bases-legales-premio-aena-narrativa.html\"> Los t\u00edtulos escogidos se har\u00e1n p\u00fablicos. <\/a><\/p>\n<p class=\"\">El jurado estar\u00e1 integrado por un m\u00e1ximo de 12 profesionales \u201cde reconocido prestigio en el \u00e1mbito literario, editorial o acad\u00e9mico del universo cultural y literario espa\u00f1oles e hispanoamericanos. Estas personas deben contar con una trayectoria consolidada como escritores\/as, con obras premiadas y traducidas. Adem\u00e1s, deben contar con reconocimiento institucional y profesional, tales como premios literarios, participaciones anteriores como jurados en otros cert\u00e1menes y presencia en festivales literarios y otros foros culturales\u201d,<a href=\"https:\/\/www.aena.es\/es\/bases-legales-premio-aena-narrativa.html\" target=\"_self\" rel=\"nofollow noopener\" title=\"https:\/\/www.aena.es\/es\/bases-legales-premio-aena-narrativa.html\"> a\u00f1aden las bases.<\/a><\/p>\n<p class=\"\">\u201cAena adquirir\u00e1 un m\u00ednimo de 5.000 ejemplares de cada una de las obras finalistas y ganadora, con un importe m\u00e1ximo de 1.404.000 \u20ac, para su donaci\u00f3n a los trabajadores de Aena y a los ayuntamientos de los territorios en los que la compa\u00f1\u00eda desarrolla su actividad, para su distribuci\u00f3n en centros educativos, bibliotecas, espacios culturales u otros puntos que los propios ayuntamientos consideren adecuados. La donaci\u00f3n est\u00e1 sujeta a las autorizaciones administrativas normativamente establecidas. Asimismo, se distribuir\u00e1n los ejemplares de las obras a los empleados en los centros de trabajo de Aena en Espa\u00f1a\u00bb, <a href=\"https:\/\/www.aena.es\/es\/bases-legales-premio-aena-narrativa.html\" target=\"_self\" rel=\"nofollow noopener\" title=\"https:\/\/www.aena.es\/es\/bases-legales-premio-aena-narrativa.html\">se leen en las bases.<\/a><\/p>\n<p class=\"\">[Noticia de \u00fatima hora. Habr\u00e1 actualizaci\u00f3n en breve]<\/p>\n","protected":false},"excerpt":{"rendered":"Cuesta pensar que falten premios y galardones literarios en Espa\u00f1a, m\u00e1s bien cabr\u00eda concluir que ese apartado est\u00e1&hellip;\n","protected":false},"author":2,"featured_media":418015,"comment_status":"","ping_status":"","sticky":false,"template":"","format":"standard","meta":{"footnotes":""},"categories":[91],"tags":[209,81834,146,147,25,1598,24,225,671,532,33469,57018,23],"class_list":["post-418014","post","type-post","status-publish","format-standard","has-post-thumbnail","category-entretenimiento","tag-cultura","tag-enaire","tag-entertainment","tag-entretenimiento","tag-es","tag-escritores","tag-espana","tag-libros","tag-literatura","tag-premios","tag-premios-literarios","tag-rosa-montero","tag-spain"],"share_on_mastodon":{"url":"https:\/\/pubeurope.com\/@es\/116136978891244947","error":""},"_links":{"self":[{"href":"https:\/\/www.europesays.com\/es\/wp-json\/wp\/v2\/posts\/418014","targetHints":{"allow":["GET"]}}],"collection":[{"href":"https:\/\/www.europesays.com\/es\/wp-json\/wp\/v2\/posts"}],"about":[{"href":"https:\/\/www.europesays.com\/es\/wp-json\/wp\/v2\/types\/post"}],"author":[{"embeddable":true,"href":"https:\/\/www.europesays.com\/es\/wp-json\/wp\/v2\/users\/2"}],"replies":[{"embeddable":true,"href":"https:\/\/www.europesays.com\/es\/wp-json\/wp\/v2\/comments?post=418014"}],"version-history":[{"count":0,"href":"https:\/\/www.europesays.com\/es\/wp-json\/wp\/v2\/posts\/418014\/revisions"}],"wp:featuredmedia":[{"embeddable":true,"href":"https:\/\/www.europesays.com\/es\/wp-json\/wp\/v2\/media\/418015"}],"wp:attachment":[{"href":"https:\/\/www.europesays.com\/es\/wp-json\/wp\/v2\/media?parent=418014"}],"wp:term":[{"taxonomy":"category","embeddable":true,"href":"https:\/\/www.europesays.com\/es\/wp-json\/wp\/v2\/categories?post=418014"},{"taxonomy":"post_tag","embeddable":true,"href":"https:\/\/www.europesays.com\/es\/wp-json\/wp\/v2\/tags?post=418014"}],"curies":[{"name":"wp","href":"https:\/\/api.w.org\/{rel}","templated":true}]}}