{"id":418338,"date":"2026-02-26T17:12:14","date_gmt":"2026-02-26T17:12:14","guid":{"rendered":"https:\/\/www.europesays.com\/es\/418338\/"},"modified":"2026-02-26T17:12:14","modified_gmt":"2026-02-26T17:12:14","slug":"las-5-mejores-peliculas-de-timothee-chalamet","status":"publish","type":"post","link":"https:\/\/www.europesays.com\/es\/418338\/","title":{"rendered":"Las 5 mejores pel\u00edculas de Timoth\u00e9e Chalamet"},"content":{"rendered":"<p>Timoth\u00e9e Chalamet compite este a\u00f1o por el <strong>Oscar a Mejor actor<\/strong>, en lo que representa <strong>la tercera nominaci\u00f3n de su carrera<\/strong>. En menos de una d\u00e9cada construy\u00f3 un recorrido que alterna dramas intimistas, biopics musicales y superproducciones. <\/p>\n<p>A continuaci\u00f3n, repasamos <strong>las 5 mejores pel\u00edculas de Timoth\u00e9e Chalamet.<\/strong><\/p>\n<p><strong>Call Me By Your Name<\/strong><\/p>\n<p>2017 &#8211; Dir. Luca Guadagnino<\/p>\n<p>Con poco m\u00e1s de 20 a\u00f1os, Chalamet ofreci\u00f3 uno de los papeles m\u00e1s potentes de su filmograf\u00eda. Junto a <strong>Armie Hammer<\/strong> protagoniz\u00f3 esta historia de amor que tiene <strong>m\u00faltiples condimentos<\/strong>: una relaci\u00f3n LGBT con gran <strong>diferencia de edad<\/strong>, los <strong>paisajes del norte de Italia<\/strong>, la vida de una familia intelectual, <strong>erotismo <\/strong>y la est\u00e9tica retro de los a\u00f1os 80. La actuaci\u00f3n le vali\u00f3 su primera nominaci\u00f3n al Oscar y confirm\u00f3 su capacidad para sostener un drama de intensidad emocional sin excesos.<\/p>\n<p><strong>Marty Supreme<\/strong><\/p>\n<p>2025 &#8211; Dir. Josh Safdie<\/p>\n<p>En este drama ambientado en 1952, interpreta a <a href=\"https:\/\/indiehoy.com\/cine\/critica-de-marty-supreme-la-vida-de-un-perdedor\/\" type=\"link\" id=\"https:\/\/indiehoy.com\/cine\/critica-de-marty-supreme-la-vida-de-un-perdedor\/\" target=\"_blank\" rel=\"noreferrer noopener nofollow\">Marty Mauser<\/a>, un <strong>campe\u00f3n de ping pong<\/strong> que intenta <strong>escalar socialmente<\/strong> mientras enfrenta dificultades econ\u00f3micas y un conflicto personal. Encarna a un antih\u00e9roe de poca monta, repleto de decisiones amorales. Por esto, <strong>el p\u00fablico no logra empatizar del todo<\/strong> \u2014y este es uno de los puntos m\u00e1s interesantes y arriesgados del film\u2014. El personaje es ambiguo y moralmente cuestionable, una <strong>apuesta arriesgada<\/strong> que ampl\u00eda su registro y lo aleja del arquetipo rom\u00e1ntico con el que se lo asoci\u00f3 en sus primeros a\u00f1os.<\/p>\n<p><strong>Duna<\/strong><\/p>\n<p>2021 &#8211; Dir. Denis Villeneuve<\/p>\n<p>Si bien el drama es el g\u00e9nero que viene dominando la filmograf\u00eda del joven actor, en 2021 tuvo la oportunidad de protagonizar la <strong>taquillera pel\u00edcula de ciencia ficci\u00f3n<\/strong> y as\u00ed entrenarse como personaje de acci\u00f3n. En esta nueva adaptaci\u00f3n del libro hom\u00f3nimo, Chalamet interpreta a <strong>Paul Atreides<\/strong>, quien habita en el planeta des\u00e9rtico Arrakis. Combina <strong>vulnerabilidad<\/strong> con <strong>determinaci\u00f3n <\/strong>en un relato de ciencia ficci\u00f3n marcado por la \u00e9pica y el conflicto pol\u00edtico.<\/p>\n<p><strong>Un completo desconocido<\/strong><\/p>\n<p>2024 &#8211; Dir. James Mangold<\/p>\n<p>La segunda nominaci\u00f3n al Oscar para Chalamet lleg\u00f3 con su interpretaci\u00f3n de <strong>Bob Dylan<\/strong>. Para el <a href=\"https:\/\/indiehoy.com\/cine\/critica-un-completo-desconocido-fiel-retrato-cuando-bob-dylan-volvio-electrico-timothee-chalamet\/\" type=\"link\" id=\"https:\/\/indiehoy.com\/cine\/critica-un-completo-desconocido-fiel-retrato-cuando-bob-dylan-volvio-electrico-timothee-chalamet\/\" target=\"_blank\" rel=\"noreferrer noopener nofollow\">film de <strong>Mangold<\/strong><\/a>, el actor estadounidense construy\u00f3 una suerte de imitaci\u00f3n del compositor y por ello <strong>cambi\u00f3 radicalmente su look<\/strong>, buscando el mayor parecido para esta biopic. El film se centra en <strong>la transici\u00f3n del m\u00fasico del folk al per\u00edodo el\u00e9ctrico<\/strong>. En este trabajo, sorprendi\u00f3 su <strong>capacidad camale\u00f3nica<\/strong> para encarnar a uno de los grandes h\u00e9roes de la m\u00fasica, aunque su construcci\u00f3n de personaje est\u00e9 muy ligada a la imitaci\u00f3n.<\/p>\n<p><strong>Beautiful Boy<\/strong><\/p>\n<p>2018 &#8211; Dir. Felix Van Groeningen<\/p>\n<p>En este drama coprotagonizado por <strong>Steve Carell<\/strong> y <strong>basado en hechos reales<\/strong>, interpreta a un joven con <strong>una profunda adicci\u00f3n a las drogas<\/strong>. La pel\u00edcula est\u00e1 narrada tanto desde el punto de vista del padre, que <strong>sufre los excesos de su hijo y busca salvarlo<\/strong>, como desde el joven, que est\u00e1 <strong>sumido en una depresi\u00f3n y consecuente consumo<\/strong>. La pel\u00edcula explora el v\u00ednculo familiar desde ambos puntos de vista y permite a Chalamet desplegar un registro m\u00e1s crudo y f\u00edsico. Con una carrera que combina riesgo y visibilidad, Chalamet se mantiene como uno de los actores m\u00e1s observados de su generaci\u00f3n.<\/p>\n","protected":false},"excerpt":{"rendered":"Timoth\u00e9e Chalamet compite este a\u00f1o por el Oscar a Mejor actor, en lo que representa la tercera nominaci\u00f3n&hellip;\n","protected":false},"author":2,"featured_media":418339,"comment_status":"","ping_status":"","sticky":false,"template":"","format":"standard","meta":{"footnotes":""},"categories":[169],"tags":[177,15420,146,147,25,24,89356,176,89357,52198,175,23,33953],"class_list":["post-418338","post","type-post","status-publish","format-standard","has-post-thumbnail","category-cine","tag-cine","tag-denis-villeneuve","tag-entertainment","tag-entretenimiento","tag-es","tag-espana","tag-felix-van-groeningen","tag-film","tag-josh-safdie","tag-luca-guadagnino","tag-movies","tag-spain","tag-timothee-chalamet"],"share_on_mastodon":{"url":"https:\/\/pubeurope.com\/@es\/116138052574539498","error":""},"_links":{"self":[{"href":"https:\/\/www.europesays.com\/es\/wp-json\/wp\/v2\/posts\/418338","targetHints":{"allow":["GET"]}}],"collection":[{"href":"https:\/\/www.europesays.com\/es\/wp-json\/wp\/v2\/posts"}],"about":[{"href":"https:\/\/www.europesays.com\/es\/wp-json\/wp\/v2\/types\/post"}],"author":[{"embeddable":true,"href":"https:\/\/www.europesays.com\/es\/wp-json\/wp\/v2\/users\/2"}],"replies":[{"embeddable":true,"href":"https:\/\/www.europesays.com\/es\/wp-json\/wp\/v2\/comments?post=418338"}],"version-history":[{"count":0,"href":"https:\/\/www.europesays.com\/es\/wp-json\/wp\/v2\/posts\/418338\/revisions"}],"wp:featuredmedia":[{"embeddable":true,"href":"https:\/\/www.europesays.com\/es\/wp-json\/wp\/v2\/media\/418339"}],"wp:attachment":[{"href":"https:\/\/www.europesays.com\/es\/wp-json\/wp\/v2\/media?parent=418338"}],"wp:term":[{"taxonomy":"category","embeddable":true,"href":"https:\/\/www.europesays.com\/es\/wp-json\/wp\/v2\/categories?post=418338"},{"taxonomy":"post_tag","embeddable":true,"href":"https:\/\/www.europesays.com\/es\/wp-json\/wp\/v2\/tags?post=418338"}],"curies":[{"name":"wp","href":"https:\/\/api.w.org\/{rel}","templated":true}]}}