{"id":418504,"date":"2026-02-26T19:35:07","date_gmt":"2026-02-26T19:35:07","guid":{"rendered":"https:\/\/www.europesays.com\/es\/418504\/"},"modified":"2026-02-26T19:35:07","modified_gmt":"2026-02-26T19:35:07","slug":"el-mundo-distopico-y-real-de-george-orwell","status":"publish","type":"post","link":"https:\/\/www.europesays.com\/es\/418504\/","title":{"rendered":"El mundo dist\u00f3pico y real de George Orwell"},"content":{"rendered":"<p>\u00abPensar que el arte no tiene nada que ver con la pol\u00edtica ya es una actitud pol\u00edtica\u00bb. La frase pertenece a George Orwell (1903- &#8230; 1950) y se escucha en el apabullante documental de Raoul Peck, 27 de febrero en cines, confeccionado a partir de los textos y cartas del escritor brit\u00e1nico. El autor de &#8216;1984&#8217; y &#8216;Rebeli\u00f3n en la granja&#8217; advirti\u00f3 en sus obras contra cualquier forma de totalitarismo y fascismo. Apel\u00f3 siempre a la inteligencia, la independencia de pensamiento y la humanidad. Extrajo ense\u00f1anzas de su propia vida que le hicieron desenga\u00f1arse del sistema de clases en el Reino Unido tras haber estudiado en Eton, del colonialismo tras ser polic\u00eda militar en Birmania y del periodismo tras su paso por la radio de la BBC. \u00abLo que vi en Espa\u00f1a me hizo aborrecer la pol\u00edtica\u00bb, se escucha en &#8216;Orwell 2+2 =5&#8217;. Abri\u00f3 los ojos en las milicias del POUM en el Frente de Arag\u00f3n en 1936.<\/p>\n<p class=\"v-p\">La biograf\u00eda de Eric Arthur Blair fue lo suficientemente intensa y variada como para no aburrir. Raoul Peck la recorre ayudado por la voz del actor Damian Lewis, que lee las palabras del escritor. Tambi\u00e9n se sirve de fragmentos de pel\u00edculas que han adaptado su obra, sobre todo &#8216;1984&#8217; de Michael Radford, estrenada ese mismo a\u00f1o, y la versi\u00f3n de 1956 de Michael Anderson. Asimismo, recurre a t\u00edtulos como el &#8216;Oliver Twist&#8217;, de David Lean, &#8216;Memorias de \u00c1frica&#8217; o &#8216;La guerra de los mundos&#8217; y &#8216;Minority Report&#8217;, de Spielberg.<\/p>\n<p>Tr\u00e1iler de &#8216;Orwell: 2+2=5&#8217;.<\/p>\n<p class=\"v-p\">Sin embargo, lo que dota de vigencia y una ambici\u00f3n sin l\u00edmites este documental estrenado en el Festival de Cannes, lo que lo convierte en hipn\u00f3tico y estremecedor, es el empleo de im\u00e1genes documentales que demuestran el caracter prof\u00e9tico de las novelas de Orwell. Sus distop\u00edas son hoy realidad. Del Berl\u00edn arrasado de 1945, con todos los edificios en ruinas tras los bombardeos, saltamos a Mari\u00fapol, en Ucrania, otro paisaje de la devastaci\u00f3n. Al insoportable ajusticimiento de una docena de nazis en Kiev en 1946, ahorcados ante la vista del populacho vociferante, se sucede la toma del Capitolio por las huestes de Trump. Todo es c\u00edclico. Cometemos los mismos errores a lo largo de la Historia una y otra vez.<\/p>\n<p class=\"v-p\">Raoul Peck sabe lo que es vivir en reg\u00edmenes dictatoriales. Creci\u00f3 en el Hait\u00ed de Duvalier y se exili\u00f3 en el Zaire bajo la bota de Mobutu Sese Seko. Vio a su padre encarcelado como opositor y se dedic\u00f3 a la pol\u00edtica, llegando a ser ministro de Cultura de Hait\u00ed. Sus documentales, como &#8216;I am not your Negro&#8217;, dedicado al escritor James Baldwin y al racismo en EE UU, y el m\u00e1s reciente &#8216;Ernest Cole: Lost and Found&#8217;, sobre un fot\u00f3grafo negro en la Sud\u00e1frica del apartheid, arrastran al espectador gracias al virtuosismo con el que combina un aluvi\u00f3n de im\u00e1genes y una m\u00fasica omnipresente.<\/p>\n<p><img decoding=\"async\" loading=\"lazy\" src=\"https:\/\/www.europesays.com\/es\/wp-content\/uploads\/2026\/02\/1984-kUHG--650x455@RC.jpg\" class=\"v-a-img\" alt=\"Una imagen de la pel\u00edcula '1984', de Michael Radford, incluida en el documental.\" data-voc-vtm-id=\"in-text-traffic\" width=\"650\" height=\"455\"\/><\/p>\n<p>Una imagen de la pel\u00edcula &#8216;1984&#8217;, de Michael Radford, incluida en el documental.<\/p>\n<p><img loading=\"lazy\" decoding=\"async\" src=\"https:\/\/www.europesays.com\/es\/wp-content\/uploads\/2026\/02\/1984-kUHG--650x455@RC.jpg\" class=\"v-mdl__img-z\" width=\"650\" height=\"455\" alt=\"\"\/><\/p>\n<p class=\"v-p\">Cuando Orwell escribi\u00f3 &#8216;1984&#8217;, su \u00faltima novela, en la vac\u00eda isla de Jura en Escocia quiz\u00e1 no pod\u00eda imaginar que la Polic\u00eda del Pensamiento y el Gran Hermano iban a llegar gracias a empresas tecnol\u00f3gicas que recibimos con los brazos abiertos como un heraldo de libertad. Mark Zuckerberg balbuceando en el Senado de EE UU simboliza la invasi\u00f3n de la intimidad y el comercio de nuestros datos, que hemos aceptado gustosos.<\/p>\n<p class=\"v-p\">\u00abMi esperanza es que la gente com\u00fan no olvide su c\u00f3digo \u00e9tico\u00bb, confiaba George Orwell, al que siempre movi\u00f3 un sentido de la justicia. Sus llamadas a despertar y movilizarse resultan dolorosamente actuales en estos tiempos de desinformaci\u00f3n. \u00abTodo lo que importa ya ha sido escrito\u00bb, se lee en un filme que debe su t\u00edtulo a la &#8216;reeducaci\u00f3n&#8217; del protagonista de &#8216;1984&#8217;, al que mostraban cuatro dedos de una mano, tortur\u00e1ndolo hasta que, efectivamente, ve\u00eda cinco.<\/p>\n","protected":false},"excerpt":{"rendered":"\u00abPensar que el arte no tiene nada que ver con la pol\u00edtica ya es una actitud pol\u00edtica\u00bb. La&hellip;\n","protected":false},"author":2,"featured_media":418505,"comment_status":"","ping_status":"","sticky":false,"template":"","format":"standard","meta":{"footnotes":""},"categories":[91],"tags":[89395,146,147,25,24,4594,3013,89396,798,23],"class_list":["post-418504","post","type-post","status-publish","format-standard","has-post-thumbnail","category-entretenimiento","tag-distopico","tag-entertainment","tag-entretenimiento","tag-es","tag-espana","tag-george","tag-mundo","tag-orwell","tag-real","tag-spain"],"share_on_mastodon":{"url":"https:\/\/pubeurope.com\/@es\/116138614793723668","error":""},"_links":{"self":[{"href":"https:\/\/www.europesays.com\/es\/wp-json\/wp\/v2\/posts\/418504","targetHints":{"allow":["GET"]}}],"collection":[{"href":"https:\/\/www.europesays.com\/es\/wp-json\/wp\/v2\/posts"}],"about":[{"href":"https:\/\/www.europesays.com\/es\/wp-json\/wp\/v2\/types\/post"}],"author":[{"embeddable":true,"href":"https:\/\/www.europesays.com\/es\/wp-json\/wp\/v2\/users\/2"}],"replies":[{"embeddable":true,"href":"https:\/\/www.europesays.com\/es\/wp-json\/wp\/v2\/comments?post=418504"}],"version-history":[{"count":0,"href":"https:\/\/www.europesays.com\/es\/wp-json\/wp\/v2\/posts\/418504\/revisions"}],"wp:featuredmedia":[{"embeddable":true,"href":"https:\/\/www.europesays.com\/es\/wp-json\/wp\/v2\/media\/418505"}],"wp:attachment":[{"href":"https:\/\/www.europesays.com\/es\/wp-json\/wp\/v2\/media?parent=418504"}],"wp:term":[{"taxonomy":"category","embeddable":true,"href":"https:\/\/www.europesays.com\/es\/wp-json\/wp\/v2\/categories?post=418504"},{"taxonomy":"post_tag","embeddable":true,"href":"https:\/\/www.europesays.com\/es\/wp-json\/wp\/v2\/tags?post=418504"}],"curies":[{"name":"wp","href":"https:\/\/api.w.org\/{rel}","templated":true}]}}