{"id":418928,"date":"2026-02-27T01:42:39","date_gmt":"2026-02-27T01:42:39","guid":{"rendered":"https:\/\/www.europesays.com\/es\/418928\/"},"modified":"2026-02-27T01:42:39","modified_gmt":"2026-02-27T01:42:39","slug":"dimite-en-bloque-la-direccion-de-vox-en-murcia-para-forzar-la-destitucion-de-su-presidente","status":"publish","type":"post","link":"https:\/\/www.europesays.com\/es\/418928\/","title":{"rendered":"Dimite en bloque la direcci\u00f3n de Vox en Murcia para forzar la destituci\u00f3n de su presidente"},"content":{"rendered":"<p class=\"c-paragraph\">El Comit\u00e9 Ejecutivo Provincial (CEP) de <a href=\"https:\/\/www.20minutos.es\/tags\/instituciones-empresas\/vox.html\" title=\"Vox\" rel=\"nofollow noopener\" target=\"_blank\">Vox<\/a> en la Regi\u00f3n de Murcia <b>ha dimitido este jueves en pleno<\/b> por un \u00abprofundo desacuerdo\u00bb con la gesti\u00f3n de su presidente, Jos\u00e9 \u00c1ngel Antelo. El objetivo de la dimisi\u00f3n es que la direcci\u00f3n nacional del partido \u00abtome las riendas\u00a0y resuelva una grave crisis de cohesi\u00f3n interna que se ha agravado notablemente en los \u00faltimos tiempos\u00bb, han informado fuentes de la formaci\u00f3n.\u00a0<\/p>\n<p class=\"c-paragraph\">Esta <b>renuncia afecta<\/b> a la hasta ahora vicepresidenta, la diputada en el Congreso Lourdes M\u00e9ndez, a la secretaria Carmen Mendui\u00f1a, as\u00ed como a los responsables de Relaciones Institucionales, Intermunicipal y Organizaci\u00f3n Territorial Antonio Mart\u00ednez Nieto, Antonio Mart\u00ednez S\u00e1nchez y A\u00edda Pe\u00f1alver.<\/p>\n<p class=\"c-paragraph\">Antelo, que ocup\u00f3 la vicepresidencia del Gobierno regional apenas un a\u00f1o tras las elecciones auton\u00f3micas de 2023, ha eludido este jueves por la ma\u00f1ana pronunciarse sobre una eventual crisis interna de su partido en los pasillos del Parlamento murciano, donde se ha celebrado la sesi\u00f3n semanal de control al Ejecutivo. Pero tras hacerse p\u00fablica la decisi\u00f3n del CEP, <b>ha convocado este viernes a los medios de comunicaci\u00f3n<\/b> frente al Ayuntamiento de Molina de Segura, donde ofrecer\u00e1 declaraciones sobre lo sucedido.<\/p>\n<p class=\"c-paragraph\">El portavoz de Vox en el Ayuntamiento de Murcia y miembro de la ejecutiva nacional, Luis Gestoso, ha negado, por su parte, <b>\u00abning\u00fan movimiento en contra de nadie\u00bb<\/b> en el seno de la formaci\u00f3n a nivel auton\u00f3mico al ser preguntado al inicio del pleno del Consistorio. En t\u00e9rminos parecidos se ha pronunciado el portavoz en el Parlamento Europeo, Jorge Buxad\u00e9, quien ha calificado de \u00abinfundio\u00bb que su partido fuera a renovar la direcci\u00f3n en la regi\u00f3n.\u00a0<\/p>\n<p class=\"c-paragraph\">Desde el partido emplazan tambi\u00e9n a este viernes para conocer las <b>decisiones que adoptar\u00e1 Madrid<\/b> sobre la organizaci\u00f3n territorial, que ha quedado sin ejecutiva, a la espera del nombramiento de una gestora provisional. S\u00ed se sabe que Antelo ser\u00e1 relevado por quien designe la direcci\u00f3n nacional.<\/p>\n<p class=\"c-paragraph\">Exdirigentes de Vox como <b>Ivan Espinosa de los Monteros y Juan Garc\u00eda-Gallardo<\/b> tambi\u00e9n se han pronunciado sobre este asunto y han acusado a la direcci\u00f3n del partido de \u00abquerer cargarse a los mejores\u00bb. En su cuenta de X, Espinosa de los Monteros ha dicho: \u00abFelicidades a la c\u00fapula de Vox. A\u00fan no han apagado el fuego que han creado con Ortega Smith y ya se est\u00e1n cargando a otro de los mejores candidatos del partido, @JA_Antelo en Murcia. \u00a1Es que es incre\u00edble!\u00bb.<\/p>\n<p class=\"c-paragraph\">Garc\u00eda-Gallardo, hasta el a\u00f1o pasado l\u00edder de Vox en Castilla y Le\u00f3n, ha comentado en su red social: \u00abAlucinante. Parece que <b>a Abascal le molestan todos aquellos que tienen personalidad y un perfil propio<\/b>. Vox se merece un l\u00edder nacional que quiera a los mejores jugadores en su equipo titular, no lo que estamos viendo en los \u00faltimos tiempos\u00bb.<\/p>\n<p class=\"c-paragraph\">Tambi\u00e9n en X, el exsecretario general de Vox <b><a href=\"https:\/\/www.20minutos.es\/tags\/personas\/javier-ortega-smith.html\" title=\"Javier Ortega-Smith\" rel=\"nofollow noopener\" target=\"_blank\">Javier Ortega Smith<\/a><\/b> ha escrito que Antelo \u00abes una gran persona y un gran patriota que ha conseguido levantar el proyecto de Vox en la Regi\u00f3n de Murcia. Es un hombre honrado e \u00edntegro, valores tan necesarios en pol\u00edtica\u2026\u00bb. \u00ab\u00c1nimo, amigo @JA_Antelo. El tiempo pone a cada uno en su sitio\u00bb. Ortega Smith est\u00e1 enfrentado al partido al <a href=\"https:\/\/www.20minutos.es\/madrid\/ortega-smith-dispuesto-ir-justicia-para-seguir-como-portavoz-vox-madrid-no-voy-dejar-caer-nunca-mis-companeros_6936876_0.html\" title=\"Ortega Smith, dispuesto a ir a la justicia para seguir como portavoz de Vox en Madrid: &quot;No voy a dejar caer nunca a mis compa\u00f1eros&quot;\" rel=\"nofollow noopener\" target=\"_blank\">resistirse a abandonar su cargo como portavoz en el Ayuntamiento de Madrid<\/a> despu\u00e9s de que la direcci\u00f3n nacional del partido ordenase su cese en dicho puesto.\u00a0<\/p>\n","protected":false},"excerpt":{"rendered":"El Comit\u00e9 Ejecutivo Provincial (CEP) de Vox en la Regi\u00f3n de Murcia ha dimitido este jueves en pleno&hellip;\n","protected":false},"author":2,"featured_media":418929,"comment_status":"","ping_status":"","sticky":false,"template":"","format":"standard","meta":{"footnotes":""},"categories":[5],"tags":[25059,17,18,2334,4796,25,24,13,14,11,19,20,1478,9,10,15,16,23,12,21,22,624],"class_list":["post-418928","post","type-post","status-publish","format-standard","has-post-thumbnail","category-titulares","tag-bloque","tag-breaking-news","tag-breakingnews","tag-dimite","tag-direccion","tag-es","tag-espana","tag-featured-news","tag-featurednews","tag-headlines","tag-latest-news","tag-latestnews","tag-murcia","tag-news","tag-noticias","tag-noticias-destacadas","tag-noticiasdestacadas","tag-spain","tag-titulares","tag-ultimas-noticias","tag-ultimasnoticias","tag-vox"],"share_on_mastodon":{"url":"https:\/\/pubeurope.com\/@es\/116140057812070782","error":""},"_links":{"self":[{"href":"https:\/\/www.europesays.com\/es\/wp-json\/wp\/v2\/posts\/418928","targetHints":{"allow":["GET"]}}],"collection":[{"href":"https:\/\/www.europesays.com\/es\/wp-json\/wp\/v2\/posts"}],"about":[{"href":"https:\/\/www.europesays.com\/es\/wp-json\/wp\/v2\/types\/post"}],"author":[{"embeddable":true,"href":"https:\/\/www.europesays.com\/es\/wp-json\/wp\/v2\/users\/2"}],"replies":[{"embeddable":true,"href":"https:\/\/www.europesays.com\/es\/wp-json\/wp\/v2\/comments?post=418928"}],"version-history":[{"count":0,"href":"https:\/\/www.europesays.com\/es\/wp-json\/wp\/v2\/posts\/418928\/revisions"}],"wp:featuredmedia":[{"embeddable":true,"href":"https:\/\/www.europesays.com\/es\/wp-json\/wp\/v2\/media\/418929"}],"wp:attachment":[{"href":"https:\/\/www.europesays.com\/es\/wp-json\/wp\/v2\/media?parent=418928"}],"wp:term":[{"taxonomy":"category","embeddable":true,"href":"https:\/\/www.europesays.com\/es\/wp-json\/wp\/v2\/categories?post=418928"},{"taxonomy":"post_tag","embeddable":true,"href":"https:\/\/www.europesays.com\/es\/wp-json\/wp\/v2\/tags?post=418928"}],"curies":[{"name":"wp","href":"https:\/\/api.w.org\/{rel}","templated":true}]}}