{"id":41921,"date":"2025-08-12T06:42:32","date_gmt":"2025-08-12T06:42:32","guid":{"rendered":"https:\/\/www.europesays.com\/es\/41921\/"},"modified":"2025-08-12T06:42:32","modified_gmt":"2025-08-12T06:42:32","slug":"la-historia-de-una-amistad-en-la-espana-de-la-dictadura-y-la-transicion","status":"publish","type":"post","link":"https:\/\/www.europesays.com\/es\/41921\/","title":{"rendered":"la historia de una amistad en la Espa\u00f1a de la dictadura y la Transici\u00f3n"},"content":{"rendered":"<p class=\"article-text\">\n        El pasado 20 de marzo, Jorge Herralde (Barcelona, 1935) cumpli\u00f3 90 a\u00f1os. De estos, m\u00e1s de la mitad los ha dedicado a su editorial, Anagrama, fundada en 1969 y dirigida por \u00e9l hasta 2017, cuando deleg\u00f3 en Silvia Ses\u00e9, aunque es vox populi que ni siquiera jubilado se desentendi\u00f3 del todo. Volc\u00f3 su existencia en un proyecto que iba mucho m\u00e1s all\u00e1 de la publicaci\u00f3n de libros: descubri\u00f3 nuevas voces, trabaj\u00f3 para fortalecerlas y se atrevi\u00f3 a editar t\u00edtulos que despertaran el <a href=\"https:\/\/www.eldiario.es\/cultura\/patrick-boucheron-frente-bulos-extrema-derecha-no-basta-fact-cheking_1_11832169.html\" data-mrf-recirculation=\"links-noticia\" class=\"link\" rel=\"nofollow noopener\" target=\"_blank\">apetito intelectual<\/a> de una poblaci\u00f3n que quer\u00eda romper con el adormecimiento cultural de la dictadura. Aviv\u00f3 el di\u00e1logo, enriqueci\u00f3 la vida de muchos lectores; y estos, a su vez, hicieron de Anagrama la editorial de su vida.\n    <\/p>\n<p>    <a href=\"https:\/\/www.eldiario.es\/cultura\/cine\/celine-song-cineasta-altura-peso-sueldo-edad-reducen-seres-humanos-numeros_1_12515059.html\" data-mrf-recirculation=\"saber-mas\" data-dl-event=\"saber-mas\" rel=\"nofollow noopener\" target=\"_blank\"><\/p>\n<p class=\"know-more__title\">Celine Song, cineasta: \u00abLa altura, el peso, el sueldo y la edad reducen a los seres humanos a n\u00fameros\u00bb<\/p>\n<p>            <img decoding=\"async\" class=\"lazy\" loading=\"lazy\" data-src=\"https:\/\/static.eldiario.es\/clip\/4e712d42-5228-41f2-a964-b82b037e4149_16-9-aspect-ratio_default_0_x1683y1692.jpg\" src=\"data:image\/svg+xml,%3Csvg xmlns=\" http:=\"\" viewbox=\"0 0 880 495\" alt=\"Celine Song, cineasta: &quot;La altura, el peso, el sueldo y la edad reducen a los seres humanos a n\u00fameros&quot;\"\/><\/p>\n<p>                        <\/a><\/p>\n<p class=\"article-text\">\n        Con el fin de documentar aquella huella inconmensurable, la editorial inaugur\u00f3 a finales de 2024 una colecci\u00f3n llamada Fundaci\u00f3n Feltrinelli Anagrama Archivo Herralde, que \u201ctiene como prop\u00f3sito hacer p\u00fablicos documentos y cartas que constituyen la <a href=\"https:\/\/www.eldiario.es\/cultura\/memoria-olvido-matrimonio-esencial-explicar-cat_1_11701674.html\" data-mrf-recirculation=\"links-noticia\" class=\"link\" rel=\"nofollow noopener\" target=\"_blank\">memoria hist\u00f3rica<\/a> de Anagrama\u201d. El primer libro, Correspondencia 1971-2005, re\u00fane las misivas que el editor intercambi\u00f3 con el pensador alem\u00e1n Hans Magnus Enzensberger (Baviera, 1929- M\u00fanich, 2022), prol\u00edfico y vers\u00e1til escritor conocido sobre todo por sus agudos ensayos sociopol\u00edticos, con t\u00edtulos tan importantes como El corto verano de la anarqu\u00eda (1972), Conversaciones con Marx y Engels (1974), El hundimiento del Titanic (1978), El perdedor radical (2006) o En el laberinto de la inteligencia (2006), entre otros.\n    <\/p>\n<p class=\"article-text\">\n        Las cartas documentan la relaci\u00f3n entre ambos, pero tambi\u00e9n la evoluci\u00f3n (fulgurante, si bien no exenta de obst\u00e1culos) de la editorial y del tejido cultural de un pa\u00eds en pleno proceso de transformaci\u00f3n. Son, en palabras de Silvia Ses\u00e9, \u201clo que el lector no ve\u201d, es decir, \u201clas negociaciones, los trabajos con el texto o con la promoci\u00f3n\u201d. Se reproducen tal como se escribieron, con las <a href=\"https:\/\/www.eldiario.es\/cultura\/diccionario-gobierno_1_12458160.html\" data-mrf-recirculation=\"links-noticia\" class=\"link\" rel=\"nofollow noopener\" target=\"_blank\">incorrecciones ling\u00fc\u00edsticas<\/a> del alem\u00e1n (un pol\u00edglota, por lo dem\u00e1s, admirable) e incluyendo breves acuses de recibo e invitaciones. Hay tambi\u00e9n algunos mensajes de agencias literarias y medios de comunicaci\u00f3n con los que trataron en determinados momentos, y que redondean esta radiograf\u00eda del ecosistema editorial.\n    <\/p>\n<p><img decoding=\"async\" style=\"border: 1px solid white; margin: 20px 20px 10px 0px; box-shadow: 5px 5px 10px 0px rgba(0,0,0,0.1);\" src=\"https:\/\/www.europesays.com\/es\/wp-content\/uploads\/2025\/08\/99318020-5597-4caa-b2a2-de1b01747ad0_source-aspect-ratio_default_0.jpg\" alt=\"\" width=\"158\" height=\"\" align=\"left\" data-title=\"\"\/><\/p>\n<p class=\"article-text\">\n        Su historia comenz\u00f3 en 1971, cuando Anagrama compr\u00f3 los derechos de autor de unos libros que en principio iban a ser publicados en castellano por otro sello, pero se estaban retrasando sine die. Por esas fechas, Herralde ya barruntaba la posibilidad de organizar un premio de ensayo, para el que cont\u00f3 con Enzensberger como miembro del jurado en muchas ocasiones (con los tr\u00e1mites anal\u00f3gicos pertinentes: enviarle las copias en papel de los finalistas). Sobre este premio, el primero que puso en marcha \u2013la primera edici\u00f3n recay\u00f3 en el fil\u00f3sofo Xavier Rubert de Vent\u00f3s con La est\u00e9tica y sus herej\u00edas, en 1973\u2013, es subrayable c\u00f3mo sirvi\u00f3 para descubrir a numerosos pensadores, por aquel entonces unas j\u00f3venes promesas, muchos de ellos de la llamada Escuela de Barcelona, que con el tiempo se convirtieron en referentes ineludibles, como Eugeni Trias, Jordi Llovet, Fernando Savater o Carme Riera, entre otros.\n    <\/p>\n<p class=\"article-text\">\n        La importancia dada al ensayo se entiende por el contexto: Espa\u00f1a en la \u00faltima etapa de la dictadura y luego en los a\u00f1os convulsos de <a href=\"https:\/\/www.eldiario.es\/cultura\/arte\/cultura-transicion-fiesta-tonteria_1_3627789.html\" data-mrf-recirculation=\"links-noticia\" class=\"link\" rel=\"nofollow noopener\" target=\"_blank\">la Transici\u00f3n<\/a>, pero tambi\u00e9n una Europa al borde del colapso del comunismo en el bloque del Este. Hab\u00eda una necesidad colectiva de repensar las viejas creencias y abrir nuevas sendas de pensamiento que respondieran a las revueltas juveniles de mayo de 1968. Esto, sumado a la progresiva reducci\u00f3n del analfabetismo, proporcion\u00f3 una base de lectores formados, cr\u00edticos y con inquietudes culturales que respondi\u00f3 a la llamada. A ellos se dirig\u00eda Anagrama, para ellos buscaba el editor la excelencia.\n    <\/p>\n<p class=\"article-text\">\n        Frente a la emoci\u00f3n de descubrir nuevos talentos \u2013y ser testigo de c\u00f3mo se asentaban\u2013, estaba la otra cara de la moneda: la censura. Algunos libros de Enzensberger tambi\u00e9n la padecieron, y Herralde se lo cuenta resignado, pero sin hacer un drama; estaba curado de espanto. Lo llamativo de este asunto, no obstante, es que no termin\u00f3 con el final de la dictadura: en 1976, en el marco de \u201cuna crisis econ\u00f3mica pavorosa y una agon\u00eda pol\u00edtica y cultural total\u201d, Anagrama sufri\u00f3 el secuestro de varios libros (Max Abel, Antonio Gramsci y Aleksandra Kolont\u00e1i, entre otros), con el consiguiente proceso judicial. Fue una larga agon\u00eda que el editor describe como \u201cun atentado contra la libertad de expresi\u00f3n y justamente contra una editorial caracterizada por su independencia pol\u00edtica\u201d.\n    <\/p>\n<p>    El mito de la Transici\u00f3n<\/p>\n<p class=\"article-text\">\n        Hoy se empieza a cuestionar el mito de la Transici\u00f3n, y este testimonio muestra c\u00f3mo, en efecto, fue un periodo de luces y sombras, entre la esperanza de disfrutar de unos renovadores a\u00f1os ochenta y el desconcierto ante los vaivenes pol\u00edticos, la falta de estabilidad econ\u00f3mica y la crisis social, pero tambi\u00e9n interna, por un cambio de rumbo en las preferencias del lector. Un editor debe estar atento a la actualidad y saber <a href=\"https:\/\/www.eldiario.es\/cultura\/adaptar-lectura-facil-cristina-morales-no-traicionar_1_9723841.html\" data-mrf-recirculation=\"links-noticia\" class=\"link\" rel=\"nofollow noopener\" target=\"_blank\">adaptarse<\/a> a las transformaciones sin perder su marca. En esos a\u00f1os, pese a todo, brill\u00f3 una suerte de solidaridad entre esta generaci\u00f3n de editores que iniciaron su andadura en la Barcelona del tardofranquismo, como Esther Tusquets, la responsable de Lumen, o Beatriz de Moura, de Tusquets, que lo apoyaron en sus cuitas con la justicia.\n    <\/p>\n<p class=\"article-text\">\n        Enzensberger, fiel a su naturaleza abierta y anal\u00edtica, se interesa por la situaci\u00f3n en todo momento, En una carta de 1980, reflexiona: \u201cNo me sorprende lo que me cuentas sobre la situaci\u00f3n espa\u00f1ola general y sobre los problemas para publicar en particular\u201d, que le parecen \u201cun asunto muy triste y potencialmente peligroso. Muchos de nosotros hemos menospreciado las tensiones existentes en el seno de la econom\u00eda espa\u00f1ola, en el de la sociedad en conjunto \u2013que la dictadura ha ocultado y que [\u2026] se han disimulado con el \u2018nuevo comienzo\u2019\u2013. Me temo que al pa\u00eds lo aguarda una larga resaca y, lo que es peor, no hay remedio a la vista\u201d.\n    <\/p>\n<p class=\"article-text\">\n        El escritor es consciente desde el principio de los esfuerzos de Herralde por publicarlo: \u201cMe desconcierta que puedas y quieras continuar publicando libros que la gente no compra. Lo que he o\u00eddo sobre la situaci\u00f3n en Espa\u00f1a me produce escalofr\u00edos\u201d. El editor sabe bien lo arriesgado de determinadas apuestas, en sus cartas habla sin tapujos de libros que no son \u201cf\u00e1ciles\u201d y analiza los diferentes mercados, seg\u00fan el pa\u00eds (a este respecto, Enzensberger lamenta que Alemania sea \u201cuna naci\u00f3n subdesarrollada con respecto a la traducci\u00f3n\u201d). Pese a las dificultades, Herralde cuida cada edici\u00f3n al mil\u00edmetro, selecciona al traductor apropiado (en una \u00e9poca en la que no hab\u00eda tantos como ahora, ni para tantos idiomas), encarga pr\u00f3logos y est\u00e1 pendiente de la prensa.\n    <\/p>\n<p>    Entre vocaci\u00f3n y negocio: la figura del editor ideal<\/p>\n<p class=\"article-text\">\n        La labor de Herralde encarna lo que deber\u00eda ser un editor: alguien con vocaci\u00f3n pero con visi\u00f3n de negocio, que desde el compromiso con la sociedad mantiene un cat\u00e1logo coherente, acompa\u00f1a a los autores y tiene olfato para cazar oportunidades. Un enamorado de las humanidades dispuesto a asumir, junto a su equipo, una cantidad de funciones que van m\u00e1s all\u00e1 de leer, como la selecci\u00f3n de t\u00edtulos, la gesti\u00f3n de derechos, la revisi\u00f3n de las traducciones, la ayuda a los escritores para que adquieran presencia (por ejemplo, busc\u00e1ndoles colaboraciones en la prensa, como en el reci\u00e9n nacido El Pa\u00eds) o la organizaci\u00f3n de nuevas iniciativas, como los premios, m\u00e1s el tiempo que se le iba en procesos judiciales. Todo ello, sin olvidarse de mantener las cuentas saneadas.\n    <\/p>\n<p class=\"article-text\">\n        En el curso de la correspondencia se aprecia el paso de los a\u00f1os; lo m\u00e1s evidente es el cambio del correo postal (y el telegrama) al electr\u00f3nico. Hay alegr\u00edas, como la llegada de Patricia Highsmith al cat\u00e1logo o los numerosos premios que recibe Enzensberger en la madurez, como el Pr\u00edncipe de Asturias de Comunicaci\u00f3n y Humanidades 2002 (el ensayista hasta se queja de las invitaciones a eventos y las peticiones de art\u00edculos que recibe, tantas que no le queda tiempo para su obra). Se suceden los encuentros, crece el v\u00ednculo entre ambos matrimonios (la esposa de Herralde, Lali Gubern, exlibrera y traductora, era adem\u00e1s su mano derecha en la editorial), aunque Herralde no lleg\u00f3 a viajar a M\u00fanich. \u201cBarcelona est\u00e1 muy cambiada despu\u00e9s de los Juegos Ol\u00edmpicos, muy beautiful\u201d, le cuenta el editor en 1993. Por lo dem\u00e1s, Enzensberger sigue atento a la actualidad espa\u00f1ola, y muestra su preocupaci\u00f3n tras los atentados del 11-M.\n    <\/p>\n<p class=\"article-text\">\n        El libro se cierra con un texto que escribi\u00f3 Herralde tras la muerte de Enzensberger, el 24 de noviembre de 2022. Los editores arrastran la (por lo general inmerecida) fama de ser figuras hostiles al autor, de mirar solo por su propio beneficio, de ser tipos (o tipas) fr\u00edos capaces de decir no sin pesta\u00f1ear. La realidad, sin embargo, demuestra que incluso en la distancia puede nacer el afecto, m\u00e1s a\u00fan cuando la relaci\u00f3n se prolonga durante tantos a\u00f1os. Estas cartas son piezas breves de altura intelectual, en las que comparten sus observaciones sobre el mercado, la pol\u00edtica o el estado de la cultura. Bajo el trato formal que se dispensan, se respira esa confianza, esa camarader\u00eda entre hombres de la misma generaci\u00f3n y de valores afines, que se entendieron desde el principio y tuvieron la suerte, porque aunque se lo trabajaron no deja de ser una suerte, de que les fue bien, muy bien, a uno con su obra y al otro con su editorial, que es una obra a su vez.\n    <\/p>\n<p>    <a href=\"https:\/\/www.eldiario.es\/cultura\/libros\/escritora-coetzee-descubrio-literatura-sudafricana-cuya-obra-inconclusa-atrevio-terminar_1_12520824.html\" data-mrf-recirculation=\"saber-mas-abajo\" data-dl-event=\"saber-mas-abajo\" rel=\"nofollow noopener\" target=\"_blank\"><\/p>\n<p class=\"know-more__title\">La escritora con la que Coetzee descubri\u00f3 la literatura sudafricana y cuya obra inconclusa se atrevi\u00f3 a terminar<\/p>\n<p>            <img decoding=\"async\" class=\"lazy\" loading=\"lazy\" data-src=\"https:\/\/static.eldiario.es\/clip\/d7bf3cc7-24e8-4847-a6cf-da9247bfa83e_16-9-aspect-ratio_default_0.jpg\" src=\"data:image\/svg+xml,%3Csvg xmlns=\" http:=\"\" viewbox=\"0 0 880 495\" alt=\"La escritora con la que Coetzee descubri\u00f3 la literatura sudafricana y cuya obra inconclusa se atrevi\u00f3 a terminar\"\/><\/p>\n<p>                        <\/a><\/p>\n<p class=\"article-text\">\n        Es peligroso idealizar el pasado; las transiciones, por ilusionantes que sean despu\u00e9s de un r\u00e9gimen totalitario, nunca son sencillas. Tampoco conviene romantizar la batalla de quienes, como Jorge Herralde y sus coet\u00e1neos, plantaron cara al sistema en un contexto adverso porque cre\u00edan en sus ideales; el <a href=\"https:\/\/www.eldiario.es\/cultura\/cultura\/mejor-disco-espanol-rock-combativo-libros-planes-peliculas-pasar-semana_132_11706118.html\" data-mrf-recirculation=\"links-noticia\" class=\"link\" rel=\"nofollow noopener\" target=\"_blank\">esp\u00edritu combativo<\/a> tambi\u00e9n se paga. Pese a todo, en la sociedad actual, ante tanta incertidumbre, tanto retroceso y tanto ruido, leer las cartas entre estas dos figuras clave del panorama intelectual del pasado reciente resulta estimulante. Para recordar c\u00f3mo se libraba una lucha contra el poder. Para volver a creer en la existencia de un p\u00fablico de lectores inteligente, \u00e1vido de libros que enriquezcan el debate contempor\u00e1neo y desaf\u00eden lo preestablecido. Y para no olvidar que, hasta en los escenarios m\u00e1s adversos, se puede hacer algo por mejorar el mundo.\n    <\/p>\n","protected":false},"excerpt":{"rendered":"El pasado 20 de marzo, Jorge Herralde (Barcelona, 1935) cumpli\u00f3 90 a\u00f1os. De estos, m\u00e1s de la mitad&hellip;\n","protected":false},"author":2,"featured_media":41922,"comment_status":"","ping_status":"","sticky":false,"template":"","format":"standard","meta":{"footnotes":""},"categories":[172],"tags":[18047,224,1471,20011,146,147,25,24,448,225,20012,1288,23,20013],"class_list":{"0":"post-41921","1":"post","2":"type-post","3":"status-publish","4":"format-standard","5":"has-post-thumbnail","7":"category-libros","8":"tag-amistad","9":"tag-books","10":"tag-dictadura","11":"tag-editar","12":"tag-entertainment","13":"tag-entretenimiento","14":"tag-es","15":"tag-espana","16":"tag-historia","17":"tag-libros","18":"tag-profesion","19":"tag-riesgo","20":"tag-spain","21":"tag-transicion"},"share_on_mastodon":{"url":"","error":""},"_links":{"self":[{"href":"https:\/\/www.europesays.com\/es\/wp-json\/wp\/v2\/posts\/41921","targetHints":{"allow":["GET"]}}],"collection":[{"href":"https:\/\/www.europesays.com\/es\/wp-json\/wp\/v2\/posts"}],"about":[{"href":"https:\/\/www.europesays.com\/es\/wp-json\/wp\/v2\/types\/post"}],"author":[{"embeddable":true,"href":"https:\/\/www.europesays.com\/es\/wp-json\/wp\/v2\/users\/2"}],"replies":[{"embeddable":true,"href":"https:\/\/www.europesays.com\/es\/wp-json\/wp\/v2\/comments?post=41921"}],"version-history":[{"count":0,"href":"https:\/\/www.europesays.com\/es\/wp-json\/wp\/v2\/posts\/41921\/revisions"}],"wp:featuredmedia":[{"embeddable":true,"href":"https:\/\/www.europesays.com\/es\/wp-json\/wp\/v2\/media\/41922"}],"wp:attachment":[{"href":"https:\/\/www.europesays.com\/es\/wp-json\/wp\/v2\/media?parent=41921"}],"wp:term":[{"taxonomy":"category","embeddable":true,"href":"https:\/\/www.europesays.com\/es\/wp-json\/wp\/v2\/categories?post=41921"},{"taxonomy":"post_tag","embeddable":true,"href":"https:\/\/www.europesays.com\/es\/wp-json\/wp\/v2\/tags?post=41921"}],"curies":[{"name":"wp","href":"https:\/\/api.w.org\/{rel}","templated":true}]}}