{"id":41988,"date":"2025-08-12T07:26:09","date_gmt":"2025-08-12T07:26:09","guid":{"rendered":"https:\/\/www.europesays.com\/es\/41988\/"},"modified":"2025-08-12T07:26:09","modified_gmt":"2025-08-12T07:26:09","slug":"dani-mateo-no-se-muerde-la-lengua-y-responde-a-los-que-le-han-criticado-por-este-tuit","status":"publish","type":"post","link":"https:\/\/www.europesays.com\/es\/41988\/","title":{"rendered":"Dani Mateo no se muerde la lengua y responde a los que le han criticado por este tuit"},"content":{"rendered":"<p>El humorista y presentador de El Intermedio <b>Dani Mateo conden\u00f3 este lunes las muertes de miles de personas en Gaza a manos de Israel<\/b> con una publicaci\u00f3n compartida en su cuenta de X (la antigua Twitter).\u00a0<\/p>\n<p>En ella, Mateo <b>respondi\u00f3 a los que defienden la pol\u00edtica del presidente israel\u00ed, Benjam\u00edn Netanyahu,<\/b> argumentando que es por la defensa de Occidente y sus valores.\u00a0<\/p>\n<p>\u00ab\u00bfPero qu\u00e9 tiene que ver la defensa de los valores occidentales de libertad, igualdad, fraternidad, progreso, justicia y laicismo con condenar el asesinato de inocentes se produzca donde se produzca? <b>\u00bfNos hemos vuelto todos gilipollas o qu\u00e9?\u00bb, escribi\u00f3 el c\u00f3mico.<\/b><\/p>\n<p>Mateo, en otro tuit, contest\u00f3 a algunos que criticaron su posici\u00f3n. Por ejemplo, comparti\u00f3 una respuesta que era la siguiente: \u00ab<b>T\u00fa eres m\u00e1s de ponerte un pa\u00f1uelo palestino y de sonarte los mocos con la bandera de tu pa\u00eds<\/b>, eres muy progre, feminista, animalista y proLGTBI, pero defiendes a los musulmanes, todo en orden\u00bb.\u00a0<\/p>\n<p>En la otra reacci\u00f3n que mostr\u00f3 le hab\u00edan preguntando que hablando de inocentes, <b>cu\u00e1ntas veces se hab\u00eda preocupado por los secuestrados jud\u00edos.<\/b><\/p>\n<p>\u00ab\u00bfEn serio? <b>\u00bfCondenar la muerte de ni\u00f1os (en Palestina, en Ucrania o d\u00f3nde sea) provoca estas reacciones?<\/b> Pues este es el mundo de locos que estamos creando donde los de abajo se atizan para que los de arriba se forren. Dan ganas de llorar fuerte\u2026\u00bb, sentenci\u00f3 Mateo.\u00a0<\/p>\n","protected":false},"excerpt":{"rendered":"El humorista y presentador de El Intermedio Dani Mateo conden\u00f3 este lunes las muertes de miles de personas&hellip;\n","protected":false},"author":2,"featured_media":41989,"comment_status":"","ping_status":"","sticky":false,"template":"","format":"standard","meta":{"footnotes":""},"categories":[174],"tags":[255,1996,146,147,25,24,256,3575,3294,7862,1259,23],"class_list":{"0":"post-41988","1":"post","2":"type-post","3":"status-publish","4":"format-standard","5":"has-post-thumbnail","7":"category-famosos","8":"tag-celebrities","9":"tag-dani","10":"tag-entertainment","11":"tag-entretenimiento","12":"tag-es","13":"tag-espana","14":"tag-famosos","15":"tag-han","16":"tag-le","17":"tag-mateo","18":"tag-responde","19":"tag-spain"},"share_on_mastodon":{"url":"","error":""},"_links":{"self":[{"href":"https:\/\/www.europesays.com\/es\/wp-json\/wp\/v2\/posts\/41988","targetHints":{"allow":["GET"]}}],"collection":[{"href":"https:\/\/www.europesays.com\/es\/wp-json\/wp\/v2\/posts"}],"about":[{"href":"https:\/\/www.europesays.com\/es\/wp-json\/wp\/v2\/types\/post"}],"author":[{"embeddable":true,"href":"https:\/\/www.europesays.com\/es\/wp-json\/wp\/v2\/users\/2"}],"replies":[{"embeddable":true,"href":"https:\/\/www.europesays.com\/es\/wp-json\/wp\/v2\/comments?post=41988"}],"version-history":[{"count":0,"href":"https:\/\/www.europesays.com\/es\/wp-json\/wp\/v2\/posts\/41988\/revisions"}],"wp:featuredmedia":[{"embeddable":true,"href":"https:\/\/www.europesays.com\/es\/wp-json\/wp\/v2\/media\/41989"}],"wp:attachment":[{"href":"https:\/\/www.europesays.com\/es\/wp-json\/wp\/v2\/media?parent=41988"}],"wp:term":[{"taxonomy":"category","embeddable":true,"href":"https:\/\/www.europesays.com\/es\/wp-json\/wp\/v2\/categories?post=41988"},{"taxonomy":"post_tag","embeddable":true,"href":"https:\/\/www.europesays.com\/es\/wp-json\/wp\/v2\/tags?post=41988"}],"curies":[{"name":"wp","href":"https:\/\/api.w.org\/{rel}","templated":true}]}}