{"id":419906,"date":"2026-02-27T14:53:09","date_gmt":"2026-02-27T14:53:09","guid":{"rendered":"https:\/\/www.europesays.com\/es\/419906\/"},"modified":"2026-02-27T14:53:09","modified_gmt":"2026-02-27T14:53:09","slug":"la-ia-gran-protagonista-del-congreso-mundial-de-la-telefonia-movil","status":"publish","type":"post","link":"https:\/\/www.europesays.com\/es\/419906\/","title":{"rendered":"La IA, gran protagonista del Congreso mundial de la telefon\u00eda m\u00f3vil"},"content":{"rendered":"<p>    <img src=\"https:\/\/www.europesays.com\/es\/wp-content\/uploads\/2026\/02\/2026-02-27T143A213A02Z-91010365.jpg\" width=\"1024\" height=\"682\" alt=\"\" loading=\"eager\" decoding=\"sync\" fetchpriority=\"high\"\/><\/p>\n<p>            afp_tickers        <\/p>\n<p>        Este contenido fue publicado en    <\/p>\n<p>        27 febrero 2026 &#8211; 15:21\n<\/p>\n<p>El Congreso mundial de la telefon\u00eda m\u00f3vil (MWC), la gran cita anual de las telecomunicaciones, arranca el lunes en Barcelona su vig\u00e9sima edici\u00f3n, en medio de intensos debates sobre la regulaci\u00f3n de la inteligencia artificial en un sector obligado a reinventarse.<\/p>\n<p>\u00bfQu\u00e9 se espera de este encuentro?<\/p>\n<p>\u2013 Telecomunicaciones y tecnolog\u00eda \u2013<\/p>\n<p>Durante cuatro d\u00edas, unos 109.000 profesionales del sector recorrer\u00e1n los pasillos del congreso del tel\u00e9fono inteligente, seg\u00fan la Asociaci\u00f3n Mundial de Operadores de Telecomunicaciones (GSMA), que organiza el evento desde 2006 en la capital catalana.<\/p>\n<p>Seg\u00fan la GSMA, a la cita acudir\u00e1n m\u00e1s de 2.900 expositores y unos sesenta ministros de todo el mundo.<\/p>\n<p>Mostrar\u00e1n novedades los gigantes de las telecomunicaciones (Samsung, Huawei, Nokia, Orange, Xiaomi, Honor) y grandes nombres de la tecnolog\u00eda mundial (Google, Microsoft, Meta y Amazon).<\/p>\n<p>Pero no Apple, ausente como cada a\u00f1o, que presentar\u00e1 el mi\u00e9rcoles sus nuevos productos en eventos organizados en varios continentes.<\/p>\n<p>Entre los ponentes figuran los directivos de los grandes grupos de telecomunicaciones mundiales, as\u00ed como Gwynne Shotwell, presidenta de SpaceX, la empresa espacial del multimillonario Elon Musk.<\/p>\n<p>Entre las m\u00faltiples innovaciones que se esperan en Barcelona, el grupo chino Honor presentar\u00e1 el primer \u00abtel\u00e9fono robot\u00bb, que promete causar sensaci\u00f3n.<\/p>\n<p>\u2013 La soberan\u00eda de la IA \u2013\u00a0<\/p>\n<p>\u00abLa soberan\u00eda de la IA (aplicada al sector) ser\u00e1 un tema de debate central\u00bb, al igual que \u00abla revoluci\u00f3n\u00bb completa de las telecomunicaciones en la era de la \u00abIA profesional\u00bb, pronostican los analistas de la GSMA.<\/p>\n<p>Las telecomunicaciones desempe\u00f1an un papel esencial en el auge de la inteligencia artificial, ya que esta depende de inmensas cantidades de datos que deben circular con rapidez, de forma fiable y segura, algo que hacen posible las infraestructuras de los operadores.\u00a0<\/p>\n<p>La \u00abconectividad\u00bb dentro de las redes de sat\u00e9lites ser\u00e1 otro elemento central de las conversaciones entre los profesionales del sector, afirman estos analistas, en pleno debate en Europa sobre la necesidad de que la UE refuerce su autonom\u00eda estrat\u00e9gica, especialmente en el \u00e1mbito digital.\u00a0<\/p>\n<p>Por \u00faltimo, el despliegue del 5G y los \u00abcimientos\u00bb que deben sentarse para un futuro mundo con 6G estar\u00e1n \u00absin duda\u00bb en el programa, a juicio de Paolo Pescatore, experto en telecomunicaciones.<\/p>\n<p>\u2013 \u00abResistencia extraordinaria\u00bb \u2013\u00a0<\/p>\n<p>La vig\u00e9sima edici\u00f3n del MWC llega en momentos en que el mercado mundial de los tel\u00e9fonos inteligentes se reactiva, gracias a una pol\u00edtica comercial agresiva impulsada por el lanzamiento de nuevos productos, especialmente de los grandes fabricantes chinos.<\/p>\n<p>Seg\u00fan la consultora especializada IDC, en 2025 se vendieron 1.260 millones de dispositivos en el mundo, es decir, un 1,9% m\u00e1s que el a\u00f1o anterior.<\/p>\n<p>\u00abA pesar de un a\u00f1o dif\u00edcil marcado por la volatilidad de los aranceles, las perturbaciones en la cadena de suministro y los persistentes vientos en contra macroecon\u00f3micos en varios mercados, el mercado mundial de los \u2018smartphones\u2019 ha demostrado una resistencia extraordinaria\u00bb, subraya Nabila Popal, directora de investigaci\u00f3n en IDC.\u00a0<\/p>\n<p>En un mundo sacudido por las pol\u00edticas diplom\u00e1tica y econ\u00f3mica del presidente estadounidense Donald Trump, los precios de los chips de memoria (RAM) han aumentado, impulsados por la demanda para satisfacer las necesidades de la IA.<\/p>\n<p>El fabricante estadounidense Apple represent\u00f3 el a\u00f1o pasado el 19,7% de las ventas de tel\u00e9fonos m\u00f3viles a nivel mundial, casi a la par de su gran rival surcoreano Samsung (19,1%). La empresa china Xiaomi complet\u00f3 el podio (13,1%).<\/p>\n<p>rbj\/mdm\/du\/rs\/erl<\/p>\n","protected":false},"excerpt":{"rendered":"afp_tickers Este contenido fue publicado en 27 febrero 2026 &#8211; 15:21 El Congreso mundial de la telefon\u00eda m\u00f3vil&hellip;\n","protected":false},"author":2,"featured_media":419907,"comment_status":"","ping_status":"","sticky":false,"template":"","format":"standard","meta":{"footnotes":""},"categories":[80],"tags":[82,7654,5796,95,94,84,25,24,30273,20120,87,54462,20122,23,54463,9400,90],"class_list":["post-419906","post","type-post","status-publish","format-standard","has-post-thumbnail","category-economia","tag-business","tag-business-enterprises","tag-computing-and-information-technology","tag-economia","tag-economy","tag-economy-general","tag-es","tag-espana","tag-financial-and-business-service","tag-it-computer-sciences","tag-macro-economics","tag-satellite-technology","tag-sci-tech","tag-spain","tag-telecommunication-equipment","tag-telecommunication-service","tag-ticker"],"share_on_mastodon":{"url":"https:\/\/pubeurope.com\/@es\/116143168717109220","error":""},"_links":{"self":[{"href":"https:\/\/www.europesays.com\/es\/wp-json\/wp\/v2\/posts\/419906","targetHints":{"allow":["GET"]}}],"collection":[{"href":"https:\/\/www.europesays.com\/es\/wp-json\/wp\/v2\/posts"}],"about":[{"href":"https:\/\/www.europesays.com\/es\/wp-json\/wp\/v2\/types\/post"}],"author":[{"embeddable":true,"href":"https:\/\/www.europesays.com\/es\/wp-json\/wp\/v2\/users\/2"}],"replies":[{"embeddable":true,"href":"https:\/\/www.europesays.com\/es\/wp-json\/wp\/v2\/comments?post=419906"}],"version-history":[{"count":0,"href":"https:\/\/www.europesays.com\/es\/wp-json\/wp\/v2\/posts\/419906\/revisions"}],"wp:featuredmedia":[{"embeddable":true,"href":"https:\/\/www.europesays.com\/es\/wp-json\/wp\/v2\/media\/419907"}],"wp:attachment":[{"href":"https:\/\/www.europesays.com\/es\/wp-json\/wp\/v2\/media?parent=419906"}],"wp:term":[{"taxonomy":"category","embeddable":true,"href":"https:\/\/www.europesays.com\/es\/wp-json\/wp\/v2\/categories?post=419906"},{"taxonomy":"post_tag","embeddable":true,"href":"https:\/\/www.europesays.com\/es\/wp-json\/wp\/v2\/tags?post=419906"}],"curies":[{"name":"wp","href":"https:\/\/api.w.org\/{rel}","templated":true}]}}