{"id":419934,"date":"2026-02-27T15:13:13","date_gmt":"2026-02-27T15:13:13","guid":{"rendered":"https:\/\/www.europesays.com\/es\/419934\/"},"modified":"2026-02-27T15:13:13","modified_gmt":"2026-02-27T15:13:13","slug":"localizado-un-biomarcador-clave-que-puede-predecir-el-pronostico-en-pacientes-con-ela","status":"publish","type":"post","link":"https:\/\/www.europesays.com\/es\/419934\/","title":{"rendered":"Localizado un biomarcador clave que puede predecir el pron\u00f3stico en pacientes con ELA"},"content":{"rendered":"<p class=\"mostrar_fragmento\">La ELA (esclerosis lateral amiotr\u00f3fica) es la forma m\u00e1s com\u00fan de enfermedad de la neurona motora (EMN) y erosiona gradual e inevitablemente la capacidad de una persona para controlar los m\u00fasculos y movimientos voluntarios y para respirar por s\u00ed sola.En la patog\u00e9nesis de la ELA se han implicado m\u00faltiples anomal\u00edas &#8230;            &#13;\n        <\/p>\n<p> &#13;<br \/>\n&#13;<\/p>\n<p>La ELA (esclerosis lateral amiotr\u00f3fica) es la forma m\u00e1s com\u00fan de enfermedad de la neurona motora (EMN) y erosiona gradual e inevitablemente la capacidad de una persona para controlar los m\u00fasculos y movimientos voluntarios y para respirar por s\u00ed sola.<\/p>\n<p>En la patog\u00e9nesis de la ELA se han implicado m\u00faltiples anomal\u00edas moleculares , incluido el metabolismo desregulado del ARN, la agregaci\u00f3n de prote\u00ednas, la disfunci\u00f3n mitocondrial, el estr\u00e9s oxidativo, la disfunci\u00f3n de las c\u00e9lulas gliales y el transporte axonal deteriorado.\u00a0Aproximadamente la mitad de los pacientes presentan un gasto energ\u00e9tico elevado en reposo (hipermetabolismo).<\/p>\n<p>Un reciente estudio de\u00a0las Universidades de Queensland\u00a0y de Ciencias M\u00e9dicas Shiga de Jap\u00f3n ha revelado que el lactato en sangre puede representar un biomarcador clave para\u00a0 predecir los resultados f\u00edsicos y el pron\u00f3stico en pacientes con ELA.\u00a0El lactato es un combustible metab\u00f3lico esencial y se sabe desde hace mucho tiempo que influye en la supervivencia de las neuronas motoras.\u00a0Sin embargo, los mecanismos y funciones espec\u00edficos de esta conexi\u00f3n en los astrocitos a\u00fan no est\u00e1n claros.<\/p>\n<p>La investigaci\u00f3n\u00a0del Dr. Nakamura en la Universidad de Shiga, junto al profesor Makoto Urushitani, ha arrojado luz al respecto. En colaboraci\u00f3n con el profesor asociado de la UQ Frederik&#13;<br \/>\nSteyn, los cient\u00edficos monitorearon a 146 pacientes con ELA en Jap\u00f3n y&#13;<br \/>\nAustralia para demostrar que aquellos con niveles bajos de lactato en sangre&#13;<br \/>\ncomenzaron a perder peso progresivamente despu\u00e9s de 3 meses. \u00abLa inclusi\u00f3n de pacientes australianos y japoneses muestra que la correlaci\u00f3n entre los niveles de lactato en sangre, la p\u00e9rdida de peso y el pron\u00f3stico de ELA trasciende la raza y el entorno\u00bb, indic\u00f3 el Dr. Nakamura. \u00a0<\/p>\n<p> &#13;<br \/>\n&#13;<\/p>\n<p>\u00abNuestros hallazgos respaldan la hip\u00f3tesis de que los niveles m\u00e1s bajos de lactato est\u00e1n asociados con una mayor probabilidad de p\u00e9rdida de peso en pacientes con ELA, una progresi\u00f3n m\u00e1s r\u00e1pida de la enfermedad y una muerte m\u00e1s temprana\u00bb, se\u00f1al\u00f3 el Dr.\u00a0Shyuan Ngo,\u00a0profesor asociado de la UQ.\u00a0&#13;<br \/>\n&#13;<\/p>\n<p class=\"MsoNormal\">De ah\u00ed que, de acuerdo a estos investigadores,\u00a0cuanto m\u00e1s lactato tenga un paciente con ELA en la sangre,&#13;<br \/>\nm\u00e1s probabilidades tendr\u00e1 de mantener su peso y tener un mejor pron\u00f3stico.<\/p>\n<p class=\"MsoNormal\">En definitiva,\u00a0los resultados, publicados en la revista &#8216;Annals of Neurology&#8217;, sugieren que la disfunci\u00f3n metab\u00f3lica puede no ser un mero fen\u00f3meno secundario, sino que podr\u00eda contribuir activamente a la progresi\u00f3n de la enfermedad.\u00a0<\/p>\n<p>&#13;<br \/>\n&#13;\n<\/p>\n<p class=\"MsoNormal\">\u00abDado que la p\u00e9rdida de peso predice fuertemente la&#13;<br \/>\nsupervivencia en la ELA, los pacientes con niveles bajos de lactato pueden&#13;<br \/>\nbeneficiarse de un apoyo nutricional temprano e intensivo para mejorar los&#13;<br \/>\nresultados\u00bb, concluy\u00f3 el Dr. Nakamura.<\/p>\n<p>&#13;<br \/>\n            SEGUIR LEYENDO&#13;\n        <\/p>\n","protected":false},"excerpt":{"rendered":"La ELA (esclerosis lateral amiotr\u00f3fica) es la forma m\u00e1s com\u00fan de enfermedad de la neurona motora (EMN) y&hellip;\n","protected":false},"author":2,"featured_media":419935,"comment_status":"","ping_status":"","sticky":false,"template":"","format":"standard","meta":{"footnotes":""},"categories":[92],"tags":[490,10292,33498,7299,1435,6639,12554,1813,2996,25,1814,24,9572,19293,165,3481,1508,29424,3483,79237,1817,852,3482,853,4258,9760,8392,2679,789,740,166,23,8768,3342,2606],"class_list":["post-419934","post","type-post","status-publish","format-standard","has-post-thumbnail","category-salud","tag-abre","tag-amiotrofica","tag-anticipar","tag-biomarcador","tag-calidad","tag-capaz","tag-clave","tag-ela","tag-enfermedad","tag-es","tag-esclerosis","tag-espana","tag-esperanza","tag-hallazgo","tag-health","tag-intervenciones","tag-lateral","tag-localizado","tag-mejorar","tag-nutricionales","tag-pacientes","tag-perdida","tag-personalizadas","tag-peso","tag-potencial","tag-predecir","tag-progresion","tag-pronostico","tag-puede","tag-puerta","tag-salud","tag-spain","tag-supervivencia","tag-tempranas","tag-vida"],"share_on_mastodon":{"url":"https:\/\/pubeurope.com\/@es\/116143247015286466","error":""},"_links":{"self":[{"href":"https:\/\/www.europesays.com\/es\/wp-json\/wp\/v2\/posts\/419934","targetHints":{"allow":["GET"]}}],"collection":[{"href":"https:\/\/www.europesays.com\/es\/wp-json\/wp\/v2\/posts"}],"about":[{"href":"https:\/\/www.europesays.com\/es\/wp-json\/wp\/v2\/types\/post"}],"author":[{"embeddable":true,"href":"https:\/\/www.europesays.com\/es\/wp-json\/wp\/v2\/users\/2"}],"replies":[{"embeddable":true,"href":"https:\/\/www.europesays.com\/es\/wp-json\/wp\/v2\/comments?post=419934"}],"version-history":[{"count":0,"href":"https:\/\/www.europesays.com\/es\/wp-json\/wp\/v2\/posts\/419934\/revisions"}],"wp:featuredmedia":[{"embeddable":true,"href":"https:\/\/www.europesays.com\/es\/wp-json\/wp\/v2\/media\/419935"}],"wp:attachment":[{"href":"https:\/\/www.europesays.com\/es\/wp-json\/wp\/v2\/media?parent=419934"}],"wp:term":[{"taxonomy":"category","embeddable":true,"href":"https:\/\/www.europesays.com\/es\/wp-json\/wp\/v2\/categories?post=419934"},{"taxonomy":"post_tag","embeddable":true,"href":"https:\/\/www.europesays.com\/es\/wp-json\/wp\/v2\/tags?post=419934"}],"curies":[{"name":"wp","href":"https:\/\/api.w.org\/{rel}","templated":true}]}}