{"id":420004,"date":"2026-02-27T16:14:10","date_gmt":"2026-02-27T16:14:10","guid":{"rendered":"https:\/\/www.europesays.com\/es\/420004\/"},"modified":"2026-02-27T16:14:10","modified_gmt":"2026-02-27T16:14:10","slug":"yo-tiraba-las-faltas-mejor-que-messi","status":"publish","type":"post","link":"https:\/\/www.europesays.com\/es\/420004\/","title":{"rendered":"Yo tiraba las faltas mejor que Messi"},"content":{"rendered":"<p class=\"ft-text\"><strong>Qui\u00e9n no recuerda a J\u00e9r\u00e9my Mathieu. <\/strong>El central franc\u00e9s fue un jugador muy importante para el <strong>Valencia CF<\/strong> durante su etapa entre<strong> 2009 y 2014.<\/strong> Fue un momento de su carrera en el que conquist\u00f3 a la afici\u00f3n \u2018<strong>Ch\u00e9<\/strong>\u2019, logrando varias clasificaciones para la UEFA Champions League y alcanzando las semifinales de la UEFA Europa League en la temporada 2013-14. Aunque no gan\u00f3 nada con el Valencia, se consolid\u00f3 como un pilar fundamental del proyecto, hasta llegar a ser el capit\u00e1n del equipo.<\/p>\n<p class=\"ft-text\"><strong>Mathieu, que posteriormente fue jugador del FC Barcelona entre 2014 y 2017, <\/strong>pas\u00f3 por el programa <strong>SafePlay<\/strong>, donde repas\u00f3 su etapa en el club azulgrana. Su marcha a la Ciudad Condal se produjo en 2014, cuando decidi\u00f3 dar un paso al lado del proyecto valencianista tras la<strong> llamada de Luis Enrique.<\/strong><\/p>\n<p>Luis Enrique llam\u00f3 a Mathieu<\/p>\n<p class=\"ft-text\">Tras un partido con el Valencia, el asturiano se le acerc\u00f3 y le dijo<strong>: \u201cMe encanta c\u00f3mo juegas. Y si soy el entrenador, te quiero en el equipo\u201d<\/strong>, desvelaba<strong>. <\/strong>Mathieu confes\u00f3 que se lo tom\u00f3 con cautela: \u201c<strong>No quer\u00eda decirle: espera, porque por ahora no eres el entrenador del Barcelona. Pensaba: a ver si me vende un sue\u00f1o y despu\u00e9s no est\u00e1 all\u00ed\u201d<\/strong>, contaba.<\/p>\n<p class=\"ft-text\">Durante las vacaciones de verano, Mathieu se reuni\u00f3 varias veces con el Bar\u00e7a. Aun as\u00ed, el franc\u00e9s ten\u00eda dudas: <strong>\u201cYo quer\u00eda jugar\u201d<\/strong>, explic\u00f3. <strong>Con 30 a\u00f1os y siendo capit\u00e1n en Valencia, no lo ten\u00eda clar<\/strong>o: \u201c\u00bfQu\u00e9 hago? \u00bfEmpiezo de cero para ir al banquillo? Estaba dudando\u201d, dec\u00eda.<\/p>\n<p><img decoding=\"async\" src=\"https:\/\/www.europesays.com\/es\/wp-content\/uploads\/2026\/02\/9de0d0d1-986a-4559-8353-9e2cc846bbe6_alta-libre-aspect-ratio_default_0_x960y360.jpg\" width=\"1200\" height=\"675\" alt=\"Luis Enrique reclut\u00f3 a J\u00e9r\u00e9my Mathieu para jugar en el Bar\u00e7a cuando aterriz\u00f3 en el banquillo azulgrana en el 2014\" class=\"ft-helper-img-rd\" loading=\"lazy\"\/><\/p>\n<p class=\"ft-helper-fontColor-quaternary ft-helper-fontSize-body-S ft-helper-spacer-t-xxs\">Luis Enrique reclut\u00f3 a J\u00e9r\u00e9my Mathieu para jugar en el Bar\u00e7a cuando aterriz\u00f3 en el 2014  \/ SPORT.es<\/p>\n<p class=\"ft-text\">Mathieu explic\u00f3 que, antes de fichar por el Bar\u00e7a, habl\u00f3 directamente con el Valencia CF para plantear su situaci\u00f3n. El central franc\u00e9s fue claro con el club valencianista: <strong>el Bar\u00e7a le ofrec\u00eda una mejora salarial de 200.000 euros m\u00e1s al a\u00f1o y les dijo que, si igualaban esa cifra, se quedaba. <\/strong>Sin embargo, el Valencia rechaz\u00f3 mejorarle el contrato, al considerar que no pod\u00edan asumir esa subida. Tras recibir la negativa, Mathieu tom\u00f3 la decisi\u00f3n de marcharse al Barcelona. Seg\u00fan sus propias palabras: \u201c<strong>Si me daban eso, me quedaba. Me dijeron que no pod\u00edan y entonces me fui\u201d, simplemente,<\/strong> contaba el excentral franc\u00e9s.<\/p>\n<p>Mathieu fue muy buen recibido, de la mano de Piqu\u00e9<\/p>\n<p class=\"ft-text\">En el vestuario, fue acogido tanto por Gerard Piqu\u00e9 como por Jordi Alba, excompa\u00f1ero valencianista. El franc\u00e9s cuenta que nada m\u00e1s llegar, en los entrenamientos, qued\u00f3 impresionado con Leo Messi: \u201c<strong>Messi era incre\u00edble. En los entrenamientos no pod\u00edas hacer nada\u00bb, <\/strong>contaba<strong>.<\/strong> Tambi\u00e9n record\u00f3 la <strong>hist\u00f3rica remontada<\/strong> ante el Paris Saint-Germain en la UEFA Champions League: \u201c<strong>Fue m\u00e1gica. La temperatura iba subiendo a medida que avanzaba el encuentro y esa noche fue perfecta\u00bb,<\/strong> cuenta.<\/p>\n<p class=\"ft-text\">Pero en un momento del programa, a Mathieu, c\u00f3modo y entre risas, se le ocurri\u00f3 soltar &#8216;una barbaridad&#8217;. \u00abCreo que fui mejor lanzador de faltas que Messi\u201d, dijo, en formato de titular (forma parte del programa).<\/p>\n<p>El golazo de falta del central franc\u00e9s<\/p>\n<p class=\"ft-text\"><strong>Mathieu recuerda su gol de falta en 2015, ante el Elche CF en la Copa del Rey (0-1)<\/strong>. Fue un disparo potente desde fuera del \u00e1rea que se col\u00f3 en la porter\u00eda rival. Una falta espectacular para &#8216;<strong>las escuelas de tiradores de faltas<\/strong>&#8216;. Aquella Copa, precisamente, la gan\u00f3 el Bar\u00e7a tras vencer 3-1 al Athletic Club, levantando su 27\u00aa Copa del Rey.<\/p>\n<p class=\"ft-text\">Una comparaci\u00f3n llena de humor, debido a que <strong>Messi lleva 69 goles de falta en su carrera<\/strong>. Mathieu, siempre fue un hombre peculiar y cerr\u00f3 su etapa en el Bar\u00e7a con 91 partidos disputados. En el p\u00f3dcast, cerr\u00f3 su &#8216;charla&#8217; <strong>elogiando a Iniesta<\/strong>, &#8216;un mago&#8217;.<\/p>\n","protected":false},"excerpt":{"rendered":"Qui\u00e9n no recuerda a J\u00e9r\u00e9my Mathieu. El central franc\u00e9s fue un jugador muy importante para el Valencia CF&hellip;\n","protected":false},"author":2,"featured_media":420005,"comment_status":"","ping_status":"","sticky":false,"template":"","format":"standard","meta":{"footnotes":""},"categories":[268],"tags":[2296,168,25,24,89584,280,2313,282,24989,26507,281,23,167,89585],"class_list":["post-420004","post","type-post","status-publish","format-standard","has-post-thumbnail","category-futbol","tag-barca","tag-deportes","tag-es","tag-espana","tag-exdefensa","tag-football","tag-fuera-de-juego","tag-futbol","tag-jeremy","tag-mathieu","tag-soccer","tag-spain","tag-sports","tag-tiraba"],"share_on_mastodon":{"url":"https:\/\/pubeurope.com\/@es\/116143486837821989","error":""},"_links":{"self":[{"href":"https:\/\/www.europesays.com\/es\/wp-json\/wp\/v2\/posts\/420004","targetHints":{"allow":["GET"]}}],"collection":[{"href":"https:\/\/www.europesays.com\/es\/wp-json\/wp\/v2\/posts"}],"about":[{"href":"https:\/\/www.europesays.com\/es\/wp-json\/wp\/v2\/types\/post"}],"author":[{"embeddable":true,"href":"https:\/\/www.europesays.com\/es\/wp-json\/wp\/v2\/users\/2"}],"replies":[{"embeddable":true,"href":"https:\/\/www.europesays.com\/es\/wp-json\/wp\/v2\/comments?post=420004"}],"version-history":[{"count":0,"href":"https:\/\/www.europesays.com\/es\/wp-json\/wp\/v2\/posts\/420004\/revisions"}],"wp:featuredmedia":[{"embeddable":true,"href":"https:\/\/www.europesays.com\/es\/wp-json\/wp\/v2\/media\/420005"}],"wp:attachment":[{"href":"https:\/\/www.europesays.com\/es\/wp-json\/wp\/v2\/media?parent=420004"}],"wp:term":[{"taxonomy":"category","embeddable":true,"href":"https:\/\/www.europesays.com\/es\/wp-json\/wp\/v2\/categories?post=420004"},{"taxonomy":"post_tag","embeddable":true,"href":"https:\/\/www.europesays.com\/es\/wp-json\/wp\/v2\/tags?post=420004"}],"curies":[{"name":"wp","href":"https:\/\/api.w.org\/{rel}","templated":true}]}}