{"id":420041,"date":"2026-02-27T16:45:28","date_gmt":"2026-02-27T16:45:28","guid":{"rendered":"https:\/\/www.europesays.com\/es\/420041\/"},"modified":"2026-02-27T16:45:28","modified_gmt":"2026-02-27T16:45:28","slug":"sinergias-farmacologicas-vencen-la-resistencia-al-carboplatino-en-cancer-de-mama-triple-negativo","status":"publish","type":"post","link":"https:\/\/www.europesays.com\/es\/420041\/","title":{"rendered":"Sinergias farmacol\u00f3gicas vencen la resistencia al carboplatino en c\u00e1ncer de mama triple negativo"},"content":{"rendered":"<p class=\"mostrar_fragmento\">Cient\u00edficos de la Virginia Commonwealth University han determinado que la combinaci\u00f3n formada por sacituzumab govitec\u00e1n y everolimus ofrece un control tumoral superior al de cualquiera de los dos agentes por separado en ratones portadores de tumores de mama humanos triple negativos con resistencia adquirida al carboplatino. Una combinaci\u00f3n adicional, formada &#8230;            &#13;\n        <\/p>\n<p> &#13;<br \/>\n&#13;<\/p>\n<p>Cient\u00edficos de la Virginia Commonwealth University han determinado que la combinaci\u00f3n formada por <strong>sacituzumab govitec\u00e1n<\/strong> y <strong>everolimus<\/strong> ofrece un control tumoral superior al de cualquiera de los dos agentes por separado en ratones portadores de <strong>tumores de mama humanos triple negativos con resistencia adquirida al carboplatino<\/strong>. Una combinaci\u00f3n adicional, formada por everolimus y selinexor, no solo redujo de forma significativa el volumen tumoral, sino que tambi\u00e9n <strong>fren\u00f3 la progresi\u00f3n metast\u00e1sica en animales con tumores intr\u00ednsecamente resistentes<\/strong>.<\/p>\n<p><strong>Chuck Harrell<\/strong>, director del <a href=\"https:\/\/pubmed.ncbi.nlm.nih.gov\/41630032\/\" rel=\"nofollow noopener\" target=\"_blank\">estudio<\/a>, afirma que estas potenciales terapias fueron seleccionadas tras comparar los mecanismos de reparaci\u00f3n del ADN en tumores sensibles y resistentes al carboplatino; se constat\u00f3 que, en un tumor con mutaciones en BRCA1, <strong>la resistencia se asoci\u00f3 a la sobreexpresi\u00f3n de la prote\u00edna HORMAD1<\/strong>, lo que apunta a un mecanismo de supervivencia alternativo vinculado a la deficiencia en la reparaci\u00f3n del ADN por recombinaci\u00f3n hom\u00f3loga. Este tumor tambi\u00e9n exhibi\u00f3 un <strong>marcado aumento del tama\u00f1o nuclear<\/strong>, un rasgo morfol\u00f3gico caracter\u00edstico del fenotipo resistente, asegura Harrell.<\/p>\n<p>El investigador prosigue indicando que el uso de modelos basados en xenoinjertos <strong>permite capturar tanto las adaptaciones convergentes como las espec\u00edficas de cada tumor<\/strong>, reproduciendo la heterogeneidad molecular propia del triple negativo. La integraci\u00f3n de transcript\u00f3mica, prote\u00f3mica y validaci\u00f3n in vivo ofrece <strong>una visi\u00f3n completa de las rutas que sostienen la resistencia<\/strong> y de las oportunidades terap\u00e9uticas que emergen al bloquearlas, a\u00f1ade Harrell. Los actuales hallazgos justifican una evaluaci\u00f3n cl\u00ednica de las combinaciones analizadas, con el objetivo de mejorar el tratamiento de las pacientes con tumores resistentes al carboplatino, concluye el cient\u00edfico.<\/p>\n<p>&#13;<br \/>\n            SEGUIR LEYENDO&#13;\n        <\/p>\n","protected":false},"excerpt":{"rendered":"Cient\u00edficos de la Virginia Commonwealth University han determinado que la combinaci\u00f3n formada por sacituzumab govitec\u00e1n y everolimus ofrece&hellip;\n","protected":false},"author":2,"featured_media":420042,"comment_status":"","ping_status":"","sticky":false,"template":"","format":"standard","meta":{"footnotes":""},"categories":[92],"tags":[1066,89594,8737,10296,25,24,1292,82760,165,7762,89595,4917,7306,1817,4258,33549,34374,13398,166,20581,23,38219,13890,1077,2075,89593],"class_list":["post-420041","post","type-post","status-publish","format-standard","has-post-thumbnail","category-salud","tag-cancer","tag-carboplatino","tag-clinico","tag-combinaciones","tag-es","tag-espana","tag-estudio","tag-farmacologicas","tag-health","tag-identifica","tag-injertados","tag-mama","tag-negativo","tag-pacientes","tag-potencial","tag-ratones","tag-realizado","tag-resistencia","tag-salud","tag-sinergias","tag-spain","tag-terapeuticas","tag-triple","tag-tumores","tag-valor","tag-vencen"],"share_on_mastodon":{"url":"https:\/\/pubeurope.com\/@es\/116143608666203038","error":""},"_links":{"self":[{"href":"https:\/\/www.europesays.com\/es\/wp-json\/wp\/v2\/posts\/420041","targetHints":{"allow":["GET"]}}],"collection":[{"href":"https:\/\/www.europesays.com\/es\/wp-json\/wp\/v2\/posts"}],"about":[{"href":"https:\/\/www.europesays.com\/es\/wp-json\/wp\/v2\/types\/post"}],"author":[{"embeddable":true,"href":"https:\/\/www.europesays.com\/es\/wp-json\/wp\/v2\/users\/2"}],"replies":[{"embeddable":true,"href":"https:\/\/www.europesays.com\/es\/wp-json\/wp\/v2\/comments?post=420041"}],"version-history":[{"count":0,"href":"https:\/\/www.europesays.com\/es\/wp-json\/wp\/v2\/posts\/420041\/revisions"}],"wp:featuredmedia":[{"embeddable":true,"href":"https:\/\/www.europesays.com\/es\/wp-json\/wp\/v2\/media\/420042"}],"wp:attachment":[{"href":"https:\/\/www.europesays.com\/es\/wp-json\/wp\/v2\/media?parent=420041"}],"wp:term":[{"taxonomy":"category","embeddable":true,"href":"https:\/\/www.europesays.com\/es\/wp-json\/wp\/v2\/categories?post=420041"},{"taxonomy":"post_tag","embeddable":true,"href":"https:\/\/www.europesays.com\/es\/wp-json\/wp\/v2\/tags?post=420041"}],"curies":[{"name":"wp","href":"https:\/\/api.w.org\/{rel}","templated":true}]}}