{"id":42021,"date":"2025-08-12T07:48:15","date_gmt":"2025-08-12T07:48:15","guid":{"rendered":"https:\/\/www.europesays.com\/es\/42021\/"},"modified":"2025-08-12T07:48:15","modified_gmt":"2025-08-12T07:48:15","slug":"los-nombres-del-dia-en-el-cd-castellon","status":"publish","type":"post","link":"https:\/\/www.europesays.com\/es\/42021\/","title":{"rendered":"los nombres del d\u00eda en el CD Castell\u00f3n"},"content":{"rendered":"<p class=\"ft-text ft-helper-closenews\">La semana ha comenzado con fuerza en el <a class=\"ft-link ft-link--decoration\" href=\"https:\/\/www.elperiodicomediterraneo.com\/tags\/skyfi-castalia\/\" rel=\"nofollow noopener\" target=\"_blank\">SkyFi Castalia<\/a>.<strong> El Castell\u00f3n y el Rayo Vallecano ultiman el traspaso de Jozhua Vertrouwd<\/strong>. El lateral neerland\u00e9s, que cumple 21 a\u00f1os este mes, ha sido el protagonista del lunes en una operaci\u00f3n que puede cerrarse a trav\u00e9s de una cesi\u00f3n con compra.<\/p>\n<p class=\"ft-text\">De esta manera, el joven zaguero orellut se marchar\u00eda la primera temporada a pr\u00e9stamo al club de Vallecas. El acuerdo incluir\u00eda <strong>una cl\u00e1usula obligatoria de compra<\/strong> por algo m\u00e1s de un mill\u00f3n de euros para la campa\u00f1a siguiente. Adem\u00e1s, en caso de cumplirse algunas variables, <strong>la operaci\u00f3n podr\u00eda alcanzar los dos millones de euros<\/strong>.<\/p>\n<p class=\"ft-text\">La salida de Jozhua al Rayo, donde podr\u00eda debutar en la Primera Divisi\u00f3n, se compensar\u00e1, en principio, con la esperada llegada del lateral <strong>Tincho<\/strong>, del filial del Celta de Vigo. En esa posici\u00f3n, el entrenador <a class=\"ft-link ft-link--decoration\" href=\"https:\/\/www.elperiodicomediterraneo.com\/tags\/johan-plat\/\" rel=\"nofollow noopener\" target=\"_blank\">Johan Plat <\/a>cuenta tambi\u00e9n con el capit\u00e1n Salva Ruiz y con otro de los fichajes de esta temporada, Lucas Alc\u00e1zar.<\/p>\n<p>Regreso al trabajo cara al debut liguero<\/p>\n<p class=\"ft-text\">Despu\u00e9s de terminar el carrusel de amistosos de pretemporada, la plantilla del <a class=\"ft-link ft-link--decoration\" href=\"https:\/\/www.elperiodicomediterraneo.com\/tags\/cd-castellon\/\" rel=\"nofollow noopener\" target=\"_blank\">CD Castell\u00f3n<\/a> descans\u00f3 el lunes y regresa a los entrenamientos el martes, ya con el primer partido de Liga en el horizonte. Los albinegros debutar\u00e1n en el campeonato este s\u00e1bado visitando al Racing de Santander. El comienzo del partido est\u00e1 fijado a las<strong> 17.00 horas<\/strong>. El a\u00f1o pasado, los orelluts cosecharon un valioso empate gracias a un gol de Van den Belt (1-1) en la segunda parte.<strong> Ronaldo Pompeu y Pablo Santiago<\/strong>, ausentes en los \u00faltimos amistosos, apuntan a bajas.<\/p>\n<p>Entradas a la venta para El Sardinero<\/p>\n<p class=\"ft-text\">El Castell\u00f3n pone este martes a la venta, en horario de 10.00 a 14.00 horas y de 17.00 a 19.00 en el palco del SkyFi Castalia,<strong> las entradas disponibles para el duelo con el Racing Club de Santander<\/strong>, para <strong>acompa\u00f1antes <\/strong>de abonados y abonados que viajen a tierras c\u00e1ntabras. Cabe recordar que esta temporada el Castell\u00f3n estrena procedimiento de venta para los partidos a domicilio. Primero las adquieren los abonados desde el \u00e1rea del abonado de la web, en horario ininterrumpido en los plazos establecidos. A Santander va un bus de la <a class=\"ft-link ft-link--decoration\" href=\"https:\/\/www.elperiodicomediterraneo.com\/tags\/fedpecas\/\" rel=\"nofollow noopener\" target=\"_blank\">Fedpecas<\/a>.<\/p>\n<p>Asier Villalibre, la novedad en el Racing<\/p>\n<p class=\"ft-text\"><strong>El Racing de Santander, primer rival del <\/strong><a class=\"ft-link ft-link--decoration\" href=\"https:\/\/www.elperiodicomediterraneo.com\/tags\/cd-castellon\/\" rel=\"nofollow noopener\" target=\"_blank\"><strong>Castell\u00f3n <\/strong><\/a><strong>en LaLiga, regres\u00f3 al trabajo<\/strong> para afrontar el primer entrenamiento de la semana. En la sesi\u00f3n, el delantero<strong> Asier Villalibre<\/strong> se visti\u00f3 de corto por primera vez y podr\u00eda debutar el s\u00e1bado contra los orelluts. Por contra, no se ejercitaron ni el delantero <strong>Arana <\/strong>(lesionado) ni el defensa <strong>Michelin<\/strong>, que sufri\u00f3 una contractura durante el partido amistoso disputado frente al Cagliari, el pasado fin de semana en los Campos de Sport de El Sardinero, y es duda para el encuentro del s\u00e1bado.<\/p>\n<p data-close=\"closedContent\" class=\"subscribeHideForDisplay\">Suscr\u00edbete para seguir leyendo<\/p>\n","protected":false},"excerpt":{"rendered":"La semana ha comenzado con fuerza en el SkyFi Castalia. El Castell\u00f3n y el Rayo Vallecano ultiman el&hellip;\n","protected":false},"author":2,"featured_media":42022,"comment_status":"","ping_status":"","sticky":false,"template":"","format":"standard","meta":{"footnotes":""},"categories":[268],"tags":[663,20044,3965,16752,168,25,24,285,280,282,20042,7797,1239,10561,281,23,167,10562,20043],"class_list":{"0":"post-42021","1":"post","2":"type-post","3":"status-publish","4":"format-standard","5":"has-post-thumbnail","7":"category-futbol","8":"tag-abonados","9":"tag-castalia","10":"tag-castellon","11":"tag-cd-castellon","12":"tag-deportes","13":"tag-es","14":"tag-espana","15":"tag-fichajes","16":"tag-football","17":"tag-futbol","18":"tag-jozhua","19":"tag-martes","20":"tag-mercado","21":"tag-rayo","22":"tag-soccer","23":"tag-spain","24":"tag-sports","25":"tag-vallecano","26":"tag-vertrouwd"},"share_on_mastodon":{"url":"","error":""},"_links":{"self":[{"href":"https:\/\/www.europesays.com\/es\/wp-json\/wp\/v2\/posts\/42021","targetHints":{"allow":["GET"]}}],"collection":[{"href":"https:\/\/www.europesays.com\/es\/wp-json\/wp\/v2\/posts"}],"about":[{"href":"https:\/\/www.europesays.com\/es\/wp-json\/wp\/v2\/types\/post"}],"author":[{"embeddable":true,"href":"https:\/\/www.europesays.com\/es\/wp-json\/wp\/v2\/users\/2"}],"replies":[{"embeddable":true,"href":"https:\/\/www.europesays.com\/es\/wp-json\/wp\/v2\/comments?post=42021"}],"version-history":[{"count":0,"href":"https:\/\/www.europesays.com\/es\/wp-json\/wp\/v2\/posts\/42021\/revisions"}],"wp:featuredmedia":[{"embeddable":true,"href":"https:\/\/www.europesays.com\/es\/wp-json\/wp\/v2\/media\/42022"}],"wp:attachment":[{"href":"https:\/\/www.europesays.com\/es\/wp-json\/wp\/v2\/media?parent=42021"}],"wp:term":[{"taxonomy":"category","embeddable":true,"href":"https:\/\/www.europesays.com\/es\/wp-json\/wp\/v2\/categories?post=42021"},{"taxonomy":"post_tag","embeddable":true,"href":"https:\/\/www.europesays.com\/es\/wp-json\/wp\/v2\/tags?post=42021"}],"curies":[{"name":"wp","href":"https:\/\/api.w.org\/{rel}","templated":true}]}}