{"id":42023,"date":"2025-08-12T07:49:07","date_gmt":"2025-08-12T07:49:07","guid":{"rendered":"https:\/\/www.europesays.com\/es\/42023\/"},"modified":"2025-08-12T07:49:07","modified_gmt":"2025-08-12T07:49:07","slug":"jennifer-aniston-revela-que-estuvo-de-luto-por-matthew-perry-antes-de-su-muerte-2","status":"publish","type":"post","link":"https:\/\/www.europesays.com\/es\/42023\/","title":{"rendered":"Jennifer Aniston revela que estuvo \u00abde luto\u00bb por Matthew Perry antes de su muerte"},"content":{"rendered":"<p class=\"c-paragraph\"><a href=\"https:\/\/www.20minutos.es\/tags\/temas\/jennifer-aniston.html\" title=\"Jennifer Aniston\" rel=\"nofollow noopener\" target=\"_blank\">Jennifer Aniston<\/a> habl\u00f3 sobre c\u00f3mo se sinti\u00f3 respecto a la muerte de <a href=\"https:\/\/www.20minutos.es\/tags\/temas\/matthew-perry.html\" title=\"Matthew Perry\" rel=\"nofollow noopener\" target=\"_blank\">Matthew Perry<\/a>, su compa\u00f1ero en la serie Friends, y confes\u00f3 que <b>sent\u00eda haber estado \u00abde luto\u00bb por \u00e9l mucho antes de su fallecimiento.<\/b>\u00a0<\/p>\n<p class=\"c-paragraph\">\u00ab<b>Hicimos todo lo que pudimos cuando pudimos<\/b>\u00ab, dijo la actriz a la revista Vanity Fair sobre los intentos de ella y los amigos del actor de apoyar a Perry con su larga lucha contra las adicciones.\u00a0<\/p>\n<p class=\"c-paragraph\">\u00abPero casi se sinti\u00f3 como si hubi\u00e9ramos estado de luto por Matthew durante mucho tiempo porque <b>su batalla contra esa enfermedad fue realmente dif\u00edcil para \u00e9l<\/b>\u00ab, a\u00f1adi\u00f3.\u00a0<\/p>\n<p class=\"c-paragraph\">\u00abPor muy duro que fuera para todos nosotros y para los fan\u00e1ticos, hay una parte de m\u00ed que piensa que esto es mejor&#8230; <b>Me alegro de que haya superado ese dolor<\/b>\u00ab, apunt\u00f3 Aniston.\u00a0<\/p>\n<p class=\"c-paragraph\">Despu\u00e9s de la muerte del actor, la actriz que interpretaba a Rachel Green en la misma serie, rindi\u00f3 homenaje a Perry en redes sociales en donde lo llam\u00f3 \u00abhermanito\u00bb y destacaba su amor por \u00abhacer re\u00edr a la gente\u00bb.<b> \u00abSu vida literalmente depend\u00eda de eso\u00bb<\/b>, escribi\u00f3 entonces.<\/p>\n<p class=\"c-paragraph\">Perry falleci\u00f3 el 28 de octubre de 2023 en su casa, a los 54 a\u00f1os, por los <b>efectos agudos de la ketamina<\/b>. En su libro Friends, Lovers, and the Big Terrible Thing: A Memoir (2022) el actor que dio vida a Chandler Bing en la serie de NBC hab\u00eda hablado sobre lo complicado que fue para \u00e9l lidiar contra las adicciones.<\/p>\n<p class=\"c-paragraph\"><b>Cinco personas fueron acusadas<\/b> por su muerte, entre ellas Jasveen Sangha, apodada \u00abLa Reina de la Ketamina\u00bb, quien enfrenta cinco cargos por distribuci\u00f3n de dicha sustancia. Su juicio, que ha sido pospuesto en cuatro ocasiones, est\u00e1 programado para comenzar el 23 de septiembre.<\/p>\n<p class=\"c-paragraph\">El resto de los acusados, incluidos su asistente personal, un amigo y dos m\u00e9dicos, se declararon<b> culpables y est\u00e1n colaborando con la fiscal\u00eda<\/b>. A\u00fan est\u00e1n a la espera de conocer sus sentencias.<\/p>\n","protected":false},"excerpt":{"rendered":"Jennifer Aniston habl\u00f3 sobre c\u00f3mo se sinti\u00f3 respecto a la muerte de Matthew Perry, su compa\u00f1ero en la&hellip;\n","protected":false},"author":2,"featured_media":42024,"comment_status":"","ping_status":"","sticky":false,"template":"","format":"standard","meta":{"footnotes":""},"categories":[174],"tags":[18656,255,146,147,25,24,16022,256,18655,15296,1789,23],"class_list":{"0":"post-42023","1":"post","2":"type-post","3":"status-publish","4":"format-standard","5":"has-post-thumbnail","7":"category-famosos","8":"tag-aniston","9":"tag-celebrities","10":"tag-entertainment","11":"tag-entretenimiento","12":"tag-es","13":"tag-espana","14":"tag-estuvo","15":"tag-famosos","16":"tag-jennifer","17":"tag-luto","18":"tag-revela","19":"tag-spain"},"share_on_mastodon":{"url":"","error":""},"_links":{"self":[{"href":"https:\/\/www.europesays.com\/es\/wp-json\/wp\/v2\/posts\/42023","targetHints":{"allow":["GET"]}}],"collection":[{"href":"https:\/\/www.europesays.com\/es\/wp-json\/wp\/v2\/posts"}],"about":[{"href":"https:\/\/www.europesays.com\/es\/wp-json\/wp\/v2\/types\/post"}],"author":[{"embeddable":true,"href":"https:\/\/www.europesays.com\/es\/wp-json\/wp\/v2\/users\/2"}],"replies":[{"embeddable":true,"href":"https:\/\/www.europesays.com\/es\/wp-json\/wp\/v2\/comments?post=42023"}],"version-history":[{"count":0,"href":"https:\/\/www.europesays.com\/es\/wp-json\/wp\/v2\/posts\/42023\/revisions"}],"wp:featuredmedia":[{"embeddable":true,"href":"https:\/\/www.europesays.com\/es\/wp-json\/wp\/v2\/media\/42024"}],"wp:attachment":[{"href":"https:\/\/www.europesays.com\/es\/wp-json\/wp\/v2\/media?parent=42023"}],"wp:term":[{"taxonomy":"category","embeddable":true,"href":"https:\/\/www.europesays.com\/es\/wp-json\/wp\/v2\/categories?post=42023"},{"taxonomy":"post_tag","embeddable":true,"href":"https:\/\/www.europesays.com\/es\/wp-json\/wp\/v2\/tags?post=42023"}],"curies":[{"name":"wp","href":"https:\/\/api.w.org\/{rel}","templated":true}]}}