{"id":42025,"date":"2025-08-12T07:50:07","date_gmt":"2025-08-12T07:50:07","guid":{"rendered":"https:\/\/www.europesays.com\/es\/42025\/"},"modified":"2025-08-12T07:50:07","modified_gmt":"2025-08-12T07:50:07","slug":"fundos-y-astorga-traen-esculpir-el-cuerpo","status":"publish","type":"post","link":"https:\/\/www.europesays.com\/es\/42025\/","title":{"rendered":"Fundos y Astorga traen \u2018Esculpir el cuerpo&#8217;"},"content":{"rendered":"<p class=\"paragraph\">Fundos y el Ayuntamiento de Astorga han inaugurado la exposici\u00f3n Esculpir el cuerpo. La concepci\u00f3n de los cuerpos en la Colecci\u00f3n Fundos que se puede visitar del 8 al 29 de septiembre en la Casa-Museo de Leopoldo Panero en Astorga.<\/p>\n<p class=\"paragraph\">Este pasado viernes se present\u00f3 esta muestra con ocho esculturas de la Colecci\u00f3n Fundos que el visitante puede contemplar durante la visita a la Casa-Museo. Estas obras muestran c\u00f3mo var\u00eda la concepci\u00f3n y la representaci\u00f3n de los cuerpos seg\u00fan las manos que los han esculpido.<\/p>\n<p class=\"paragraph\">La exposici\u00f3n cuenta con esculturas de dos nombres destacados para la ciudad de Astorga como son Castorina y Marino Amaya. La muestra se completa con los artistas Baltasar Lobo, Pedro Santamarta, Jos\u00e9 Carrilero, Miguel \u00c1ngel Calleja y Antoni Boleda, tambi\u00e9n representantes del arte del siglo XX.<\/p>\n<p class=\"paragraph\">Esculpir el cuerpo. La concepci\u00f3n de los cuerpos en la Colecci\u00f3n Fundos es una m\u00ednima muestra de las 14.000 piezas que atesora. Una colecci\u00f3n conformada gracias a la labor de mecenazgo de las antiguas cajas de ahorros de la comunidad, tarea que hoy contin\u00faa la Fundaci\u00f3n de la Obra Social de Castilla y Le\u00f3n. Una colecci\u00f3n repleta de matices que recoge el panorama art\u00edstico en Castilla y Le\u00f3n, especialmente durante los siglos XIX, XX y XXI, reflejando la gran labor social y cultural que envuelve a la colecci\u00f3n. Sin embargo, otro factor como es el af\u00e1n de coleccionismo permite hallar dentro del conjunto nombres que hablan por s\u00ed solos como Luis de Morales, Sorolla, Goya, Dal\u00ed, Z\u00f3bel, Chillida, Saura, Gordillo o Guti\u00e9rrez Solana.<\/p>\n<p class=\"paragraph\">Conservaci\u00f3n, movimiento y difusi\u00f3n son los objetivos que Fundos persigue con su colecci\u00f3n empleando gran cantidad de recursos humanos y econ\u00f3micos. En l\u00ednea con esto, en la inquietante y espl\u00e9ndida Casa Panero, se presenta esta muestra con ocho esculturas de la Colecci\u00f3n Fundos que podr\u00e1n contemplar a lo largo de la visita.<\/p>\n<p class=\"paragraph\">Estas ocho esculturas muestran c\u00f3mo var\u00eda la concepci\u00f3n y la representaci\u00f3n de los cuerpos seg\u00fan las manos que los esculpan. Cada artista, igual que cada uno de ustedes, miran y ven la vida de una manera diferente, algo directamente relacionado con el d\u00eda a d\u00eda, hasta en cosas tan banales como la forma de andar, qui\u00e9n tiene la suerte de poder hacerlo; la velocidad y el modo de pasar las hojas de un libro; o la tendencia de mirar arriba, abajo, de reojo o de frente. Si el poder de la subjetividad en la visi\u00f3n del mundo hace mella en esos peque\u00f1os detalles, como no va a estar patente en un proceso tan concreto como es trabajar a mano una materia para hacer de ella una escultura.<\/p>\n<p class=\"paragraph\">La propuesta del Ayuntamiento astorgano y Fundos es una invitaci\u00f3n a mirar con atenci\u00f3n cada una de las piezas seleccionadas y a preguntarse cu\u00e1l de ellas encaja m\u00e1s con la concepci\u00f3n subjetiva que usted tiene de los cuerpos. Para ello nos hemos permitido el atrevimiento de colocar un s\u00edmbolo como este al lado de cada escultura para recordarle que no es cuesti\u00f3n de ver, sino de mirar.<\/p>\n<p class=\"paragraph\">Los artistas artistas presentes en la exposici\u00f3n son Castorina (Astorga, 1928-2019), Marino Amaya (Astorga, 1927-Villanueva de Algaidas, M\u00e1laga, 2014), Baltasar Lobo (Cerecinos de Campos, Zamora, 1910-Paris, 1993), Pedro Santamarta (Santas Martas, Le\u00f3n, 1945-Gij\u00f3n, Asturias, 2010), Jos\u00e9 Carrilero Gil (Caravaca de la Cruz, Murcia, 1928), Miguel \u00c1ngel Calleja (Valladolid, 1945), Antoni Boleda (T\u00e1rrega, L\u00e9rida, 1945).<\/p>\n<p class=\"paragraph\">Volviendo a la colecci\u00f3n Fundos, est\u00e1 formada por una gran variedad de materiales y soportes, en manifestaciones que comprenden la pintura, la escultura y la obra gr\u00e1fica. Si bien el grueso de la colecci\u00f3n se corresponde a los siglos XIX y XX, posee varias piezas de centurias anteriores desde el siglo XV. La Colecci\u00f3n atesora obras de muchos de los artistas m\u00e1s se\u00f1alados de la historia del arte espa\u00f1ol. Por ejemplo, un Ecce Homo de Luis de Morales, conocido como \u00abEl Divino\u00bb. Morales destaca por sus obras de tem\u00e1tica religiosa, con un intenso misticismo y un estilo detallista.<\/p>\n<p class=\"paragraph\">En la Colecci\u00f3n se incluye tambi\u00e9n una de las primeras ediciones de Los Caprichos de Francisco de Goya, que satirizan con maestr\u00eda los vicios y contradicciones de la sociedad de su \u00e9poca. Goya est\u00e1 considerado como uno de los grandes maestros del arte universal por su innovaci\u00f3n t\u00e9cnica y cr\u00edtica social.<\/p>\n<p class=\"paragraph\">Otro nombre presente en la colecci\u00f3n es Raimundo de Madrazo, un destacado pintor espa\u00f1ol del siglo XIX, c\u00e9lebre por su maestr\u00eda en el retrato y su estilo refinado influido por el academicismo y el impresionismo. Su obra Dama con sombrilla es un ejemplo de su habilidad. Tambi\u00e9n se encuentra presente Josep Cusachs i Cusachs, un pintor y acad\u00e9mico espa\u00f1ol del siglo XIX, reconocido por su habilidad en la pintura militar y de g\u00e9nero. Su obra Regimiento de Caballer\u00eda resalta por su realismo.<\/p>\n","protected":false},"excerpt":{"rendered":"Fundos y el Ayuntamiento de Astorga han inaugurado la exposici\u00f3n Esculpir el cuerpo. La concepci\u00f3n de los cuerpos&hellip;\n","protected":false},"author":2,"featured_media":42026,"comment_status":"","ping_status":"","sticky":false,"template":"","format":"standard","meta":{"footnotes":""},"categories":[173],"tags":[229,233,231,230,5872,232,234,146,147,25,24,241,20045,503,4193,23],"class_list":{"0":"post-42025","1":"post","2":"type-post","3":"status-publish","4":"format-standard","5":"has-post-thumbnail","7":"category-arte-y-diseno","8":"tag-arte","9":"tag-arte-y-diseno","10":"tag-arts","11":"tag-arts-and-design","12":"tag-astorga","13":"tag-design","14":"tag-diseno","15":"tag-entertainment","16":"tag-entretenimiento","17":"tag-es","18":"tag-espana","19":"tag-exposiciones","20":"tag-fundos","21":"tag-pintura","22":"tag-siglo-xx","23":"tag-spain"},"share_on_mastodon":{"url":"","error":""},"_links":{"self":[{"href":"https:\/\/www.europesays.com\/es\/wp-json\/wp\/v2\/posts\/42025","targetHints":{"allow":["GET"]}}],"collection":[{"href":"https:\/\/www.europesays.com\/es\/wp-json\/wp\/v2\/posts"}],"about":[{"href":"https:\/\/www.europesays.com\/es\/wp-json\/wp\/v2\/types\/post"}],"author":[{"embeddable":true,"href":"https:\/\/www.europesays.com\/es\/wp-json\/wp\/v2\/users\/2"}],"replies":[{"embeddable":true,"href":"https:\/\/www.europesays.com\/es\/wp-json\/wp\/v2\/comments?post=42025"}],"version-history":[{"count":0,"href":"https:\/\/www.europesays.com\/es\/wp-json\/wp\/v2\/posts\/42025\/revisions"}],"wp:featuredmedia":[{"embeddable":true,"href":"https:\/\/www.europesays.com\/es\/wp-json\/wp\/v2\/media\/42026"}],"wp:attachment":[{"href":"https:\/\/www.europesays.com\/es\/wp-json\/wp\/v2\/media?parent=42025"}],"wp:term":[{"taxonomy":"category","embeddable":true,"href":"https:\/\/www.europesays.com\/es\/wp-json\/wp\/v2\/categories?post=42025"},{"taxonomy":"post_tag","embeddable":true,"href":"https:\/\/www.europesays.com\/es\/wp-json\/wp\/v2\/tags?post=42025"}],"curies":[{"name":"wp","href":"https:\/\/api.w.org\/{rel}","templated":true}]}}