{"id":42027,"date":"2025-08-12T07:52:10","date_gmt":"2025-08-12T07:52:10","guid":{"rendered":"https:\/\/www.europesays.com\/es\/42027\/"},"modified":"2025-08-12T07:52:10","modified_gmt":"2025-08-12T07:52:10","slug":"como-salio-del-hoyo-hace-ahora-30-anos-con-emilio-aragon-y-pepe-navarro","status":"publish","type":"post","link":"https:\/\/www.europesays.com\/es\/42027\/","title":{"rendered":"c\u00f3mo sali\u00f3 del hoyo hace ahora 30 a\u00f1os, con Emilio Arag\u00f3n y Pepe Navarro"},"content":{"rendered":"<p>Este septiembre se cumplen tres d\u00e9cadas de los estrenos de M\u00e9dico de familia y Esta noche cruzamos el Mississippi. Telecinco sufre su peor verano hist\u00f3rico, con una ca\u00edda a un dram\u00e1tico 6,6 % de share este pasado s\u00e1bado. Y la sangr\u00eda no cesa. Aun as\u00ed, la cadena de los Berlusconi mantiene la intenci\u00f3n de apostar a partir del pr\u00f3ximo mes por una programaci\u00f3n continuista, basada en los realities producidos por Banijay (Supervivientes, Gran Hermano VIP y La isla de las tentaciones) y en los magazines realizados por Unicorn Content (La mirada cr\u00edtica, El programa de Ana Rosa, Vamos a ver, el nuevo programa vespertino de Joaqu\u00edn Prat y Fiesta).<\/p>\n<p>El consejero delegado de Mediaset Espa\u00f1a, <b>Alessandro Salem<\/b>, quiz\u00e1 deber\u00eda fijar su atenci\u00f3n en el verano de hace tres d\u00e9cadas. En 1995, Maurizio Carlotti acababa de asumir el control de Telecinco tras el cese de Valerio Lazarov, que cay\u00f3 despu\u00e9s de una auditor\u00eda encargada por Silvio Berlusconi y realizada por el propio Carlotti. El informe explicaba por qu\u00e9 la cadena espa\u00f1ola era deficitaria, ten\u00eda unas audiencias decepcionantes y una imagen desfasada y poco atractiva.<\/p>\n<p>Carlotti fich\u00f3 como n\u00famero dos a un directivo vasco muy h\u00e1bil, Mikel Lejarza, que dej\u00f3 la televisi\u00f3n auton\u00f3mica ETB e impuls\u00f3 los fichajes de dos estrellas de Antena 3 que hab\u00edan vivido tiempos mejores: <b>Emilio Arag\u00f3n<\/b> (que volv\u00eda a Telecinco, donde hab\u00eda triunfado en los inicios del canal con Jos\u00e9 Luis Moreno, un realizador llamado Dani \u00c9cija y el concurso VIP) y <b>Pepe Navarro<\/b> (defenestrado por Antonio Asensio padre en aquella Antena 3).<\/p>\n<p>Telecinco jubil\u00f3 a las Mama Chicho y se renov\u00f3, estrenando a finales de julio una propuesta que actualizaba el tratamiento que se daba a los personajes del coraz\u00f3n: el refrescante \u00a1Qu\u00e9 me dices! de Globomedia, con <b>Belinda Washington <\/b>y <b>Chapis<\/b> (Jos\u00e9 Antonio Botella).<\/p>\n<p>Pepe Navarro fue fichado para levantar las ma\u00f1anas, pero su insistencia en realizar una adaptaci\u00f3n sui g\u00e9neris de los late shows americanos surti\u00f3 efecto. Arag\u00f3n, por su parte, se lanzaba al mundo de la ficci\u00f3n con una de las series m\u00e1s exitosas de la historia de Espa\u00f1a.<\/p>\n<p>&#8216;M\u00e9dico de familia&#8217;: la revoluci\u00f3n blanca<\/p>\n<p>Estrenada en septiembre de 1995, M\u00e9dico de familia fue mucho m\u00e1s que una serie de \u00e9xito: se convirti\u00f3 en el primer gran fen\u00f3meno de ficci\u00f3n de la televisi\u00f3n privada en Espa\u00f1a. Creada por Juan Carlos Cueto, Daniel \u00c9cija y Emilio Arag\u00f3n, presentaba a un m\u00e9dico viudo que viv\u00eda con sus tres hijos, su cu\u00f1ado y su suegro. Todo ocurr\u00eda en una casa luminosa, con valores positivos, conflictos cotidianos y una narrativa accesible.<\/p>\n<p>                            <img decoding=\"async\" src=\"https:\/\/www.europesays.com\/es\/wp-content\/uploads\/2025\/08\/770x_medico-familia2.jpg\" loading=\"lazy\"\/><\/p>\n<p>El \u00e9xito fue inmediato. La serie superaba habitualmente el 30 % de share y fue la semilla para otras ficciones de Globomedia como Periodistas, Compa\u00f1eros o A\u00edda. Adem\u00e1s, introdujo el concepto de prime time familiar en una cadena que hasta entonces hab\u00eda dependido de contenidos m\u00e1s estridentes.<\/p>\n<p>Emilio Arag\u00f3n pas\u00f3 de ser un rostro del entretenimiento a un s\u00edmbolo de la nueva televisi\u00f3n: blanca, aspiracional y con cierto esp\u00edritu did\u00e1ctico. Era el anti-Mama Chicho por excelencia.<\/p>\n<p>Pepe Navarro y el Mississippi: la otra cara de la revoluci\u00f3n<\/p>\n<p>Mientras Arag\u00f3n conquistaba a las familias, Pepe Navarro abr\u00eda las puertas de la madrugada con una propuesta radicalmente diferente. El pol\u00e9mico Esta noche cruzamos el Mississippi, estrenado tambi\u00e9n en septiembre de 1995, fue el primer late night con personalidad propia en la televisi\u00f3n espa\u00f1ola.<\/p>\n<p>Navarro trajo un estilo agresivo y directo, con entrevistas inc\u00f3modas y personajes extravagantes. El showman articul\u00f3 un espacio irreverente que no tem\u00eda abordar temas tab\u00fa, al estilo de la revista Intervi\u00fa en los quioscos. De aquel programa salieron personajes como Cristina La Veneno, que rompi\u00f3 moldes, y se introdujo un ritmo fren\u00e9tico hasta entonces in\u00e9dito en la televisi\u00f3n nacional.<\/p>\n<p>                            <img decoding=\"async\" src=\"https:\/\/www.europesays.com\/es\/wp-content\/uploads\/2025\/08\/770x_mississippi-veneno.jpg\" loading=\"lazy\"\/><\/p>\n<p>Dos caminos, una misma modernizaci\u00f3n<\/p>\n<p>Aunque M\u00e9dico de familia y Mississippi eran opuestos en tono y p\u00fablico, coincidieron en algo esencial: fueron formatos propios, concebidos en Espa\u00f1a bajo ciertos patrones norteamericanos, pensados para la audiencia nacional y construidos con la ambici\u00f3n de consolidar una televisi\u00f3n competitiva y exportable.<\/p>\n<p>Aquel 1995 marc\u00f3 el inicio de una nueva era: la televisi\u00f3n privada dejaba de ser un experimento para convertirse en un actor principal del ecosistema medi\u00e1tico espa\u00f1ol. Se apostaba por la producci\u00f3n propia, la profesionalizaci\u00f3n del sector y la b\u00fasqueda de nuevos talentos delante y detr\u00e1s de las c\u00e1maras.<\/p>\n<p>Modernidad<\/p>\n<p>La irrupci\u00f3n de M\u00e9dico de familia y Esta noche cruzamos el Mississippi moderniz\u00f3 Telecinco, pero tambi\u00e9n transform\u00f3 la percepci\u00f3n que la sociedad ten\u00eda sobre el canal. Antes de 1995, la oferta de Lazarov era vista con recelo, plagada de contenidos sensacionalistas, erotismo f\u00e1cil y propuestas de escasa calidad. Con estas dos apuestas, Telecinco demostr\u00f3 que pod\u00eda competir con formatos innovadores, relevantes y emocionalmente conectados con el p\u00fablico.<\/p>\n<p>La f\u00f3rmula del dramedy de M\u00e9dico de familia se convirti\u00f3 en escuela. La cercan\u00eda de sus personajes, el tono amable y sus tramas familiares lograron que los espectadores se sintieran reflejados. Fue el germen del modelo de serie que dominar\u00eda la ficci\u00f3n espa\u00f1ola durante la siguiente d\u00e9cada. Su \u00e9xito impuls\u00f3 tambi\u00e9n a Globomedia a profesionalizar la industria audiovisual, desarrollando equipos estables de guionistas, realizadores y t\u00e9cnicos.<\/p>\n<p>                            <img decoding=\"async\" src=\"https:\/\/www.europesays.com\/es\/wp-content\/uploads\/2025\/08\/770x_medico-familia1.jpg\" loading=\"lazy\"\/><\/p>\n<p>Por otro lado, Mississippi abri\u00f3 un espacio hasta entonces inexplorado en la televisi\u00f3n nacional. Su tono descarado, su exploraci\u00f3n de los m\u00e1rgenes sociales y su ritmo trepidante anticiparon el inter\u00e9s por una televisi\u00f3n m\u00e1s transgresora, que luego continuar\u00edan otros formatos como Cr\u00f3nicas marcianas. Adem\u00e1s, dio visibilidad a colectivos que estaban completamente ausentes en el discurso medi\u00e1tico dominante.<\/p>\n<p>                            <img decoding=\"async\" src=\"https:\/\/www.europesays.com\/es\/wp-content\/uploads\/2025\/08\/mississippi1.jpg\" loading=\"lazy\"\/><\/p>\n<p>Ambos programas sirvieron tambi\u00e9n como plataforma de lanzamiento para decenas de profesionales que m\u00e1s adelante marcar\u00edan \u00e9poca en distintos \u00e1mbitos de los medios. Y, lo m\u00e1s importante, demostraron que la televisi\u00f3n no ten\u00eda por qu\u00e9 resignarse a repetir f\u00f3rmulas heredadas, sino que pod\u00eda construir su propia voz.<\/p>\n<p>Treinta a\u00f1os despu\u00e9s, en medio de la crisis creativa y de audiencia de Telecinco, mirar hacia 1995 es un ejercicio de nostalgia, pero tal vez sirva adem\u00e1s como lecci\u00f3n: cuando se apost\u00f3 por ideas valientes, el p\u00fablico respondi\u00f3. \u00a1Vamos, Carullo!<\/p>\n<p>WhatsApp<a href=\"https:\/\/api.whatsapp.com\/send?text=https:\/\/www.eleconomista.es\/informalia\/television\/noticias\/13501259\/08\/25\/30-anos-del-curso-en-el-que-telecinco-modernizo-la-television-espanola-con-emilio-aragon-y-pepe-navarro.html?utm_source%3Dwhatsapp%26utm_medium%3Dshare_button&amp;id=1648118629957_whatsapp\" target=\"_blank\" data-action=\"share\/whatsapp\/share\" aria-label=\"Compartir en Whatsapp\" rel=\"nofollow noopener\"><\/a>Facebook<a id=\"fb-share\" href=\"#\" target=\"_blank\" rel=\"noopener noreferrer\" aria-label=\"Compartir en Facebook\"><\/a>Twitter<a href=\"https:\/\/twitter.com\/share?text=Telecinco+vive+la+peor+crisis+de+audiencia+de+su+historia%3A+c%C3%B3mo+sali%C3%B3+del+hoyo+hace+ahora+30+a%C3%B1os%2C+con+Emilio+Arag%C3%B3n+y+Pepe+Navarro&amp;url=https:\/\/www.eleconomista.es\/informalia\/television\/noticias\/13501259\/08\/25\/30-anos-del-curso-en-el-que-telecinco-modernizo-la-television-espanola-con-emilio-aragon-y-pepe-navarro.html&amp;via=Informalia&amp;id=1648118839245_twitter\" target=\"_blank\" aria-label=\"Compartir en Twitter\" rel=\"nofollow noopener\"><\/a>Linkedin<a onclick=\"return abrirLinkedin();\" href=\"https:\/\/www.linkedin.com\/shareArticle?text=Telecinco+vive+la+peor+crisis+de+audiencia+de+su+historia%3A+c%C3%B3mo+sali%C3%B3+del+hoyo+hace+ahora+30+a%C3%B1os%2C+con+Emilio+Arag%C3%B3n+y+Pepe+Navarro&amp;url=https:\/\/www.eleconomista.es\/informalia\/television\/noticias\/13501259\/08\/25\/30-anos-del-curso-en-el-que-telecinco-modernizo-la-television-espanola-con-emilio-aragon-y-pepe-navarro.html&amp;mini=true\" target=\"_blank\" aria-label=\"Compartir en linkedin\" rel=\"nofollow noopener\"><\/a>Beloud<a href=\"https:\/\/beloud.com\/share?text=Telecinco+vive+la+peor+crisis+de+audiencia+de+su+historia%3A+c%C3%B3mo+sali%C3%B3+del+hoyo+hace+ahora+30+a%C3%B1os%2C+con+Emilio+Arag%C3%B3n+y+Pepe+Navarro&amp;url=https:\/\/www.eleconomista.es\/informalia\/television\/noticias\/13501259\/08\/25\/30-anos-del-curso-en-el-que-telecinco-modernizo-la-television-espanola-con-emilio-aragon-y-pepe-navarro.html&amp;via=Informalia&amp;id=1648118839245_beloud\" target=\"_blank\" aria-label=\"Compartir en beloud\" rel=\"nofollow noopener\"><\/a>Bluesky<a href=\"https:\/\/bsky.app\/intent\/compose?text=https:\/\/bsky.app\/intent\/compose?text=https:\/\/www.eleconomista.es\/informalia\/television\/noticias\/13501259\/08\/25\/30-anos-del-curso-en-el-que-telecinco-modernizo-la-television-espanola-con-emilio-aragon-y-pepe-navarro.html&amp;url=https:\/\/www.eleconomista.es\/informalia\/television\/noticias\/13501259\/08\/25\/30-anos-del-curso-en-el-que-telecinco-modernizo-la-television-espanola-con-emilio-aragon-y-pepe-navarro.html&amp;via=elEconomistaes&amp;id=1648118839245_bluesky\" target=\"_blank\" aria-label=\"Compartir en bluesky\" rel=\"nofollow noopener\"><\/a><\/p>\n<p><script async src=\"https:\/\/platform.twitter.com\/widgets.js\" charset=\"utf-8\"><\/script><\/p>\n","protected":false},"excerpt":{"rendered":"Este septiembre se cumplen tres d\u00e9cadas de los estrenos de M\u00e9dico de familia y Esta noche cruzamos el&hellip;\n","protected":false},"author":2,"featured_media":42028,"comment_status":"","ping_status":"","sticky":false,"template":"","format":"standard","meta":{"footnotes":""},"categories":[171],"tags":[146,147,25,24,23,2626,214],"class_list":{"0":"post-42027","1":"post","2":"type-post","3":"status-publish","4":"format-standard","5":"has-post-thumbnail","7":"category-tv","8":"tag-entertainment","9":"tag-entretenimiento","10":"tag-es","11":"tag-espana","12":"tag-spain","13":"tag-televisian","14":"tag-tv"},"share_on_mastodon":{"url":"","error":""},"_links":{"self":[{"href":"https:\/\/www.europesays.com\/es\/wp-json\/wp\/v2\/posts\/42027","targetHints":{"allow":["GET"]}}],"collection":[{"href":"https:\/\/www.europesays.com\/es\/wp-json\/wp\/v2\/posts"}],"about":[{"href":"https:\/\/www.europesays.com\/es\/wp-json\/wp\/v2\/types\/post"}],"author":[{"embeddable":true,"href":"https:\/\/www.europesays.com\/es\/wp-json\/wp\/v2\/users\/2"}],"replies":[{"embeddable":true,"href":"https:\/\/www.europesays.com\/es\/wp-json\/wp\/v2\/comments?post=42027"}],"version-history":[{"count":0,"href":"https:\/\/www.europesays.com\/es\/wp-json\/wp\/v2\/posts\/42027\/revisions"}],"wp:featuredmedia":[{"embeddable":true,"href":"https:\/\/www.europesays.com\/es\/wp-json\/wp\/v2\/media\/42028"}],"wp:attachment":[{"href":"https:\/\/www.europesays.com\/es\/wp-json\/wp\/v2\/media?parent=42027"}],"wp:term":[{"taxonomy":"category","embeddable":true,"href":"https:\/\/www.europesays.com\/es\/wp-json\/wp\/v2\/categories?post=42027"},{"taxonomy":"post_tag","embeddable":true,"href":"https:\/\/www.europesays.com\/es\/wp-json\/wp\/v2\/tags?post=42027"}],"curies":[{"name":"wp","href":"https:\/\/api.w.org\/{rel}","templated":true}]}}