{"id":42039,"date":"2025-08-12T08:00:10","date_gmt":"2025-08-12T08:00:10","guid":{"rendered":"https:\/\/www.europesays.com\/es\/42039\/"},"modified":"2025-08-12T08:00:10","modified_gmt":"2025-08-12T08:00:10","slug":"los-datos-y-los-residentes-de-washington-contradicen-a-trump-nunca-me-he-sentido-amenazada","status":"publish","type":"post","link":"https:\/\/www.europesays.com\/es\/42039\/","title":{"rendered":"Los datos y los residentes de Washington contradicen a Trump: \u201cNunca me he sentido amenazada\u201d"},"content":{"rendered":"<p class=\"\">El presidente Donald Trump asegura que va a \u201cliberar\u201d a Washington D. C. del crimen. Para ello <a href=\"https:\/\/elpais.com\/internacional\/2025-08-11\/trump-explica-sus-medidas-para-reducir-el-crimen-en-washington-d-c.html\" target=\"_self\" rel=\"nofollow noopener\" title=\"https:\/\/elpais.com\/internacional\/2025-08-11\/trump-explica-sus-medidas-para-reducir-el-crimen-en-washington-d-c.html\">va a desplegar al menos 800 efectivos de la Guardia Nacional <\/a>y va a tomar el control de la polic\u00eda local. El republicano, que lleva meses hostigando a la capital, sostiene que la ciudad vive una \u201ccrisis de violencia\u201d, a pesar de que nadie sabe de d\u00f3nde saca los datos, pues las estad\u00edsticas muestran el menor \u00edndice de criminalidad de los \u00faltimos 30 a\u00f1os. Y los residentes no reconocen su ciudad en las palabras del mandatario, que, en la rueda de prensa de este lunes, calific\u00f3 a la capital como \u201cinsegura, sucia, e inmunda\u201d.<\/p>\n<p class=\"\">\u201cD. C. es una ciudad segura, no tiene sentido lo que dice. Llevo 25 a\u00f1os viviendo aqu\u00ed y no creo que sea necesario lo que ha anunciado. Washington D. C. es una ciudad hermosa y no est\u00e1 sucia\u201d, afirma Allison Deschryver mientras pasea a su perra por un parque del barrio Mount Pleasant, al noroeste de la ciudad. Consultora de empresas, naci\u00f3 en la ciudad de San Luis, Minnesota, pero lleva m\u00e1s de sus 47 a\u00f1os en el Distrito de Columbia, donde ha residido en barrios diversos como el c\u00e9ntrico DuPont Circle o Eastern Market, en el coraz\u00f3n del hist\u00f3rico barrio de Capitol Hill. \u201cNunca me he sentido amenazada\u201d, asegura.<\/p>\n<p class=\"\">La presencia de la Guardia Nacional, sin embargo, s\u00ed le produce intranquilidad. \u201cComo ciudadana de Washington D. C. siento que es una imposici\u00f3n. Me preocupa que mis hijos puedan ir a la escuela por su cuenta, ahora que ya tienen la edad para ser independientes. Con esta creciente presencia policial, no s\u00e9 si podr\u00e9 dejarlos ir caminando solos\u201d. Apunta a la \u00faltima vez que se vio a la Guardia Nacional desplegada en las calles de la capital, como consecuencia de los atentados del 11 de septiembre: \u201cCuando s\u00ed era realmente necesario\u201d, asegura.<\/p>\n<p class=\"\">El despliegue de efectivos llega para combatir una supuesta emergencia que ha convertido la capital en un nido de violencia donde los ladrones, violadores y asesinos campan a sus anchas, seg\u00fan relat\u00f3 Trump para justificar la toma de control de la polic\u00eda de la ciudad.<\/p>\n<p class=\"\">Sin embargo, el total de delitos violentos en el Distrito de Columbia en 2024 disminuy\u00f3 un 35% con respecto a 2023 y es el m\u00e1s bajo en m\u00e1s de 30 a\u00f1os, seg\u00fan datos recopilados por el Departamento de la Polic\u00eda Metropolitana (MPD) y <a href=\"https:\/\/www.justice.gov\/usao-dc\/pr\/violent-crime-dc-hits-30-year-low\" target=\"_blank\" rel=\"nofollow noopener\" title=\"https:\/\/www.justice.gov\/usao-dc\/pr\/violent-crime-dc-hits-30-year-low\">publicados por el propio Gobierno en enero.<\/a> Adem\u00e1s de la reducci\u00f3n general de delitos violentos, los homicidios han disminuido un 32%; los robos, un 39%; los robos de veh\u00edculos a mano armada, un 53%, y los asaltos con armas, un 27% en comparaci\u00f3n con los niveles de 2023.<\/p>\n<p class=\"\">\u201cD. C. es una ciudad muy segura. Siempre se pueden encontrar delitos, pero la tendencia es claramente a la baja\u201d, afirma John Linko, de 58 a\u00f1os y tambi\u00e9n consultor, pero de pol\u00edtica (en el centro del poder pol\u00edtico del pa\u00eds abundan los consultores, lobistas y abogados). Originario de Nueva York, hace m\u00e1s de dos d\u00e9cadas que se estableci\u00f3 en Georgetown, uno de los barrios m\u00e1s cuidados y pintorescos de la urbe. Dif\u00edcil pensar en la \u201csuciedad\u201d de la ciudad cuando se pasea por sus calles arboladas donde hileras de casa coloridas son el hogar de buena parte de los pol\u00edticos y personalidades de la capital.<\/p>\n<p class=\"\">\u201cSolo dice necedades. Lo pr\u00f3ximo que har\u00e1 ser\u00e1 perseguir a los unicornios que se han vuelto locos, o tal vez a los elfos que se est\u00e1n haciendo peque\u00f1os&#8230; Simplemente se inventa cosas. No hay datos que lo respalden\u201d, se\u00f1ala Linko. \u201cSi la ciudad puede ser m\u00e1s segura, est\u00e1 bien. Pero me parece que m\u00e1s bien es alguien que intenta empezar como lo hacen los reg\u00edmenes autoritarios. Puedo verlo replicando esto en Nueva York, Los \u00c1ngeles y San Francisco\u201d, opina. <\/p>\n<p class=\"\">Precisamente en esta \u00faltima ciudad californiana este lunes comenz\u00f3 el juicio contra la Administraci\u00f3n por <a href=\"https:\/\/elpais.com\/us\/2025-06-09\/el-despliegue-de-la-guardia-nacional-enfrenta-a-donald-trump-contra-las-autoridades-de-california.html\" target=\"_self\" rel=\"nofollow noopener\" title=\"https:\/\/elpais.com\/us\/2025-06-09\/el-despliegue-de-la-guardia-nacional-enfrenta-a-donald-trump-contra-las-autoridades-de-california.html\">el despliegue de la Guardia Nacional en Los \u00c1ngeles<\/a> que Trump orden\u00f3 en junio en respuesta a las protestas por las redadas contra migrantes. Unos 4.000 efectivos de la Guardia Nacional y 700 marines ocuparon la segunda ciudad m\u00e1s poblada del pa\u00eds. La mayor\u00eda de los efectivos ya se han marchado, pero a\u00fan quedan 250 miembros de la Guardia Nacional, seg\u00fan las \u00faltimas cifras proporcionadas por el Pent\u00e1gono.<\/p>\n<p class=\"\">Las declaraciones de Trump sobre la supuesta situaci\u00f3n de inseguridad generalizada en la capital de Estados Unidos se iniciaron a ra\u00edz de un ataque sufrido por un miembro del equipo de Elon Musk en el Departamento de Eficiencia Gubernamental (DOGE). Edward Coristine fue v\u00edctima de un intento de atraco con violencia y la polic\u00eda arrest\u00f3 a dos j\u00f3venes de 15 a\u00f1os como supuestos autores. La fiscal estadounidense Jeanine Pirro, designada por Trump y encargada de la mayor\u00eda de los delitos de D. C., afirm\u00f3 que la capital del pa\u00eds protege a los j\u00f3venes violentos. La semana pasada, se uni\u00f3 al presidente para abogar por que los adolescentes de 14 a\u00f1os sean juzgados como adultos (ahora, solo los j\u00f3venes de 15 a\u00f1os lo pueden ser).<\/p>\n<p class=\"\">Los residentes preguntados por este peri\u00f3dico reconocen que, como en toda ciudad, se cometen delitos, pero no se sienten inseguros. As\u00ed lo confirma tambi\u00e9n la estilista Markia Morris, nacida en D. C. hace 26 a\u00f1os. Acompa\u00f1ada por una ni\u00f1a de ocho a\u00f1os y su perro asegura que se siente muy segura en la ciudad. Tanto, que su hija puede ir al parque sola. \u201cWashington D. C. no es una zona peligrosa. Lo era antes, pero ya no. Hay muchos buenos lugares para vivir\u201d. Para ella, el despliegue de 800 efectivos de la Guardia Nacional \u201ces una locura\u201d.<\/p>\n<p>La toma de una ciudad dem\u00f3crata<\/p>\n<p class=\"\">Trump asegura que ni los turistas quieren visitar D. C. por la violencia. Pero varios que pasean por el National Mall, la explanada que se extiende entre la calle 3, cerca del Capitolio, y la 14, y re\u00fane museos, esculturas y monumentos conmemorativos, como el de Abraham Lincoln y el de Martin Luther King Jr, afirman lo contrario.<\/p>\n<p class=\"\">\u201cNo veo inseguridad en la calle, ni tampoco veo gente que te pueda perturbar la tranquilidad. No s\u00e9 por la noche, en barrios determinados\u2026\u201d, dice un turista espa\u00f1ol de 31 a\u00f1os que prefiere no ser reconocido porque trabaja para una empresa americana. La mujer que lo acompa\u00f1a opina que, por el contrario, <a href=\"https:\/\/elpais.com\/us\/2025-08-11\/las-politicas-de-trump-enfrian-el-verano-turistico-en-estados-unidos.html\" target=\"_self\" rel=\"nofollow noopener\" title=\"https:\/\/elpais.com\/us\/2025-08-11\/las-politicas-de-trump-enfrian-el-verano-turistico-en-estados-unidos.html\">las pol\u00edticas de la actual Administraci\u00f3n est\u00e1n espantando a los turistas<\/a>. \u201cHay espa\u00f1oles que no quieren venir a Estados Unidos por Donald Trump, por su pol\u00edtica\u201d.<\/p>\n<p class=\"\">\u201c\u00bfNo ser\u00e1 m\u00e1s bien un tema pol\u00edtico de que se quiera ganar los votos de la gente que vive aqu\u00ed?\u201d, se pregunta \u00e9l intentando encontrar una raz\u00f3n a la medida. Lo cierto es que en D. C. el republicano no lo tiene f\u00e1cil. M\u00e1s del 90% de los electores apoyaron a la candidata dem\u00f3crata, Kamala Harris,<a href=\"https:\/\/elpais.com\/internacional\/elecciones-usa\/\" target=\"_self\" rel=\"nofollow noopener\" title=\"https:\/\/elpais.com\/internacional\/elecciones-usa\/\"> en las elecciones de noviembre de 2024.<\/a> <\/p>\n<p class=\"\">Desde 1973, Washington D. C. ha funcionado bajo una forma de autogobierno limitado gracias a la Ley de Autonom\u00eda del Distrito de Columbia. En numerosas ocasiones, Trump ha lanzado amenazas contra la alcaldesa de la ciudad, la dem\u00f3crata Muriel Bowser, quien ya ha cedido a las presiones del presidente. Entre otras medidas, <a href=\"https:\/\/elpais.com\/us\/migracion\/2025-03-13\/trump-gana-una-batalla-en-washington-el-distrito-de-columbia-ya-no-quiere-definirse-como-ciudad-santuario.html\" target=\"_self\" rel=\"nofollow noopener\" title=\"https:\/\/elpais.com\/us\/migracion\/2025-03-13\/trump-gana-una-batalla-en-washington-el-distrito-de-columbia-ya-no-quiere-definirse-como-ciudad-santuario.html\">Bowser retir\u00f3 de D. C. la denominaci\u00f3n de ciudad santuario <\/a>que protege a los migrantes, en l\u00ednea con la campa\u00f1a antiinmigraci\u00f3n del republicano. <\/p>\n<p><img alt=\"Donald Trump\" decoding=\"auto\" class=\"_re lazyload a_m-h\" height=\"276\"  width=\"414\"  src=\"https:\/\/www.europesays.com\/es\/wp-content\/uploads\/2025\/08\/EOOTHDBCF5LYJNBAZ6FTVVACVM.jpg\" loading=\"lazy\"\/>Protesta en contra de la iniciativa de Trump, en Washington D.C. este lunes.Ken Cedeno (REUTERS)<\/p>\n<p class=\"\">Este lunes, la alcaldesa contest\u00f3 a la toma de control de la polic\u00eda local diciendo que cumplir\u00eda con la ley en lo que respecta a la \u201csupuesta emergencia\u201d, aunque indic\u00f3 que las acciones de Trump justificaban que el Distrito de Columbia fuera un Estado con protecci\u00f3n legal ante tales acciones. \u201cSi bien esta acci\u00f3n de hoy es inquietante y sin precedentes, no puedo decir que, dada la ret\u00f3rica del pasado, estemos totalmente sorprendidos\u201d, se\u00f1al\u00f3.<\/p>\n<p class=\"\">Adem\u00e1s de autorizar el despliegue de la Guardia Nacional, Trump, que estuvo flanqueado por la fiscal general, Pam Bondi, su secretario de defensa, Pete Hegseth, y el director del FBI, Kash Patel, anunci\u00f3 que desmantelar\u00e1 los campamentos de personas sin hogar, aunque no especific\u00f3 d\u00f3nde los realojar\u00eda.<\/p>\n<p class=\"\">Linko opina que los 700.000 habitantes de la ciudad no se alterar\u00e1n mucho con la presencia de los guardias porque, como n\u00facleo del poder pol\u00edtico, D. C. est\u00e1 acostumbrado a las visitas de l\u00edderes, a las manifestaciones y al aumento de seguridad por causa de ello, pero depender\u00e1 de c\u00f3mo act\u00faen.<\/p>\n<p class=\"\">\u201cSi empiezan a aparecer, como lo han hecho algunas tropas ahora o algunos<a href=\"https:\/\/elpais.com\/us\/migracion\/2025-08-11\/el-miedo-a-las-redadas-del-ice-augura-un-aumento-del-absentismo-en-el-regreso-a-clases.html\" target=\"_self\" rel=\"nofollow noopener\" title=\"https:\/\/elpais.com\/us\/migracion\/2025-08-11\/el-miedo-a-las-redadas-del-ice-augura-un-aumento-del-absentismo-en-el-regreso-a-clases.html\"> oficiales del ICE<\/a> (Servicio de Inmigraci\u00f3n y Control de Aduanas), entrando a lugares y agarrando a la gente al azar con m\u00e1scaras, se parece mucho a la transici\u00f3n de la Alemania de Weimar de 1933 a la siguiente fase, que no fue muy buena. Mi frustraci\u00f3n es que estas pol\u00edticas se basan en cifras fant\u00e1sticas que no tienen nada que ver con la ciencia. Son pura ciencia ficci\u00f3n, nada que ver con la historia\u201d, asegura.<\/p>\n","protected":false},"excerpt":{"rendered":"El presidente Donald Trump asegura que va a \u201cliberar\u201d a Washington D. C. del crimen. Para ello va&hellip;\n","protected":false},"author":2,"featured_media":42040,"comment_status":"","ping_status":"","sticky":false,"template":"","format":"standard","meta":{"footnotes":""},"categories":[42],"tags":[889,17,18,16765,20047,352,629,17920,13,14,11,61,62,63,64,19,20,9,10,15,16,586,20046,12,21,22,432,5224,2558,65,66,67],"class_list":{"0":"post-42039","1":"post","2":"type-post","3":"status-publish","4":"format-standard","5":"has-post-thumbnail","7":"category-internacional","8":"tag-america","9":"tag-breaking-news","10":"tag-breakingnews","11":"tag-delincuencia","12":"tag-delincuencia-juvenil","13":"tag-donald-trump","14":"tag-estados-unidos","15":"tag-fbi","16":"tag-featured-news","17":"tag-featurednews","18":"tag-headlines","19":"tag-internacional","20":"tag-international","21":"tag-international-news","22":"tag-internationalnews","23":"tag-latest-news","24":"tag-latestnews","25":"tag-news","26":"tag-noticias","27":"tag-noticias-destacadas","28":"tag-noticiasdestacadas","29":"tag-policia","30":"tag-seguridad-ciudadana","31":"tag-titulares","32":"tag-ultimas-noticias","33":"tag-ultimasnoticias","34":"tag-violencia","35":"tag-violencia-callejera","36":"tag-washington-d-c","37":"tag-world","38":"tag-world-news","39":"tag-worldnews"},"share_on_mastodon":{"url":"","error":""},"_links":{"self":[{"href":"https:\/\/www.europesays.com\/es\/wp-json\/wp\/v2\/posts\/42039","targetHints":{"allow":["GET"]}}],"collection":[{"href":"https:\/\/www.europesays.com\/es\/wp-json\/wp\/v2\/posts"}],"about":[{"href":"https:\/\/www.europesays.com\/es\/wp-json\/wp\/v2\/types\/post"}],"author":[{"embeddable":true,"href":"https:\/\/www.europesays.com\/es\/wp-json\/wp\/v2\/users\/2"}],"replies":[{"embeddable":true,"href":"https:\/\/www.europesays.com\/es\/wp-json\/wp\/v2\/comments?post=42039"}],"version-history":[{"count":0,"href":"https:\/\/www.europesays.com\/es\/wp-json\/wp\/v2\/posts\/42039\/revisions"}],"wp:featuredmedia":[{"embeddable":true,"href":"https:\/\/www.europesays.com\/es\/wp-json\/wp\/v2\/media\/42040"}],"wp:attachment":[{"href":"https:\/\/www.europesays.com\/es\/wp-json\/wp\/v2\/media?parent=42039"}],"wp:term":[{"taxonomy":"category","embeddable":true,"href":"https:\/\/www.europesays.com\/es\/wp-json\/wp\/v2\/categories?post=42039"},{"taxonomy":"post_tag","embeddable":true,"href":"https:\/\/www.europesays.com\/es\/wp-json\/wp\/v2\/tags?post=42039"}],"curies":[{"name":"wp","href":"https:\/\/api.w.org\/{rel}","templated":true}]}}