{"id":42054,"date":"2025-08-12T08:12:09","date_gmt":"2025-08-12T08:12:09","guid":{"rendered":"https:\/\/www.europesays.com\/es\/42054\/"},"modified":"2025-08-12T08:12:09","modified_gmt":"2025-08-12T08:12:09","slug":"la-historia-detras-de-la-insolita-llamada-de-donald-trump-a-emma-thompson-en-los-90-buscaba-una-buena-divorciada","status":"publish","type":"post","link":"https:\/\/www.europesays.com\/es\/42054\/","title":{"rendered":"La historia detr\u00e1s de la ins\u00f3lita llamada de Donald Trump a Emma Thompson en los 90: \u201cBuscaba una buena divorciada\u201d"},"content":{"rendered":"<p><img alt=\"Emma Thompson relat\u00f3 la inesperada\" class=\"global-image\" decoding=\"async\" fetchpriority=\"high\" height=\"1080\" loading=\"eager\" src=\"https:\/\/www.europesays.com\/es\/wp-content\/uploads\/2025\/08\/NAP4YPYIO5HERJKUO334QHTYU4.jpg\" width=\"1920\"\/>Emma Thompson relat\u00f3 la inesperada invitaci\u00f3n a cenar que recibi\u00f3 de Donald Trump durante el rodaje de \u00abPrimary Colors\u00bb (REUTERS)<\/p>\n<p class=\"paragraph\">La actriz brit\u00e1nica <a href=\"https:\/\/www.infobae.com\/que-puedo-ver\/2023\/08\/08\/emma-thompson-un-desnudo-total-y-el-desafio-de-un-personaje-que-tiene-su-primer-orgasmo-a-los-55-anos\/\" target=\"_blank\" rel=\"noreferrer nofollow noopener\" title=\"https:\/\/www.infobae.com\/que-puedo-ver\/2023\/08\/08\/emma-thompson-un-desnudo-total-y-el-desafio-de-un-personaje-que-tiene-su-primer-orgasmo-a-los-55-anos\/\">Emma Thompson<\/a> rememor\u00f3 en el Locarno Film Festival un episodio poco conocido relacionado con el presidente estadounidense <a href=\"https:\/\/www.infobae.com\/entretenimiento\/2025\/05\/16\/donald-trump-vuelve-a-arremeter-contra-taylor-swift-ella-ya-no-es-popular\/\" target=\"_blank\" rel=\"noreferrer nofollow noopener\" title=\"https:\/\/www.infobae.com\/entretenimiento\/2025\/05\/16\/donald-trump-vuelve-a-arremeter-contra-taylor-swift-ella-ya-no-es-popular\/\">Donald Trump<\/a>, ocurrido a finales de la d\u00e9cada de 1990.<\/p>\n<p class=\"paragraph\">Durante un conversatorio en Suiza, la artista, reconocida por su labor en el cine y el teatro, expuso los detalles de una invitaci\u00f3n a cenar que recibi\u00f3 directamente de <b>Trump <\/b>mientras trabajaba en el rodaje de la pel\u00edcula <b>Primary Colors<\/b>, adaptaci\u00f3n del libro hom\u00f3nimo de Joe Klein.<\/p>\n<p class=\"paragraph\">Seg\u00fan Thompson, la llamada se produjo en su camerino durante la filmaci\u00f3n de la cinta, que aborda la campa\u00f1a presidencial de Bill Clinton.<\/p>\n<p class=\"paragraph\">En ese sentido, relat\u00f3 que el tel\u00e9fono son\u00f3 en el interior de su tr\u00e1iler y, al contestar, se sorprendi\u00f3 por la identidad de su interlocutor.<\/p>\n<p class=\"paragraph\">\u201cEstaba en mi tr\u00e1iler un d\u00eda mientras hac\u00edamos esa pel\u00edcula y el tel\u00e9fono son\u00f3. Nadie hab\u00eda llamado antes a esa l\u00ednea, y dije: \u2018Hola\u2019. <b>\u2018Hola, habla Donald Trump\u2019, y pens\u00e9 que era una broma<\/b>\u201d, explic\u00f3 ante el auditorio del festival.<\/p>\n<p><img alt=\"En los a\u00f1os 90, Trump\" class=\"global-image\" decoding=\"async\" fetchpriority=\"low\" height=\"1080\" loading=\"lazy\" src=\"https:\/\/www.europesays.com\/es\/wp-content\/uploads\/2025\/08\/5LADNJXWHNG5BMCRWUFWWTRGIM.jpg\" width=\"1920\"\/>En los a\u00f1os 90, Trump la llam\u00f3 tras la formalizaci\u00f3n de su divorcio con Kenneth Branagh (Shutterstock)<\/p>\n<p class=\"paragraph\">Ante el desconcierto, <b>Emma Thompson <\/b>pregunt\u00f3 c\u00f3mo pod\u00eda ayudar, considerando que tal vez se trataba de alguien que necesitaba indicaciones para llegar a alg\u00fan lugar.<\/p>\n<p class=\"paragraph\">La respuesta de Trump, seg\u00fan la actriz, fue directa: \u201cMe encantar\u00eda que vinieras a quedarte en uno de mis hermosos lugares. <b>Tal vez podr\u00edamos cenar<\/b>\u201d, record\u00f3 que le propuso el magnate inmobiliario.<\/p>\n<p class=\"paragraph\">Ella replic\u00f3 agradeciendo la invitaci\u00f3n y concluy\u00f3 la conversaci\u00f3n con un cort\u00e9s: \u201cEso es muy dulce. Muchas gracias.<b> Ya te responder\u00e9<\/b>\u201d.<\/p>\n<p class=\"paragraph\">En sus declaraciones, la estrella de cine destac\u00f3 la sorpresa que le ocasion\u00f3 tanto la llamada como el momento en que se produjo.<\/p>\n<p class=\"paragraph\">\u201cLuego me di cuenta de que <b>ese mismo d\u00eda hab\u00eda llegado el decreto de mi divorcio<\/b>\u201d, dijo en referencia al final de su matrimonio con el actor y director <b>Kenneth Branagh<\/b>, ocurrido en 1995 despu\u00e9s de haberse casado en 1989.<\/p>\n<p><img alt=\"La actriz brit\u00e1nica asegur\u00f3 que\" class=\"global-image\" decoding=\"async\" fetchpriority=\"low\" height=\"2871\" loading=\"lazy\" src=\"https:\/\/www.europesays.com\/es\/wp-content\/uploads\/2025\/08\/7RIVIXFX6NDIHOIFZQP43KG7VE.jpg\" width=\"1920\"\/>La actriz brit\u00e1nica asegur\u00f3 que pens\u00f3 que la llamada era una broma y agradeci\u00f3, aunque nunca acept\u00f3 la invitaci\u00f3n (Shutterstock)<\/p>\n<p class=\"paragraph\">Thompson se\u00f1al\u00f3 que la coincidencia temporal pudo haber jugado un papel en la elecci\u00f3n de Trump para establecer contacto con ella. \u201cApuesto a que tiene gente buscando personas adecuadas para salir. <b>Una buena divorciada, eso era lo que buscaba<\/b>\u201d, reflexion\u00f3.<\/p>\n<p class=\"paragraph\"><b>Donald Trump<\/b>, por su parte, se encontraba en ese entonces todav\u00eda casado con <b>Marla Maples<\/b>, de quien se hab\u00eda separado en 1997. El divorcio de la pareja se oficializ\u00f3 en 1999.<\/p>\n<p class=\"paragraph\">La actriz tambi\u00e9n manten\u00eda una relaci\u00f3n estable con el actor <b>Greg Wise<\/b>, a quien conoci\u00f3 en el rodaje de <b>Sense and Sensibility<\/b> en 1995 y con quien m\u00e1s tarde contrajo matrimonio en 2003.<\/p>\n<p class=\"paragraph\">La an\u00e9cdota, compartida por <b>Emma Thompson<\/b> en varias ocasiones previas, como en una entrevista televisiva en 2017, ha sido motivo de reflexi\u00f3n y humor por parte de la estrella.<\/p>\n<p class=\"paragraph\">En la reciente charla en Locarno, afirm\u00f3: \u201cAs\u00ed que s\u00ed, podr\u00eda haber salido a cenar con Donald Trump. <b>\u00a1Podr\u00eda haber cambiado el curso de la historia estadounidense!<\/b>\u201d, exclam\u00f3 entre risas, aludiendo ir\u00f3nicamente a las posibles repercusiones de haber aceptado la invitaci\u00f3n.<\/p>\n<p><img alt=\"Emma Thompson sostuvo que nunca\" class=\"global-image\" decoding=\"async\" fetchpriority=\"low\" height=\"1321\" loading=\"lazy\" src=\"https:\/\/www.europesays.com\/es\/wp-content\/uploads\/2025\/08\/3BGM72YOHLUOYOAGGKXJMADDJ4.jpg\" width=\"1982\"\/>Emma Thompson sostuvo que nunca m\u00e1s tuvo contacto con Donald Trump y que ese ofrecimiento se mantuvo como una mera an\u00e9cdota (REUTERS\/Maja Smiejkowska)<\/p>\n<p class=\"paragraph\">Asimismo, asegur\u00f3 que nunca devolvi\u00f3 la llamada ni mantuvo posteriores contactos con el empresario.<\/p>\n<p class=\"paragraph\">Durante la misma intervenci\u00f3n en el Locarno Film Festival, Thompson ironiz\u00f3 sobre el hecho de que Trump obtuviera su n\u00famero privado en el set de <b>Primary Colors<\/b>, calific\u00e1ndolo como un acto de \u201cacoso\u201d.<\/p>\n<p class=\"paragraph\">A partir de ese contacto, elabor\u00f3 sobre el car\u00e1cter inesperado del acercamiento: \u201c<b>Encontr\u00f3 mi n\u00famero en mi tr\u00e1iler. Eso es acosar<\/b>\u201d.<\/p>\n<p class=\"paragraph\">En el contexto de la llamada, <b>Emma Thompson<\/b> llevaba una carrera consolidada y hab\u00eda finalizado recientemente un proceso personal dif\u00edcil.<\/p>\n<p class=\"paragraph\"><b>Donald Trump<\/b>, entonces empresario y figura de la sociedad neoyorquina, a\u00fan no hab\u00eda iniciado su proyecci\u00f3n en el mundo del entretenimiento ni su carrera pol\u00edtica.<\/p>\n","protected":false},"excerpt":{"rendered":"Emma Thompson relat\u00f3 la inesperada invitaci\u00f3n a cenar que recibi\u00f3 de Donald Trump durante el rodaje de \u00abPrimary&hellip;\n","protected":false},"author":2,"featured_media":42055,"comment_status":"","ping_status":"","sticky":false,"template":"","format":"standard","meta":{"footnotes":""},"categories":[174],"tags":[255,146,8117,147,25,24,406,256,23],"class_list":{"0":"post-42054","1":"post","2":"type-post","3":"status-publish","4":"format-standard","5":"has-post-thumbnail","7":"category-famosos","8":"tag-celebrities","9":"tag-entertainment","10":"tag-entertainment-and-lifestyle","11":"tag-entretenimiento","12":"tag-es","13":"tag-espana","14":"tag-europe","15":"tag-famosos","16":"tag-spain"},"share_on_mastodon":{"url":"","error":""},"_links":{"self":[{"href":"https:\/\/www.europesays.com\/es\/wp-json\/wp\/v2\/posts\/42054","targetHints":{"allow":["GET"]}}],"collection":[{"href":"https:\/\/www.europesays.com\/es\/wp-json\/wp\/v2\/posts"}],"about":[{"href":"https:\/\/www.europesays.com\/es\/wp-json\/wp\/v2\/types\/post"}],"author":[{"embeddable":true,"href":"https:\/\/www.europesays.com\/es\/wp-json\/wp\/v2\/users\/2"}],"replies":[{"embeddable":true,"href":"https:\/\/www.europesays.com\/es\/wp-json\/wp\/v2\/comments?post=42054"}],"version-history":[{"count":0,"href":"https:\/\/www.europesays.com\/es\/wp-json\/wp\/v2\/posts\/42054\/revisions"}],"wp:featuredmedia":[{"embeddable":true,"href":"https:\/\/www.europesays.com\/es\/wp-json\/wp\/v2\/media\/42055"}],"wp:attachment":[{"href":"https:\/\/www.europesays.com\/es\/wp-json\/wp\/v2\/media?parent=42054"}],"wp:term":[{"taxonomy":"category","embeddable":true,"href":"https:\/\/www.europesays.com\/es\/wp-json\/wp\/v2\/categories?post=42054"},{"taxonomy":"post_tag","embeddable":true,"href":"https:\/\/www.europesays.com\/es\/wp-json\/wp\/v2\/tags?post=42054"}],"curies":[{"name":"wp","href":"https:\/\/api.w.org\/{rel}","templated":true}]}}