{"id":42056,"date":"2025-08-12T08:13:15","date_gmt":"2025-08-12T08:13:15","guid":{"rendered":"https:\/\/www.europesays.com\/es\/42056\/"},"modified":"2025-08-12T08:13:15","modified_gmt":"2025-08-12T08:13:15","slug":"un-pueblo-de-aliste-en-zamora-se-transforma-en-un-museo-de-arte-al-aire-libre","status":"publish","type":"post","link":"https:\/\/www.europesays.com\/es\/42056\/","title":{"rendered":"Un pueblo de Aliste, en Zamora, se transforma en un museo de arte al aire libre"},"content":{"rendered":"<p class=\"ft-text\"><strong>La \u00abRaya\u00bb de Espa\u00f1a y Portugal <\/strong>cuenta desde hoy con un nuevo atractivo social, cultural y tur\u00edstico, con el <strong>Museo de Arte Mural al Aire Libre de Fonfr\u00eda de <\/strong><a class=\"ft-link ft-link--decoration\" href=\"https:\/\/www.laopiniondezamora.es\/tags\/aliste\/\" rel=\"nofollow noopener\" target=\"_blank\"><strong>Aliste<\/strong><\/a><strong>,<\/strong> que pasa a contar con <strong>15 obras de arte <\/strong>que se pueden visitar<strong> gratuitamente los 365 d\u00edas del a\u00f1o<\/strong> ya sea durante la jornada diurna o la nocturna.<\/p>\n<p class=\"ft-text\">Fonfr\u00eda de Aliste ha culminado con \u00e9xito el <strong>II Certamen de Arte Mural \u00abLa Magarza\u00bb <\/strong>desarrollado en colaboraci\u00f3n con el artista toresano <strong>Carlos Adeva Garc\u00eda durante<\/strong> los \u00faltimos d\u00edas en el <strong>paraje periurbano de \u00abLos Aguilones\u00bb <\/strong>y que este a\u00f1o se ha centrado en los <strong>oficios tradicionales de la mujer en el medio rural<\/strong>, como un reconocimiento a su aportaci\u00f3n humana, social, cultural, etnogr\u00e1fica, hist\u00f3rica y laboral al devenir y vida cotidiana de los pueblos de la que son parte vital.<\/p>\n<p><img decoding=\"async\" src=\"https:\/\/www.europesays.com\/es\/wp-content\/uploads\/2025\/08\/6a53996f-bc39-459f-9b05-9506aed10e7b_alta-libre-aspect-ratio_default_0.jpg\" width=\"1200\" height=\"1049\" alt=\"Fonfr\u00eda abre el primer Museo de Arte Mural al Aire Libre de Espa\u00f1a y Portugal\" class=\"ft-helper-img-rd\" loading=\"lazy\" hasdataaida=\"true\"\/><\/p>\n<p class=\"ft-helper-fontColor-quaternary ft-helper-fontSize-body-S ft-helper-spacer-t-xxs\">Fonfr\u00eda abre el primer Museo de Arte Mural al Aire Libre de Espa\u00f1a y Portugal <\/p>\n<p class=\"ft-text\">El certamen ha estado<strong> organizado por la asociaci\u00f3n cultural \u00abLa Magarza\u00bb<\/strong>, que preside Amparo Aparicio Leopoldo y el Ayuntamiento de Fonfr\u00eda del que es alcalde Sergio L\u00f3pez Vaquero, con la colaboraci\u00f3n de la <a class=\"ft-link ft-link--decoration\" href=\"https:\/\/www.laopiniondezamora.es\/tags\/ayuntamiento-de-zamora\/\" rel=\"nofollow noopener\" target=\"_blank\">Diputaci\u00f3n de Zamora<\/a>, Fundaci\u00f3n Caja Rural y Fundaci\u00f3n Fomento Hispania.<\/p>\n<p class=\"ft-text\">La organizaci\u00f3n puso a disposici\u00f3n de cada uno de los artistas para realizar <strong>su obra un muro de hormig\u00f3n prefabricado<\/strong> en color blanco de 3 por 2,5 metros donados por la <strong>Fundaci\u00f3n Fomento Hispania<\/strong>. Las obras realizadas durante el certamen quedan expuestas de <strong>manera permanente en su emplazamiento original <\/strong>y podr\u00e1n visitarse <strong>tanto de d\u00eda como de noche<\/strong> gracias a la iluminaci\u00f3n sufragada por la Diputaci\u00f3n de Zamora y montada por Inda Alvarez. Josico ha sido el encargado de grabar y realizar el documental sobre el Certamen de Murales.<\/p>\n<p><img decoding=\"async\" src=\"https:\/\/www.europesays.com\/es\/wp-content\/uploads\/2025\/08\/12df9640-0148-4e04-8703-21a8bbf7edeb_alta-libre-aspect-ratio_default_0.jpg\" width=\"1200\" height=\"1134\" alt=\"Fonfr\u00eda abre el primer Museo de Arte Mural al Aire Libre de Espa\u00f1a y Portugal\" class=\"ft-helper-img-rd\" loading=\"lazy\" hasdataaida=\"true\"\/><\/p>\n<p class=\"ft-helper-fontColor-quaternary ft-helper-fontSize-body-S ft-helper-spacer-t-xxs\">Fonfr\u00eda abre el primer Museo de Arte Mural al Aire Libre de Espa\u00f1a y Portugal <\/p>\n<p class=\"ft-text\">Los <strong>pintores de este a\u00f1o han llegado<\/strong> de <strong>Mil\u00e1n<\/strong> (Italia), <strong>Santander<\/strong> (Cantabria), <strong>Palma de Mallorca, Burgos y Le\u00f3n<\/strong>. Casualidades de la vida, por la Nacional 122 pasaba <strong>Estefano<\/strong>, un conocido empresario propietario de un conocido hotel en Basilea (Suiza) que <strong>par\u00f3 a ver a los pintores<\/strong>, all\u00ed estrecho lazos con el italiano \u00c1ngelo, quedando para hacer alg\u00fan trabajo en \u00abLos Alpes\u00bb.<\/p>\n<p><img decoding=\"async\" src=\"https:\/\/www.europesays.com\/es\/wp-content\/uploads\/2025\/08\/ea99917c-3a05-4b30-b881-67d5cd8331f0_alta-libre-aspect-ratio_default_0.jpg\" width=\"1200\" height=\"1162\" alt=\"Fonfr\u00eda abre el primer Museo de Arte Mural al Aire Libre de Espa\u00f1a y Portugal\" class=\"ft-helper-img-rd\" loading=\"lazy\" hasdataaida=\"true\"\/><\/p>\n<p class=\"ft-helper-fontColor-quaternary ft-helper-fontSize-body-S ft-helper-spacer-t-xxs\">Fonfr\u00eda abre el primer Museo de Arte Mural al Aire Libre de Espa\u00f1a y Portugal <\/p>\n<p class=\"ft-text\">Las cinco nuevas obras y sus autores son: \u00abMi abuela Paula\u00bb de <strong>Antonio Prieto<\/strong> (\u00abSure\u00bb) y <strong>Raquel Moledo Montiel <\/strong>(\u00abResp\u00fablica\u00bb), \u00abAlafarera\u00bb de <strong>Mar\u00eda Cuadrado<\/strong>, \u00abA la tierra hemos de volver\u00bb de <strong>Oniric Omnia<\/strong>, \u00abLa chica y los tomates\u00bb de <strong>NKS<\/strong> y \u00abAntes de aselar\u00bb de<strong> Mar Pajar\u00f3n<\/strong>.<\/p>\n<p class=\"ft-text\">El <strong>Museo de Arte Mural al Aire Libre \u00abLos Aguilones\u00bb <\/strong>se sit\u00faa <strong>a orillas de la carretera Nacional 122 en Fonfr\u00eda <\/strong>(entrada por el casco urbano) pudiendo ser visitado por aquellas personas que quieran conocer y disfrutar de los murales pintados en las dos primeras ediciones. La <strong>idea es ir conformando un museo laber\u00edntico <\/strong>que haga m\u00e1s amena y ordenada la visita.<\/p>\n<p>Carlos Adeva, al frente del jurado<\/p>\n<p class=\"ft-text\">Carlos Adeva Garc\u00eda<strong> naci\u00f3 en Toro en el a\u00f1o 1974 <\/strong>cursando sus estudios en la<strong> Escuela de Artes y Oficios de Salamanca<\/strong>, pasando luego por Par\u00eds y Tordesillas (Valladolid) hasta ubicarse en su tierra. Uno de sus campos de trabajo es el arte urbano trav\u00e9s de la<strong> realizaci\u00f3n de murales monumentales al aire libre <\/strong>en diversas localidades. Entre sus murales muy conocidos est\u00e1 en Aliste, el del de <strong>\u00abLos Carochos\u00bb de Riofr\u00edo<\/strong>, inspirado en el c<strong>\u00f3mic de \u00abLos Vengadores\u00bb<\/strong>. Durante estos \u00faltimos d\u00edas ha estado en <strong>Fonfr\u00eda permanentemente<\/strong> y con <strong>vistas al pr\u00f3ximo a\u00f1o 2026 desde La Magarza y el Ayuntamiento de Fonfr\u00eda<\/strong> ya se trabaja en la idea de organizar tambi\u00e9n una <strong>especie de taller muralista<\/strong> dirigido por Carlos Adeva Garc\u00eda.<\/p>\n<p data-close=\"closedContent\" class=\"closeContentEnd\">Suscr\u00edbete para seguir leyendo<\/p>\n","protected":false},"excerpt":{"rendered":"La \u00abRaya\u00bb de Espa\u00f1a y Portugal cuenta desde hoy con un nuevo atractivo social, cultural y tur\u00edstico, con&hellip;\n","protected":false},"author":2,"featured_media":42057,"comment_status":"","ping_status":"","sticky":false,"template":"","format":"standard","meta":{"footnotes":""},"categories":[173],"tags":[229,233,231,230,232,234,146,147,25,24,20060,2881,699,470,474,1462,23,14625],"class_list":{"0":"post-42056","1":"post","2":"type-post","3":"status-publish","4":"format-standard","5":"has-post-thumbnail","7":"category-arte-y-diseno","8":"tag-arte","9":"tag-arte-y-diseno","10":"tag-arts","11":"tag-arts-and-design","12":"tag-design","13":"tag-diseno","14":"tag-entertainment","15":"tag-entretenimiento","16":"tag-es","17":"tag-espana","18":"tag-fonfria","19":"tag-fundacion","20":"tag-grande","21":"tag-museo","22":"tag-obras","23":"tag-portugal","24":"tag-spain","25":"tag-transforma"},"share_on_mastodon":{"url":"","error":""},"_links":{"self":[{"href":"https:\/\/www.europesays.com\/es\/wp-json\/wp\/v2\/posts\/42056","targetHints":{"allow":["GET"]}}],"collection":[{"href":"https:\/\/www.europesays.com\/es\/wp-json\/wp\/v2\/posts"}],"about":[{"href":"https:\/\/www.europesays.com\/es\/wp-json\/wp\/v2\/types\/post"}],"author":[{"embeddable":true,"href":"https:\/\/www.europesays.com\/es\/wp-json\/wp\/v2\/users\/2"}],"replies":[{"embeddable":true,"href":"https:\/\/www.europesays.com\/es\/wp-json\/wp\/v2\/comments?post=42056"}],"version-history":[{"count":0,"href":"https:\/\/www.europesays.com\/es\/wp-json\/wp\/v2\/posts\/42056\/revisions"}],"wp:featuredmedia":[{"embeddable":true,"href":"https:\/\/www.europesays.com\/es\/wp-json\/wp\/v2\/media\/42057"}],"wp:attachment":[{"href":"https:\/\/www.europesays.com\/es\/wp-json\/wp\/v2\/media?parent=42056"}],"wp:term":[{"taxonomy":"category","embeddable":true,"href":"https:\/\/www.europesays.com\/es\/wp-json\/wp\/v2\/categories?post=42056"},{"taxonomy":"post_tag","embeddable":true,"href":"https:\/\/www.europesays.com\/es\/wp-json\/wp\/v2\/tags?post=42056"}],"curies":[{"name":"wp","href":"https:\/\/api.w.org\/{rel}","templated":true}]}}