{"id":42060,"date":"2025-08-12T08:15:13","date_gmt":"2025-08-12T08:15:13","guid":{"rendered":"https:\/\/www.europesays.com\/es\/42060\/"},"modified":"2025-08-12T08:15:13","modified_gmt":"2025-08-12T08:15:13","slug":"la-encrucijada-o-como-el-modelo-de-las-series-turcas-se-abre-paso-en-la-ficcion-espanola-television","status":"publish","type":"post","link":"https:\/\/www.europesays.com\/es\/42060\/","title":{"rendered":"\u2018La encrucijada\u2019 o c\u00f3mo el modelo de las series turcas se abre paso en la ficci\u00f3n espa\u00f1ola | Televisi\u00f3n"},"content":{"rendered":"<p class=\"\">Han pasado cinco a\u00f1os desde la gran apuesta de Antena 3 por las series turcas. En julio de 2020, el canal se lanz\u00f3 a <a href=\"https:\/\/elpais.com\/television\/2020-08-20\/verano-turco-para-la-television-espanola.html\" target=\"_blank\" rel=\"nofollow noopener\" title=\"https:\/\/elpais.com\/television\/2020-08-20\/verano-turco-para-la-television-espanola.html\">programar Mujer en el horario de m\u00e1xima audiencia<\/a>. Era la primera serie de este origen en colarse en la franja estelar en uno de los principales canales generalistas en abierto. <a href=\"https:\/\/elpais.com\/television\/2021-08-18\/el-imperio-de-las-series-turcas-se-expande-en-espana.html\" target=\"_self\" rel=\"nofollow noopener\" title=\"https:\/\/elpais.com\/television\/2021-08-18\/el-imperio-de-las-series-turcas-se-expande-en-espana.html\">Desde entonces han sido ya unas cuantas<\/a> las que han pasado por esa franja: Mi hija, Inocentes, Hermanos, Renacer, Una nueva vida\u2026 <a href=\"https:\/\/elpais.com\/television\/2023-03-10\/tierra-amarga-acaba-este-viernes-el-fin-del-fenomeno-turco-que-dinamito-la-batalla-de-audiencias-desde-la-tarde.html\" target=\"_self\" rel=\"nofollow noopener\" title=\"https:\/\/elpais.com\/television\/2023-03-10\/tierra-amarga-acaba-este-viernes-el-fin-del-fenomeno-turco-que-dinamito-la-batalla-de-audiencias-desde-la-tarde.html\">Tierra amarga<\/a> se hizo un hueco en las tardes de Antena 3. El \u00faltimo paso ha sido estrenar otra producci\u00f3n turca de corte hist\u00f3rico, Imperio, en el prime time de La Sexta. <\/p>\n<p class=\"\">Otros canales han intentado sumarse a esa luna de miel entre Espa\u00f1a y la producci\u00f3n televisiva otomana. Telecinco lo intent\u00f3 en 2021 con Love Is in the Air sin demasiado \u00e9xito (aunque s\u00ed dio muy buenos datos a Divinity). Incluso Netflix eligi\u00f3 Espa\u00f1a para el desarrollo de Si lo hubiera sabido, una comedia creada por <a href=\"https:\/\/elpais.com\/television\/2022-11-06\/la-mujer-detras-de-los-mayores-exitos-de-las-series-turcas-turcos-y-espanoles-nos-parecemos-muchisimo.html\" target=\"_self\" rel=\"nofollow noopener\" title=\"https:\/\/elpais.com\/television\/2022-11-06\/la-mujer-detras-de-los-mayores-exitos-de-las-series-turcas-turcos-y-espanoles-nos-parecemos-muchisimo.html\">Ece Y\u00f6ren\u00e7<\/a> (autora de Fatmag\u00fcl y S\u00fchan: Venganza y amor) y adaptada por Irma Correa, que recal\u00f3 en Espa\u00f1a despu\u00e9s de que <a href=\"https:\/\/elpais.com\/television\/2021-04-15\/netflix-rescata-en-espana-la-serie-que-no-pudo-hacer-en-turquia-por-tener-un-personaje-gay.html\" target=\"_blank\" rel=\"nofollow noopener\" title=\"https:\/\/elpais.com\/television\/2021-04-15\/netflix-rescata-en-espana-la-serie-que-no-pudo-hacer-en-turquia-por-tener-un-personaje-gay.html\">su producci\u00f3n fuera paralizada en Turqu\u00eda<\/a> por no cumplir con la orden del Gobierno turco de que se eliminase la homosexualidad de un personaje. <\/p>\n<p>M\u00e1s informaci\u00f3n<\/p>\n<p class=\"\">No pas\u00f3 mucho tiempo antes de que la producci\u00f3n nacional mirara hacia las historias provenientes de Turqu\u00eda en busca de inspiraci\u00f3n. <a href=\"https:\/\/elpais.com\/television\/2021-03-26\/alba-el-relato-de-la-cultura-de-la-violacion.html\" target=\"_self\" rel=\"nofollow noopener\" title=\"https:\/\/elpais.com\/television\/2021-03-26\/alba-el-relato-de-la-cultura-de-la-violacion.html\">Alba<\/a>, <a href=\"https:\/\/elpais.com\/television\/2021-09-04\/heridas-el-reverso-espanol-de-la-serie-turca-mujer-muestra-sus-propias-cicatrices.html\" target=\"_blank\" rel=\"nofollow noopener\" title=\"https:\/\/elpais.com\/television\/2021-09-04\/heridas-el-reverso-espanol-de-la-serie-turca-mujer-muestra-sus-propias-cicatrices.html\">Heridas<\/a>, e incluso <a href=\"https:\/\/elpais.com\/television\/2025-02-25\/como-suenos-de-libertad-se-convirtio-en-la-serie-espanola-mas-vista-de-la-television.html\" target=\"_blank\" rel=\"nofollow noopener\" title=\"https:\/\/elpais.com\/television\/2025-02-25\/como-suenos-de-libertad-se-convirtio-en-la-serie-espanola-mas-vista-de-la-television.html\">Sue\u00f1os de libertad<\/a> tienen su origen en series turcas para, en ocasiones, seguir despu\u00e9s derroteros diferentes. <\/p>\n<p class=\"\">La \u00faltima en llegar ha sido La encrucijada, la principal novedad que ha presentado la parrilla de Antena 3 este verano. La producci\u00f3n, que ha liderado casi todos los jueves su franja y que hasta el momento promedia un 11% de cuota de pantalla, tiene una peculiaridad que supone un paso m\u00e1s en el recorrido que est\u00e1 haciendo la producci\u00f3n de ficci\u00f3n televisiva espa\u00f1ola hacia el modelo turco: se encargaron 60 episodios para prime time. Es una cantidad de cap\u00edtulos nada habitual para una primera temporada en el horario de m\u00e1xima audiencia espa\u00f1ol y que se acerca a las extensiones de las telenovelas turcas: por ejemplo, Una nueva vida cuenta con 73 episodios y Hermanos tuvo 127. <\/p>\n<p><img alt=\"Rodrigo Guirao y \u00c1strid Janer, en 'La encrucijada'.\" decoding=\"auto\" class=\"_re lazyload a_m-h\" height=\"233\"  width=\"414\"  src=\"https:\/\/www.europesays.com\/es\/wp-content\/uploads\/2025\/08\/HQBL6QRQDRBL5CJCYMXWCKTTHI.jpg\" loading=\"lazy\"\/>Rodrigo Guirao y \u00c1strid Janer, en &#8216;La encrucijada&#8217;.<\/p>\n<p class=\"\">Montse Garc\u00eda, directora de Ficci\u00f3n de Atresmedia, explica la decisi\u00f3n: \u201cSiempre buscamos la manera de innovar y sorprender al espectador. En esta ocasi\u00f3n lo hemos hecho apostando por una serie de mayor duraci\u00f3n que combina la capacidad de enganche y fidelizaci\u00f3n de las series diarias por su largo recorrido con los valores de producci\u00f3n que el p\u00fablico espera de un estreno de prime time\u201d, cuenta por correo electr\u00f3nico. Los 60 episodios, de los que ya se han visto 14, se emitir\u00e1n sin parones. Si mantienen el ritmo de dos episodios de estreno a la semana, supondr\u00eda que el final se ver\u00e1 en diciembre. <\/p>\n<p class=\"\">La trama sigue a C\u00e9sar, un mexicano que regresa a Espa\u00f1a para vengarse del hombre que arruin\u00f3 a su padre y que termina enamor\u00e1ndose de la hija de su enemigo. Amor y venganza son algunos de los elementos habituales en las producciones turcas. \u201cRe\u00fanen muchos elementos cl\u00e1sicos de los melodramas, un g\u00e9nero que siempre ha conectado con el p\u00fablico espa\u00f1ol, pero con un estilo y exotismo propio. Adem\u00e1s, tienen un costumbrismo muy cercano y reconocible, plantean historias de superaci\u00f3n y empoderamiento con grandes romances y dilemas morales, lo que hace empatizar con el espectador\u201d, defiende Montse Garc\u00eda. La directora de Ficci\u00f3n de Atresmedia recuerda que producciones de otros pa\u00edses tambi\u00e9n han servido de inspiraci\u00f3n a recientes series espa\u00f1olas del grupo, como <a href=\"https:\/\/elpais.com\/television\/2020-04-17\/mentiras-sin-salirse-del-guion.html\" target=\"_blank\" rel=\"nofollow noopener\" title=\"https:\/\/elpais.com\/television\/2020-04-17\/mentiras-sin-salirse-del-guion.html\">Mentiras<\/a>, de origen brit\u00e1nico, o Entre tierras, que naci\u00f3 en Italia y que tendr\u00e1 una segunda temporada que no existe en la original. <\/p>\n<p class=\"\">Con un reparto que combina int\u00e9rpretes internacionales y espa\u00f1oles (Abel Folk, Antonio Vel\u00e1zquez, Paula Prendes, Crist\u00f3bal Su\u00e1rez, la andorrana \u00c1strid Janer, el argentino Rodrigo Guirao o la mexicana Samantha Siqueiros, entre otros), La encrucijada parece querer repetir el \u00e9xito de otras producciones de Atresmedia en plataformas. Este verano, \u00c1ngela, basada en <a href=\"https:\/\/elpais.com\/television\/2022-03-23\/angela-black-y-la-lacra-de-la-violencia-de-genero.html\" target=\"_blank\" rel=\"nofollow noopener\" title=\"https:\/\/elpais.com\/television\/2022-03-23\/angela-black-y-la-lacra-de-la-violencia-de-genero.html\">una serie brit\u00e1nica<\/a>, ha superado los 16 millones de reproducciones en Netflix, seg\u00fan datos de la propia plataforma, con varias semanas entre las series m\u00e1s vistas en todo el mundo de habla no inglesa. Antes fue Alba, adaptaci\u00f3n de una ficci\u00f3n turca, la que goz\u00f3 de una potente segunda vida internacional. Montse Garc\u00eda explica esta estrategia como un \u201cmodelo 360\u2033: \u201cPrimero, hago una serie que lanzamos en Atresplayer, despu\u00e9s la estrenamos en Antena 3, que es donde tendr\u00e1 su mayor exposici\u00f3n, y, por \u00faltimo, vendemos esa serie a un tercer operador para que inicie un viaje internacional. As\u00ed hemos conseguido hacer de nuestro modelo de producci\u00f3n un modelo sostenible\u201d, concluye. <\/p>\n","protected":false},"excerpt":{"rendered":"Han pasado cinco a\u00f1os desde la gran apuesta de Antena 3 por las series turcas. En julio de&hellip;\n","protected":false},"author":2,"featured_media":42061,"comment_status":"","ping_status":"","sticky":false,"template":"","format":"standard","meta":{"footnotes":""},"categories":[171],"tags":[4040,151,146,147,25,24,20061,6586,8190,8189,23,807,8584,214],"class_list":{"0":"post-42060","1":"post","2":"type-post","3":"status-publish","4":"format-standard","5":"has-post-thumbnail","7":"category-tv","8":"tag-antena-3","9":"tag-atresmedia","10":"tag-entertainment","11":"tag-entretenimiento","12":"tag-es","13":"tag-espana","14":"tag-produccion-audiovisual","15":"tag-series-drama","16":"tag-series-espanolas","17":"tag-series-television","18":"tag-spain","19":"tag-television","20":"tag-turquia","21":"tag-tv"},"share_on_mastodon":{"url":"","error":""},"_links":{"self":[{"href":"https:\/\/www.europesays.com\/es\/wp-json\/wp\/v2\/posts\/42060","targetHints":{"allow":["GET"]}}],"collection":[{"href":"https:\/\/www.europesays.com\/es\/wp-json\/wp\/v2\/posts"}],"about":[{"href":"https:\/\/www.europesays.com\/es\/wp-json\/wp\/v2\/types\/post"}],"author":[{"embeddable":true,"href":"https:\/\/www.europesays.com\/es\/wp-json\/wp\/v2\/users\/2"}],"replies":[{"embeddable":true,"href":"https:\/\/www.europesays.com\/es\/wp-json\/wp\/v2\/comments?post=42060"}],"version-history":[{"count":0,"href":"https:\/\/www.europesays.com\/es\/wp-json\/wp\/v2\/posts\/42060\/revisions"}],"wp:featuredmedia":[{"embeddable":true,"href":"https:\/\/www.europesays.com\/es\/wp-json\/wp\/v2\/media\/42061"}],"wp:attachment":[{"href":"https:\/\/www.europesays.com\/es\/wp-json\/wp\/v2\/media?parent=42060"}],"wp:term":[{"taxonomy":"category","embeddable":true,"href":"https:\/\/www.europesays.com\/es\/wp-json\/wp\/v2\/categories?post=42060"},{"taxonomy":"post_tag","embeddable":true,"href":"https:\/\/www.europesays.com\/es\/wp-json\/wp\/v2\/tags?post=42060"}],"curies":[{"name":"wp","href":"https:\/\/api.w.org\/{rel}","templated":true}]}}