{"id":420602,"date":"2026-02-28T00:27:09","date_gmt":"2026-02-28T00:27:09","guid":{"rendered":"https:\/\/www.europesays.com\/es\/420602\/"},"modified":"2026-02-28T00:27:09","modified_gmt":"2026-02-28T00:27:09","slug":"un-equipo-gallego-desvela-el-mecanismo-que-desata-el-caos-en-el-adn-del-cancer-la-voz-de-galicia","status":"publish","type":"post","link":"https:\/\/www.europesays.com\/es\/420602\/","title":{"rendered":"Un equipo gallego desvela el mecanismo que desata el caos en el ADN del c\u00e1ncer &#8211; La Voz de Galicia"},"content":{"rendered":"<ol>\n<li><a href=\"https:\/\/news.google.com\/rss\/articles\/CBMi2AFBVV95cUxOT2VvNkE2Yk5yN3AwdHZGcEV3a2ZaWlpLV0VVSHFTUGFWSnJaR3RDVzIzQ3pwUlRLNFZlemJGcTMzRzVIWlpRbks1dXcyR0NWR0VPd3RxeXR0MFNMV0dCMkhBZWM4NGotWW9HZmtBOTNLRGJaWENVZWZOYzFuTnI4MDRpdlRPUmV3MVRVWjN1b3V4MktPeXJwNUd6MWdKR0lDTTFGem84NlBNTl9td19PX1NTeGxKWGR1eDhxRTRaMndMeXhQeEk1YTZOWnJ0a2ZUczhtMEpLb1o?oc=5\" target=\"_blank\" rel=\"nofollow noopener\">Un equipo gallego desvela el mecanismo que desata el caos en el ADN del c\u00e1ncer<\/a>&nbsp;&nbsp;La Voz de Galicia<\/li>\n<li><a href=\"https:\/\/news.google.com\/rss\/articles\/CBMizwFBVV95cUxOVERLSjk5NXU2bWJsbjVfWnNrMDhhd2tkUzhtcGFyeDZwWnVZR21TOS11VV9kZDloYXlsRXV3R0J5T3FDbTlBSGpHVWsycldZc180SXVqNUIycXFlYW4xc0RLcGtJR2dleVJBY3F1MXFCQTdGNHFhc05xaktfR2FGYTB5MVV5YS1CZ0ZWbl9ScllzY2dOeV9GZWxzQTU5TTdUQTdTci1aNEdkZ3BKMG5zMDR6ZW0yR2N6Z3FDRmtNekRPcmJTMjI0SEs1OEtWLTA?oc=5\" target=\"_blank\" rel=\"nofollow noopener\">Unos virus primitivos que se propagan por el genoma humano, nuevo motor del c\u00e1ncer<\/a>&nbsp;&nbsp;EL PA\u00cdS<\/li>\n<li><a href=\"https:\/\/news.google.com\/rss\/articles\/CBMijgFBVV95cUxNSV84SUl3SjRlNWJWVUtxVVVPRU5lRkZkV2ptVU9Eb3FYbzRkVG5UMHVuZzlNYXk1WjRVZlR5X3Z2dTUtM01veHlldTZ4b1FrQzAyTk5RWEFMYmRDMkswdVF5VUpvTUtrQ2RPYWNKVlVIZVVURmVwRzVINXlBNGFoNk5iZi1NRVE5ZHcycVNn0gGOAUFVX3lxTFBaSFFXSHNFU2VyaV9FdXk3NjBpS01hSEc4ZGRBODFtZjdHZ25LZmJEUHZKajNJMEd0SzFkeEtXbzhpVlE3UkRqWmcwUEVGRmV3YlRLS09iekswdlRKRVU2dTBzOTA2dlM2b2djNTZ4TGVlY295eHktcmEtWXluQjhSNTEwTHZlNEI1VlY5aVE?oc=5\" target=\"_blank\" rel=\"nofollow noopener\">As\u00ed contribuyen al desarrollo y la progresi\u00f3n del c\u00e1ncer los &#8216;genes saltarines&#8217;<\/a>&nbsp;&nbsp;El Mundo<\/li>\n<li><a href=\"https:\/\/news.google.com\/rss\/articles\/CBMizAFBVV95cUxNemVSNUZhWFF0N2I1MTRHUTJRSWxYSmdxcjdZbXhVelEzY0N0c0hzX25ONDdydjE2WS02LTRNQ3ItRFFJQnNGUkYxc2ZmQkhscThTLThHVjVxaUVpVmdCS0N3aVJ6V0w3RGNXZ1N4eEFNYzdTNnhndU9tdW9TaGJlMm1uMXVTWGNTRUVMa2tlbWdlUHFkdmxoQ1VaX1h5Zzg1RWcyRDRBb203UnloejVlN09MZm1vVjdOWUd1ZW1vdmNqQmpRVHpYbm9kNGk?oc=5\" target=\"_blank\" rel=\"nofollow noopener\">La Xunta se\u00f1ala al equipo del CiMUS como ejemplo del talento de la I+G+i tras alcanzar un hito investigador sobre el c\u00e1ncer<\/a>&nbsp;&nbsp;Xunta de Galicia<\/li>\n<li><a href=\"https:\/\/news.google.com\/rss\/articles\/CBMi4wFBVV95cUxPQkNkSEpSaE1NRzh4bG1lYVhuSG9PVTUwbVZianZYbXVwN1BpUkgxNm9JLUZWMk50aUpYZ0E2MXF4MTlFWHktWmYzNkh0c29rTENWRDI0aDdjMXotMTcxOVN4MGp3QjRMZTNPVVozSy0tYmExYXpTUjhEVmtUV3hUVW9KRWNRYlByWVFwbS1Ud1dtSGE5azVsS1E1ZTJzbE9sR08tQUwycWRTdm9WM3dYTGJLdlZoUW9Tc3NoVWVoUUgwWGhuTFRXcnpCeFd6cTFuOF9Hd1IxTjl6N2RyVUJNd0xQUdIB6AFBVV95cUxOTmNSZ04wWFZJbkE5Rlc0UVNOQzZHMkhyWVF2SzRfNzRUM29IeWdtSTRINTlPT2ctZTlLNU9DZkdhVWpKUnpLSjd0a0hQTXN3MFVDT1NMdGNpb1Q4UjQyc0hEN0xTWTAycmxnQkMwT3NBTnlNd0NRNDFnZmM2RHlMellvNEQ4Sk9nMmlHTDM5NTdERHBabXdieFpVNVQyclAzczVJUzZCLVQ1SWtLV0NFcWRBYkJ2UHhrakEtRlg2V3p0YTBuS3lJWFZIU1dVcnhDNTdGaDV6MjJaa0U4ekZ2VXVIX2h2YU05?oc=5\" target=\"_blank\" rel=\"nofollow noopener\">Nuevu avance cient\u00edficu que podr\u00eda facilitar el diagn\u00f3sticu tempranu del c\u00e1ncer<\/a>&nbsp;&nbsp;rtpa.es<\/li>\n<\/ol>\n","protected":false},"excerpt":{"rendered":"Un equipo gallego desvela el mecanismo que desata el caos en el ADN del c\u00e1ncer&nbsp;&nbsp;La Voz de Galicia&hellip;\n","protected":false},"author":2,"featured_media":420603,"comment_status":"","ping_status":"","sticky":false,"template":"","format":"standard","meta":{"footnotes":""},"categories":[92],"tags":[8681,1066,25,24,26442,165,166,23,15503],"class_list":["post-420602","post","type-post","status-publish","format-standard","has-post-thumbnail","category-salud","tag-adn","tag-cancer","tag-es","tag-espana","tag-genoma","tag-health","tag-salud","tag-spain","tag-usc"],"share_on_mastodon":{"url":"https:\/\/pubeurope.com\/@es\/116145425636877558","error":""},"_links":{"self":[{"href":"https:\/\/www.europesays.com\/es\/wp-json\/wp\/v2\/posts\/420602","targetHints":{"allow":["GET"]}}],"collection":[{"href":"https:\/\/www.europesays.com\/es\/wp-json\/wp\/v2\/posts"}],"about":[{"href":"https:\/\/www.europesays.com\/es\/wp-json\/wp\/v2\/types\/post"}],"author":[{"embeddable":true,"href":"https:\/\/www.europesays.com\/es\/wp-json\/wp\/v2\/users\/2"}],"replies":[{"embeddable":true,"href":"https:\/\/www.europesays.com\/es\/wp-json\/wp\/v2\/comments?post=420602"}],"version-history":[{"count":0,"href":"https:\/\/www.europesays.com\/es\/wp-json\/wp\/v2\/posts\/420602\/revisions"}],"wp:featuredmedia":[{"embeddable":true,"href":"https:\/\/www.europesays.com\/es\/wp-json\/wp\/v2\/media\/420603"}],"wp:attachment":[{"href":"https:\/\/www.europesays.com\/es\/wp-json\/wp\/v2\/media?parent=420602"}],"wp:term":[{"taxonomy":"category","embeddable":true,"href":"https:\/\/www.europesays.com\/es\/wp-json\/wp\/v2\/categories?post=420602"},{"taxonomy":"post_tag","embeddable":true,"href":"https:\/\/www.europesays.com\/es\/wp-json\/wp\/v2\/tags?post=420602"}],"curies":[{"name":"wp","href":"https:\/\/api.w.org\/{rel}","templated":true}]}}