{"id":42062,"date":"2025-08-12T08:16:07","date_gmt":"2025-08-12T08:16:07","guid":{"rendered":"https:\/\/www.europesays.com\/es\/42062\/"},"modified":"2025-08-12T08:16:07","modified_gmt":"2025-08-12T08:16:07","slug":"taylor-swift-anuncia-su-nuevo-disco-the-life-of-a-showgirl-cultura","status":"publish","type":"post","link":"https:\/\/www.europesays.com\/es\/42062\/","title":{"rendered":"Taylor Swift anuncia su nuevo disco, \u2018The Life of a Showgirl\u2019 | Cultura"},"content":{"rendered":"<p class=\"\">La megaestrella del pop <a href=\"https:\/\/elpais.com\/noticias\/taylor-swift\/\" target=\"_self\" rel=\"nofollow noopener\" title=\"https:\/\/elpais.com\/noticias\/taylor-swift\/\">Taylor Swift<\/a>, de 35 a\u00f1os, ha anunciado este martes que va a sacar un nuevo disco, The Life of a Showgirl, el decimosegundo \u00e1lbum de estudio de su mete\u00f3rica carrera. Swift, que ha ganado 14 premios Grammy, incluidos cuatro al \u00e1lbum del a\u00f1o, dio la noticia durante una entrega del podcast New Heights, que protagonizan su novio, Travis Kelce, estrella del f\u00fatbol estadounidense, y el hermano de este, Jason.<\/p>\n<p>M\u00e1s informaci\u00f3n<\/p>\n<p class=\"\">La <a href=\"https:\/\/store.taylorswift.com\/\" target=\"_self\" rel=\"nofollow noopener\" title=\"https:\/\/store.taylorswift.com\/\">web oficial de Swift<\/a> informa de que la fecha oficial de lanzamiento del \u00e1lbum se anunciar\u00e1 m\u00e1s adelante. Lo que s\u00ed est\u00e1 disponible es una preventa hasta el 13 de agosto del disco: se puede comprar la versi\u00f3n en vinilo en su web por 30 d\u00f3lares (26 euros); en CD con un p\u00f3ster de Swift por 13 d\u00f3lares y tambi\u00e9n est\u00e1 la opci\u00f3n en casete por 20 d\u00f3lares.<\/p>\n<p class=\"\">En un v\u00eddeo publicado en las redes sociales, Swift aparece con su novio participando en el podcast y de repente saca un malet\u00edn verde con sus iniciales (TS) escritas en naranja y dice: \u201cEste es mi nuevo \u00e1lbum\u201d.<\/p>\n<p class=\"\">La artista estadounidense, nacida en West Reading, Pensilvania, cuya gira Eras es la primera que ha superado los 1.000 millones de d\u00f3lares en ingresos, publica disco despu\u00e9s de haber <a href=\"https:\/\/elpais.com\/cultura\/2025-05-30\/taylor-swift-recupera-los-derechos-de-sus-primeros-seis-discos.html\" target=\"_self\" rel=\"nofollow noopener\" title=\"https:\/\/elpais.com\/cultura\/2025-05-30\/taylor-swift-recupera-los-derechos-de-sus-primeros-seis-discos.html\">recuperado en mayo los derechos<\/a> de sus seis primeros \u00e1lbumes, tras una dura pelea con su antiguo sello discogr\u00e1fico, Big Machine, que hab\u00eda vendido el cat\u00e1logo en 2019.<\/p>\n<p class=\"\">Su anterior disco, titulado El departamento de poetas torturados (2024), logr\u00f3 el r\u00e9cord en Spotify con mil millones de reproducciones en una sola semana. Lo que, seg\u00fan la revista musical Billboard, fue \u201cla semana de streaming m\u00e1s grande de un \u00e1lbum\u201d. En ese mismo plazo vendi\u00f3 2,6 millones de discos en Estados Unidos.<\/p>\n<p class=\"\">Precisamente, el impacto econ\u00f3mico que generan sus giras en las econom\u00edas de las ciudades donde act\u00faa, con aumentos temporales de los precios en sectores como el de los viajes, la restauraci\u00f3n, hoteles y entretenimiento, ha llevado a algunos economistas a denominar este fen\u00f3meno como la \u201cSwiftflation\u201d, un juego de palabras entre su apellido e inflaci\u00f3n.<\/p>\n","protected":false},"excerpt":{"rendered":"La megaestrella del pop Taylor Swift, de 35 a\u00f1os, ha anunciado este martes que va a sacar un&hellip;\n","protected":false},"author":2,"featured_media":42063,"comment_status":"","ping_status":"","sticky":false,"template":"","format":"standard","meta":{"footnotes":""},"categories":[170],"tags":[3061,209,20062,146,147,25,24,184,185,6765,23,3945],"class_list":{"0":"post-42062","1":"post","2":"type-post","3":"status-publish","4":"format-standard","5":"has-post-thumbnail","7":"category-musica","8":"tag-cantantes","9":"tag-cultura","10":"tag-discos-musica","11":"tag-entertainment","12":"tag-entretenimiento","13":"tag-es","14":"tag-espana","15":"tag-music","16":"tag-musica","17":"tag-pop","18":"tag-spain","19":"tag-taylor-swift"},"share_on_mastodon":{"url":"","error":""},"_links":{"self":[{"href":"https:\/\/www.europesays.com\/es\/wp-json\/wp\/v2\/posts\/42062","targetHints":{"allow":["GET"]}}],"collection":[{"href":"https:\/\/www.europesays.com\/es\/wp-json\/wp\/v2\/posts"}],"about":[{"href":"https:\/\/www.europesays.com\/es\/wp-json\/wp\/v2\/types\/post"}],"author":[{"embeddable":true,"href":"https:\/\/www.europesays.com\/es\/wp-json\/wp\/v2\/users\/2"}],"replies":[{"embeddable":true,"href":"https:\/\/www.europesays.com\/es\/wp-json\/wp\/v2\/comments?post=42062"}],"version-history":[{"count":0,"href":"https:\/\/www.europesays.com\/es\/wp-json\/wp\/v2\/posts\/42062\/revisions"}],"wp:featuredmedia":[{"embeddable":true,"href":"https:\/\/www.europesays.com\/es\/wp-json\/wp\/v2\/media\/42063"}],"wp:attachment":[{"href":"https:\/\/www.europesays.com\/es\/wp-json\/wp\/v2\/media?parent=42062"}],"wp:term":[{"taxonomy":"category","embeddable":true,"href":"https:\/\/www.europesays.com\/es\/wp-json\/wp\/v2\/categories?post=42062"},{"taxonomy":"post_tag","embeddable":true,"href":"https:\/\/www.europesays.com\/es\/wp-json\/wp\/v2\/tags?post=42062"}],"curies":[{"name":"wp","href":"https:\/\/api.w.org\/{rel}","templated":true}]}}