{"id":42066,"date":"2025-08-12T08:18:10","date_gmt":"2025-08-12T08:18:10","guid":{"rendered":"https:\/\/www.europesays.com\/es\/42066\/"},"modified":"2025-08-12T08:18:10","modified_gmt":"2025-08-12T08:18:10","slug":"marti-torregrosa-leccion-de-clase-valentia-e-inteligencia-daniel-monfort-esta-vez-si","status":"publish","type":"post","link":"https:\/\/www.europesays.com\/es\/42066\/","title":{"rendered":"Mart\u00ed Torregrosa: lecci\u00f3n de clase, valent\u00eda e inteligencia; Daniel Monfort: esta vez, s\u00ed"},"content":{"rendered":"<p><strong>Personalidad, desparpajo, seguridad, confianza, valent\u00eda, madurez, clase, talento<\/strong>\u2026 Son algunas de las caracter\u00edsticas que se concentran en la figura de Mart\u00ed Torregrosa Pons (Vila-real, 18 a\u00f1os reci\u00e9n cumplidos). <strong>Por m\u00e9ritos propios, Mart\u00ed ya es una de las grandes sensaciones, de las gratas sorpresas, del FER 2025<\/strong>. Pese a su escasa estatura, ha elegido una prueba tan compleja como los 3.000 metros obst\u00e1culos. <strong>Y el pasado domingo, nos dej\u00f3 a todos boquiabiertos, perplejos.<\/strong> Dio toda una lecci\u00f3n. Sobre todo, de audacia, de valor, de atrevimiento. <strong>En la final de todo un Campeonato de Europa, estuvo entre los primeros desde el inicio de la carrera. <\/strong><\/p>\n<p><strong>A falta de una vuelta, lanz\u00f3 un poderoso ataque.<\/strong> Sac\u00f3 una considerable distancia a sus perseguidores. Vislumbr\u00f3 el oro. <strong>Acarici\u00f3 el t\u00edtulo<\/strong>. Por desgracia, una peque\u00f1a descoordinaci\u00f3n en el salto de la \u00faltima r\u00eda le penaliz\u00f3. <strong>En \u00faltima instancia, fue rebasado por el turco Kiyasettin Kara<\/strong>. Pese a todo, <strong>la medalla de plata continental sabe a gloria<\/strong> y mejora, con creces, la quinta plaza alcanzada en los 2.000m obst\u00e1culos del Europeo sub-18 del pasado a\u00f1o 2024.<\/p>\n","protected":false},"excerpt":{"rendered":"Personalidad, desparpajo, seguridad, confianza, valent\u00eda, madurez, clase, talento\u2026 Son algunas de las caracter\u00edsticas que se concentran en la&hellip;\n","protected":false},"author":2,"featured_media":42067,"comment_status":"","ping_status":"","sticky":false,"template":"","format":"standard","meta":{"footnotes":""},"categories":[93],"tags":[11485,168,25,24,23,167],"class_list":{"0":"post-42066","1":"post","2":"type-post","3":"status-publish","4":"format-standard","5":"has-post-thumbnail","7":"category-deportes","8":"tag-atletismo","9":"tag-deportes","10":"tag-es","11":"tag-espana","12":"tag-spain","13":"tag-sports"},"share_on_mastodon":{"url":"","error":""},"_links":{"self":[{"href":"https:\/\/www.europesays.com\/es\/wp-json\/wp\/v2\/posts\/42066","targetHints":{"allow":["GET"]}}],"collection":[{"href":"https:\/\/www.europesays.com\/es\/wp-json\/wp\/v2\/posts"}],"about":[{"href":"https:\/\/www.europesays.com\/es\/wp-json\/wp\/v2\/types\/post"}],"author":[{"embeddable":true,"href":"https:\/\/www.europesays.com\/es\/wp-json\/wp\/v2\/users\/2"}],"replies":[{"embeddable":true,"href":"https:\/\/www.europesays.com\/es\/wp-json\/wp\/v2\/comments?post=42066"}],"version-history":[{"count":0,"href":"https:\/\/www.europesays.com\/es\/wp-json\/wp\/v2\/posts\/42066\/revisions"}],"wp:featuredmedia":[{"embeddable":true,"href":"https:\/\/www.europesays.com\/es\/wp-json\/wp\/v2\/media\/42067"}],"wp:attachment":[{"href":"https:\/\/www.europesays.com\/es\/wp-json\/wp\/v2\/media?parent=42066"}],"wp:term":[{"taxonomy":"category","embeddable":true,"href":"https:\/\/www.europesays.com\/es\/wp-json\/wp\/v2\/categories?post=42066"},{"taxonomy":"post_tag","embeddable":true,"href":"https:\/\/www.europesays.com\/es\/wp-json\/wp\/v2\/tags?post=42066"}],"curies":[{"name":"wp","href":"https:\/\/api.w.org\/{rel}","templated":true}]}}